{"id":457758,"date":"2025-10-12T15:54:12","date_gmt":"2025-10-12T15:54:12","guid":{"rendered":"https:\/\/www.europesays.com\/fr\/457758\/"},"modified":"2025-10-12T15:54:12","modified_gmt":"2025-10-12T15:54:12","slug":"norvege-france-a-quelle-heure-et-sur-quelle-chaine-tv-voir-le-quart-de-finale-de-la-coupe-du-monde-u20","status":"publish","type":"post","link":"https:\/\/www.europesays.com\/fr\/457758\/","title":{"rendered":"Norv\u00e8ge-France\u00a0: \u00e0 quelle heure et sur quelle cha\u00eene TV voir le quart de finale de la Coupe du monde U20\u00a0?"},"content":{"rendered":"<p class=\"paragraph text_align_left lp-f-body-02\">Les Bleuets veulent continuer \u00e0 poursuivre leur r\u00eave de titre mondial. Apr\u00e8s un <a href=\"https:\/\/www.leparisien.fr\/sports\/football\/equipe-de-france\/malmenes-par-le-japon-les-bleuets-qualifies-au-bout-de-la-prolongation-pour-les-quarts-de-la-coupe-du-monde-u20-09-10-2025-2YIOX5544BCCFEJE2JR3S62BC4.php\" target=\"_self\" rel=\"noopener\">succ\u00e8s acquis dans la douleur contre le Japon<\/a> jeudi 9\u00a0octobre (1-0 a.p.), l\u2019\u00e9quipe de France des moins de 20\u00a0ans sera oppos\u00e9e \u00e0 la Norv\u00e8ge dans la nuit de dimanche \u00e0 lundi en quarts de finale de la Coupe du monde de la cat\u00e9gorie au Chili.<\/p>\n<p class=\"paragraph text_align_left lp-f-body-02\">Les co\u00e9quipiers de <a href=\"https:\/\/www.leparisien.fr\/sports\/football\/equipe-de-france\/le-petit-a-fait-fort-quand-meme-lisandru-olmeta-digne-heritier-de-son-pere-et-ange-gardien-des-bleuets-12-10-2025-EO3XUWN6WZE77OHK45I3N6JORE.php\" target=\"_self\" rel=\"noopener\">Lisandru Olmeta<\/a>, fils de l\u2019ancien portier des Bleus Pascal Olmeta et d\u00e9cisif face aux Nippons, seront oppos\u00e9s \u00e0 la Norv\u00e8ge, qui a \u00e9galement d\u00fb passer par les prolongations pour \u00e9liminer le Paraguay en huiti\u00e8mes de finale (1-0).<\/p>\n<p class=\"paragraph text_align_left lp-f-body-02\">Apr\u00e8s trois victoires en quatre matches, qui s\u2019ajoutent \u00e0 leur d\u00e9faite inaugurale contre les \u00c9tats-Unis (0-3), les joueurs de Bernard Diom\u00e8de tenteront de qualifier l\u2019\u00e9quipe de France U20 pour les demi-finales du Mondial pour la premi\u00e8re fois depuis 2013, lorsque <a href=\"https:\/\/www.leparisien.fr\/sports\/football\/equipe-de-france\/il-a-la-capacite-a-revenir-au-meilleur-niveau-pogba-de-retour-chez-les-bleus-mission-impossible-28-06-2025-ELXKEVUGCRAORFPJXIP7EPT63A.php\" target=\"_self\" rel=\"noopener\">Paul Pogba<\/a> et ses partenaires avaient \u00e9t\u00e9 sacr\u00e9s en Turquie apr\u00e8s un succ\u00e8s contre l\u2019Uruguay (0-0, 4 tirs au but \u00e0 1).<\/p>\n<p class=\"paragraph text_align_left lp-f-body-02\"><b>Le coup d\u2019envoi du match Norv\u00e8ge-France U20 est pr\u00e9vu dans la nuit du dimanche 12\u00a0octobre au lundi 13\u00a0octobre, \u00e0 1 heure du matin. La rencontre sera diffus\u00e9e sur La cha\u00eene L\u2019\u00c9quipe.<\/b><\/p>\n","protected":false},"excerpt":{"rendered":"Les Bleuets veulent continuer \u00e0 poursuivre leur r\u00eave de titre mondial. Apr\u00e8s un succ\u00e8s acquis dans la douleur&hellip;\n","protected":false},"author":2,"featured_media":457759,"comment_status":"","ping_status":"","sticky":false,"template":"","format":"standard","meta":{"footnotes":""},"categories":[4],"tags":[11,27345,63,1011,27,12,25,60],"class_list":{"0":"post-457758","1":"post","2":"type-post","3":"status-publish","4":"format-standard","5":"has-post-thumbnail","7":"category-france","8":"tag-actualites","9":"tag-equipe_france_foot","10":"tag-football","11":"tag-fr","12":"tag-france","13":"tag-news","14":"tag-republique-francaise","15":"tag-sports"},"share_on_mastodon":{"url":"https:\/\/pubeurope.com\/@fr\/115362009231512158","error":""},"_links":{"self":[{"href":"https:\/\/www.europesays.com\/fr\/wp-json\/wp\/v2\/posts\/457758","targetHints":{"allow":["GET"]}}],"collection":[{"href":"https:\/\/www.europesays.com\/fr\/wp-json\/wp\/v2\/posts"}],"about":[{"href":"https:\/\/www.europesays.com\/fr\/wp-json\/wp\/v2\/types\/post"}],"author":[{"embeddable":true,"href":"https:\/\/www.europesays.com\/fr\/wp-json\/wp\/v2\/users\/2"}],"replies":[{"embeddable":true,"href":"https:\/\/www.europesays.com\/fr\/wp-json\/wp\/v2\/comments?post=457758"}],"version-history":[{"count":0,"href":"https:\/\/www.europesays.com\/fr\/wp-json\/wp\/v2\/posts\/457758\/revisions"}],"wp:featuredmedia":[{"embeddable":true,"href":"https:\/\/www.europesays.com\/fr\/wp-json\/wp\/v2\/media\/457759"}],"wp:attachment":[{"href":"https:\/\/www.europesays.com\/fr\/wp-json\/wp\/v2\/media?parent=457758"}],"wp:term":[{"taxonomy":"category","embeddable":true,"href":"https:\/\/www.europesays.com\/fr\/wp-json\/wp\/v2\/categories?post=457758"},{"taxonomy":"post_tag","embeddable":true,"href":"https:\/\/www.europesays.com\/fr\/wp-json\/wp\/v2\/tags?post=457758"}],"curies":[{"name":"wp","href":"https:\/\/api.w.org\/{rel}","templated":true}]}}