{"id":457760,"date":"2025-10-12T15:55:11","date_gmt":"2025-10-12T15:55:11","guid":{"rendered":"https:\/\/www.europesays.com\/fr\/457760\/"},"modified":"2025-10-12T15:55:11","modified_gmt":"2025-10-12T15:55:11","slug":"entre-fierte-et-regrets-gilles-ostier-dit-adieu-au-golf-du-reginu","status":"publish","type":"post","link":"https:\/\/www.europesays.com\/fr\/457760\/","title":{"rendered":"Entre fiert\u00e9 et regrets, Gilles Ostier dit adieu au Golf du Reginu"},"content":{"rendered":"<p>Cela ressemble \u00e0 une journ\u00e9e d&rsquo;octobre ordinaire, au <strong>Golf du Reginu<\/strong>, lorsque <strong>Gilles Ostier<\/strong> arrive sur le parcours et accueille deux de ses \u00e9l\u00e8ves, Matteu et Louis, pour une s\u00e9ance m\u00ealant rigueur et jeux. Malgr\u00e9 une bonne humeur toujours intacte, l&rsquo;entra\u00eeneur sait que ces moments sont les derniers avec ses \u00e9l\u00e8ves balanins.<\/p>\n<p>En effet, \u00e0 la fin du mois, il ira distiller ses conseils dans le <strong>Loir-et-Cher<\/strong>. \u00c0 56 ans, le coach a l&rsquo;occasion de s&rsquo;offrir un nouveau challenge en professionnels. \u00ab\u00a0Je suis professionnel v\u00e9t\u00e9ran et j&rsquo;ai d\u00e9j\u00e0 entra\u00een\u00e9 des pros. Aujourd&rsquo;hui j&rsquo;ai la chance d&rsquo;avoir \u00e9t\u00e9 contact\u00e9 par le golf du <strong>Ch\u00e2teau de Cheverny<\/strong> pour entra\u00eener en 3e division, c&rsquo;est une proposition qu&rsquo;on ne peut pas refuser, d\u00e9clare l&rsquo;entra\u00eeneur. Avant de venir en Corse, j&rsquo;entra\u00eenais d\u00e9j\u00e0 des professionnels. C&rsquo;est donc un retour aux sources.\u00a0\u00bb<\/p>\n<p><a href=\"https:\/\/www.corsematin.com\/article\/culture-loisirs\/89771619333220\/haute-corse-le-golf-du-reginu-propose-une-journee-pour-les-plus-jeunes\" target=\"_blank\" rel=\"noopener\">\u00c0 LIRE AUSSI Haute-Corse\u00a0: le golf du Reginu propose une journ\u00e9e pour les plus jeunes<\/a><\/p>\n<p>Si le quinquag\u00e9naire est enchant\u00e9 \u00e0 l&rsquo;id\u00e9e de d\u00e9couvrir les greens de la Loire et de go\u00fbter \u00e0 nouveau au haut niveau, la s\u00e9paration avec le club et ses \u00e9l\u00e8ves est un cr\u00e8ve-c\u0153ur.\u00a0\u00ab\u00a0Je garde plein de bons souvenirs ici, se souvient-il avec \u00e9motion. Il y a les souvenirs au club avec les&#8230;<\/p>\n","protected":false},"excerpt":{"rendered":"Cela ressemble \u00e0 une journ\u00e9e d&rsquo;octobre ordinaire, au Golf du Reginu, lorsque Gilles Ostier arrive sur le parcours&hellip;\n","protected":false},"author":2,"featured_media":457761,"comment_status":"","ping_status":"","sticky":false,"template":"","format":"standard","meta":{"footnotes":""},"categories":[1418],"tags":[17,1687,2827,2834,38554,1011,27,7238,1472,58268,4055,58267,60],"class_list":{"0":"post-457760","1":"post","2":"type-post","3":"status-publish","4":"format-standard","5":"has-post-thumbnail","7":"category-golf","8":"tag-17","9":"tag-culture-loisirs","10":"tag-dit","11":"tag-entre","12":"tag-fierte","13":"tag-fr","14":"tag-france","15":"tag-gilles","16":"tag-golf","17":"tag-ostier","18":"tag-regrets","19":"tag-speloncato","20":"tag-sports"},"share_on_mastodon":{"url":"https:\/\/pubeurope.com\/@fr\/115362013204966303","error":""},"_links":{"self":[{"href":"https:\/\/www.europesays.com\/fr\/wp-json\/wp\/v2\/posts\/457760","targetHints":{"allow":["GET"]}}],"collection":[{"href":"https:\/\/www.europesays.com\/fr\/wp-json\/wp\/v2\/posts"}],"about":[{"href":"https:\/\/www.europesays.com\/fr\/wp-json\/wp\/v2\/types\/post"}],"author":[{"embeddable":true,"href":"https:\/\/www.europesays.com\/fr\/wp-json\/wp\/v2\/users\/2"}],"replies":[{"embeddable":true,"href":"https:\/\/www.europesays.com\/fr\/wp-json\/wp\/v2\/comments?post=457760"}],"version-history":[{"count":0,"href":"https:\/\/www.europesays.com\/fr\/wp-json\/wp\/v2\/posts\/457760\/revisions"}],"wp:featuredmedia":[{"embeddable":true,"href":"https:\/\/www.europesays.com\/fr\/wp-json\/wp\/v2\/media\/457761"}],"wp:attachment":[{"href":"https:\/\/www.europesays.com\/fr\/wp-json\/wp\/v2\/media?parent=457760"}],"wp:term":[{"taxonomy":"category","embeddable":true,"href":"https:\/\/www.europesays.com\/fr\/wp-json\/wp\/v2\/categories?post=457760"},{"taxonomy":"post_tag","embeddable":true,"href":"https:\/\/www.europesays.com\/fr\/wp-json\/wp\/v2\/tags?post=457760"}],"curies":[{"name":"wp","href":"https:\/\/api.w.org\/{rel}","templated":true}]}}