{"id":457766,"date":"2025-10-12T15:58:11","date_gmt":"2025-10-12T15:58:11","guid":{"rendered":"https:\/\/www.europesays.com\/fr\/457766\/"},"modified":"2025-10-12T15:58:11","modified_gmt":"2025-10-12T15:58:11","slug":"atp-shanghai-france-arthur-rinderknech-noublie-pas-lucas-pouille-apres-sa-defaite-en-finale-quand-nous-avons-commence-jetais-au-plus-bas-je-pensais-arreter-le-tennis-et-tu-as-cru-en-moi-t","status":"publish","type":"post","link":"https:\/\/www.europesays.com\/fr\/457766\/","title":{"rendered":"ATP &#8211; Shanghai, France > Arthur Rinderknech n&rsquo;oublie pas Lucas Pouille apr\u00e8s sa d\u00e9faite en finale : \u00ab\u00a0Quand nous avons commenc\u00e9, j&rsquo;\u00e9tais au plus bas. Je pensais arr\u00eater le tennis et tu as cru en moi, tu m&rsquo;as donn\u00e9 une chance, tu m&rsquo;as fait confiance\u00a0\u00bb"},"content":{"rendered":"<p>Forc\u00e9ment d\u00e9\u00e7u et \u00e9puis\u00e9 apr\u00e8s sa d\u00e9faite en finale du Masters 1000 de Shanghai face \u00e0 son cousin, Valentin Vacherot, Arthur Rinderknech a longue\u00adment remerci\u00e9 Lucas Pouille lors de son discours pendant la remise des\u00a0prix.<\/p>\n<p>Toujours en acti\u00advit\u00e9 mais s\u00e9rieu\u00adse\u00adment bless\u00e9 au tendon d\u2019Achille et au poignet, l\u2019an\u00adcien 10e mondial a accept\u00e9 au d\u00e9but de l\u2019\u00e9t\u00e9 d\u2019aider son compa\u00adtriote qui \u00e9tait alors en plein doute (il sera 28e mondial ce\u00a0lundi).\u00a0<\/p>\n<p><strong>\u00ab\u202fMerci \u00e0 Lucas [Pouille]. Nous avons commenc\u00e9 et j\u2019\u00e9tais au plus bas il y a cinq mois. Je pensais arr\u00eater le tennis \u00e0 un moment donn\u00e9 parce que je n\u2019en voyais plus l\u2019in\u00adt\u00e9r\u00eat et tu as cru en moi, tu m\u2019as donn\u00e9 une chance, tu m\u2019as fait confiance. Nous avons avanc\u00e9 et nous voil\u00e0, dans le top 30 quelque chose pour la fin de la saison. J\u2019esp\u00e8re que ce n\u2019est que le d\u00e9but. Je ne peux pas te remer\u00adcier assez\u2026 Rose [la fille de 4 ans de Lucas Pouille] m\u2019a donn\u00e9 un porte\u2010bonheur, et je pense que c\u2019est un bon. Merci\u2026 Merci \u00e0 ma femme, elle est incroyable. Merci \u00e0 tes parents [ceux de Vacherot], merci \u00e0 mes parents parce que nous sommes ici gr\u00e2ce \u00e0 eux. Merci \u00e0 toute ma famille.\u202f\u00bb<br \/><\/strong><\/p>\n<p class=\"post-published-date\" style=\"color: silver; font-size: 75%; text-align: left;\">Publi\u00e9 le dimanche 12 octobre 2025 \u00e0 16:10<\/p>\n","protected":false},"excerpt":{"rendered":"Forc\u00e9ment d\u00e9\u00e7u et \u00e9puis\u00e9 apr\u00e8s sa d\u00e9faite en finale du Masters 1000 de Shanghai face \u00e0 son cousin,&hellip;\n","protected":false},"author":2,"featured_media":457767,"comment_status":"","ping_status":"","sticky":false,"template":"","format":"standard","meta":{"footnotes":""},"categories":[1415],"tags":[1011,27,27435,60,1467],"class_list":{"0":"post-457766","1":"post","2":"type-post","3":"status-publish","4":"format-standard","5":"has-post-thumbnail","7":"category-tennis","8":"tag-fr","9":"tag-france","10":"tag-pouille","11":"tag-sports","12":"tag-tennis"},"share_on_mastodon":{"url":"https:\/\/pubeurope.com\/@fr\/115362024811756046","error":""},"_links":{"self":[{"href":"https:\/\/www.europesays.com\/fr\/wp-json\/wp\/v2\/posts\/457766","targetHints":{"allow":["GET"]}}],"collection":[{"href":"https:\/\/www.europesays.com\/fr\/wp-json\/wp\/v2\/posts"}],"about":[{"href":"https:\/\/www.europesays.com\/fr\/wp-json\/wp\/v2\/types\/post"}],"author":[{"embeddable":true,"href":"https:\/\/www.europesays.com\/fr\/wp-json\/wp\/v2\/users\/2"}],"replies":[{"embeddable":true,"href":"https:\/\/www.europesays.com\/fr\/wp-json\/wp\/v2\/comments?post=457766"}],"version-history":[{"count":0,"href":"https:\/\/www.europesays.com\/fr\/wp-json\/wp\/v2\/posts\/457766\/revisions"}],"wp:featuredmedia":[{"embeddable":true,"href":"https:\/\/www.europesays.com\/fr\/wp-json\/wp\/v2\/media\/457767"}],"wp:attachment":[{"href":"https:\/\/www.europesays.com\/fr\/wp-json\/wp\/v2\/media?parent=457766"}],"wp:term":[{"taxonomy":"category","embeddable":true,"href":"https:\/\/www.europesays.com\/fr\/wp-json\/wp\/v2\/categories?post=457766"},{"taxonomy":"post_tag","embeddable":true,"href":"https:\/\/www.europesays.com\/fr\/wp-json\/wp\/v2\/tags?post=457766"}],"curies":[{"name":"wp","href":"https:\/\/api.w.org\/{rel}","templated":true}]}}