{"id":457770,"date":"2025-10-12T16:01:12","date_gmt":"2025-10-12T16:01:12","guid":{"rendered":"https:\/\/www.europesays.com\/fr\/457770\/"},"modified":"2025-10-12T16:01:12","modified_gmt":"2025-10-12T16:01:12","slug":"mclaren-sacre-champion-du-monde-des-constructeurs-mais-qui-pour-le-titre-pilote","status":"publish","type":"post","link":"https:\/\/www.europesays.com\/fr\/457770\/","title":{"rendered":"McLaren sacr\u00e9 champion du monde des constructeurs, mais qui pour le titre pilote ?"},"content":{"rendered":"<p class=\"article-p mdl\">McLaren a d\u00e9croch\u00e9 pour la deuxi\u00e8me fois de son histoire une deuxi\u00e8me couronne mondiale cons\u00e9cutive, apr\u00e8s celle obtenue \u00e0 l&rsquo;issue des saisons 1990 et 1991 gr\u00e2ce \u00e0 Ayrton Senna et Alain Prost. C\u2019est aussi le dixi\u00e8me sacre de son histoire, ce qui la place \u00e0 la 2e place des \u00e9curies les plus titr\u00e9es en Formule 1, derri\u00e8re Ferrari et ses 16 titres.<\/p>\n<p class=\"article-p mdl\">L\u2019avance au championnat 2025 est tellement importante apr\u00e8s 18 Grands Prix (12 victoires et 28 podiums) que l\u2019\u00e9curie britannique a \u00e9t\u00e9 titr\u00e9e \u00e0 6 courses de la fin de la saison, dimanche 5 octobre \u00e0\u00a0Singapour.<\/p>\n<p class=\"article-p mdl\"><strong>\u00ab\u00a0C\u2019est m\u00e9rit\u00e9, mais il n\u2019y avait pas de suspense<\/strong>, explique Philippe Alliot,\u00a0ancien pilote de F1 pass\u00e9 par McLaren au milieu des ann\u00e9es 1990, au micro de RTL. \u00catre titr\u00e9 \u00e0 six courses de la fin c\u2019est par contre assez exceptionnel.\u00a0\u00bb<\/p>\n<p class=\"article-p mdl\">\u00ab\u00a0C\u2019est la prolongation du titre 2024, qui avait d\u00e9j\u00e0 \u00e9t\u00e9 historique, mais c\u2019est aussi le fruit du travail de toute une \u00e9quipe conduite par Zac Brown et Andrea Stella qui sont derri\u00e8re cette r\u00e9ussite\u00a0\u00bb, ajoute Jean-Michel Desnoues, grand reporter F1 \u00e0 Auto Hebdo.<\/p>\n<blockquote class=\"article-quote\">\n<p class=\"article-quote-text icon icon-quote-v2\">Pour moi Lando Norris est le mieux arm\u00e9<\/p>\n<p>Philippe Alliot, ancien pilote McLaren<\/p>\n<\/blockquote>\n<p class=\"article-p mdl\">Mais si le titre constructeur est d\u00e9j\u00e0 jou\u00e9, c\u2019est en revanche loin d\u2019\u00eatre fait du c\u00f4t\u00e9 du championnat pilotes. L\u2019Australien Oscar <strong>Piastri <\/strong>est toujours en t\u00eate, mais l\u2019\u00e9cart fond avec son co-\u00e9quipier puisque le Britannique Lando <strong>Norris <\/strong>est d\u00e9sormais \u00e0 22 points du leader. Quant \u00e0 Max\u00a0<a class=\"link\" href=\"https:\/\/www.rtl.fr\/sport\/autres-sports\/f1-max-verstappen-peut-il-encore-etre-champion-du-monde-en-fin-de-saison-7900547042\" title=\"F1 : Max Verstappen peut-il encore \u00eatre champion du monde en fin de saison ?\" target=\"_blank\" rel=\"noopener\">Verstappen<\/a>, il est toujours en embuscade et va tenter de poursuivre son incroyable \u00ab\u00a0remontada\u00a0\u00bb. Le N\u00e9erlandais pointe \u00e0 63 longueurs du leader. Il est toujours \u00e0 l&rsquo;aff\u00fbt d&rsquo;un cinqui\u00e8me titre d\u2019affil\u00e9 en cas de d\u00e9faillance des deux pilotes McLaren, puisqu\u2019il reste 174 points en jeu.<\/p>\n<p class=\"article-p mdl\">Pour\u00a0<\/p>\n<p>Philippe Alliot, \u00ab\u00a0Lando Norris est le mieux arm\u00e9 et il est plus complet qu\u2019Oscar Piastri, qui depuis quelques courses a des petites pertes de comp\u00e9titivit\u00e9. Mais rien n\u2019est jou\u00e9. \u00c7a va donner du <strong>piment <\/strong>\u00e0 la fin de saison, car n\u2019oublions pas Max Verstappen qui est un magicien et qu&rsquo;il va tout faire pour venir emb\u00eater les deux pilotes McLaren\u00a0\u00bb.<\/p>\n<p class=\"article-p mdl\">\u00ab\u00a0Il va falloir g\u00e9rer la pression et la fin de saison chez McLaren,\u00a0conclut Jean-Michel Desnoues.\u00a0Zac Brown va devoir donner des consignes claires pour \u00e9viter les tensions au sein du team, mais surtout entre les deux pilotes\u00a0\u00bb. Il reste donc<strong> 6 GP \u00e0 disputer<\/strong>, \u00e0 <strong>Austin <\/strong>au Texas le 19 octobre, puis au <strong>Mexique<\/strong>, au <strong>Br\u00e9sil<\/strong>, \u00e0 <strong>Las Vegas<\/strong>, au <strong>Qatar <\/strong>et pour terminer \u00e0<strong> Abu Dhabi<\/strong> le 7 d\u00e9cembre. Il y aura \u00e9galement 3 courses sprint, \u00e0 Austin, \u00e0 S\u00e3o Paulo et au Qatar.<\/p>\n<p>    La r\u00e9daction vous recommande<\/p>\n<p class=\"s-newsletter__title\">\n                L\u2019actualit\u00e9 par la r\u00e9daction de RTL dans votre bo\u00eete mail.\n            <\/p>\n<p class=\"s-newsletter__subtitle\">\n                Gr\u00e2ce \u00e0 votre compte RTL abonnez-vous \u00e0 la newsletter RTL info pour suivre toute l&rsquo;actualit\u00e9 au quotidien\n            <\/p>\n<p>\n                                    Lire la suite\n                                <\/p>\n","protected":false},"excerpt":{"rendered":"McLaren a d\u00e9croch\u00e9 pour la deuxi\u00e8me fois de son histoire une deuxi\u00e8me couronne mondiale cons\u00e9cutive, apr\u00e8s celle obtenue&hellip;\n","protected":false},"author":2,"featured_media":457771,"comment_status":"","ping_status":"","sticky":false,"template":"","format":"standard","meta":{"footnotes":""},"categories":[1412],"tags":[1451,107,2619,1452,1453,1454,1455,1011,27,2243,2236,4475,2241,60],"class_list":{"0":"post-457770","1":"post","2":"type-post","3":"status-publish","4":"format-standard","5":"has-post-thumbnail","7":"category-f1","8":"tag-f1","9":"tag-fil-info","10":"tag-fil-sport","11":"tag-formula-1","12":"tag-formula1","13":"tag-formule-1","14":"tag-formule1","15":"tag-fr","16":"tag-france","17":"tag-lando-norris","18":"tag-max-verstappen","19":"tag-mclaren","20":"tag-oscar-piastri","21":"tag-sports"},"share_on_mastodon":{"url":"https:\/\/pubeurope.com\/@fr\/115362036714995932","error":""},"_links":{"self":[{"href":"https:\/\/www.europesays.com\/fr\/wp-json\/wp\/v2\/posts\/457770","targetHints":{"allow":["GET"]}}],"collection":[{"href":"https:\/\/www.europesays.com\/fr\/wp-json\/wp\/v2\/posts"}],"about":[{"href":"https:\/\/www.europesays.com\/fr\/wp-json\/wp\/v2\/types\/post"}],"author":[{"embeddable":true,"href":"https:\/\/www.europesays.com\/fr\/wp-json\/wp\/v2\/users\/2"}],"replies":[{"embeddable":true,"href":"https:\/\/www.europesays.com\/fr\/wp-json\/wp\/v2\/comments?post=457770"}],"version-history":[{"count":0,"href":"https:\/\/www.europesays.com\/fr\/wp-json\/wp\/v2\/posts\/457770\/revisions"}],"wp:featuredmedia":[{"embeddable":true,"href":"https:\/\/www.europesays.com\/fr\/wp-json\/wp\/v2\/media\/457771"}],"wp:attachment":[{"href":"https:\/\/www.europesays.com\/fr\/wp-json\/wp\/v2\/media?parent=457770"}],"wp:term":[{"taxonomy":"category","embeddable":true,"href":"https:\/\/www.europesays.com\/fr\/wp-json\/wp\/v2\/categories?post=457770"},{"taxonomy":"post_tag","embeddable":true,"href":"https:\/\/www.europesays.com\/fr\/wp-json\/wp\/v2\/tags?post=457770"}],"curies":[{"name":"wp","href":"https:\/\/api.w.org\/{rel}","templated":true}]}}