{"id":457776,"date":"2025-10-12T16:04:11","date_gmt":"2025-10-12T16:04:11","guid":{"rendered":"https:\/\/www.europesays.com\/fr\/457776\/"},"modified":"2025-10-12T16:04:11","modified_gmt":"2025-10-12T16:04:11","slug":"sondage-la-popularite-de-sebastien-lecornu-grimpe-quand-celle-des-tenors-de-lex-socle-commun-seffondre","status":"publish","type":"post","link":"https:\/\/www.europesays.com\/fr\/457776\/","title":{"rendered":"Sondage : la popularit\u00e9 de S\u00e9bastien Lecornu grimpe, quand celle des t\u00e9nors de l&rsquo;ex-socle commun s&rsquo;effondre"},"content":{"rendered":"<ul class=\"jsx-862013697 ArticleChapo__List\">\n<li class=\"jsx-862013697 ArticleChapo__List_Item flex\">S\u00e9bastien Lecornu voit sa popularit\u00e9 grimper de 11 points, selon un sondage Ipsos BVA pour La Tribune Dimanche.<\/li>\n<li class=\"jsx-862013697 ArticleChapo__List_Item flex\">\u00c0 l&rsquo;inverse, Bruno Retailleau, Edouard Philippe, Gabriel Attal et G\u00e9rald Darmanin chutent.<\/li>\n<li class=\"jsx-862013697 ArticleChapo__List_Item flex\">Tous les quatre membres du socle commun p\u00e2tissent de la crise politique en cours.<\/li>\n<\/ul>\n<p><a href=\"https:\/\/www.tf1info.fr\/actualite\/la-page-francois-bayrou-se-tourne-sebastien-lecornu-nouveau-premier-ministre-14339\/\" rel=\"noopener\" class=\"jsx-484472199 Link jsx-1428418400 jsx-2392744303\" target=\"_blank\"><\/p>\n<p style=\"font-weight:400\" class=\"jsx-1837267516\">Suivez la couverture compl\u00e8te<\/p>\n<p style=\"font-weight:800\" class=\"jsx-1837267516\">Apr\u00e8s sa d\u00e9mission, S\u00e9bastien Lecornu finalement reconduit \u00e0 Matignon par Emmanuel Macron<\/p>\n<p><\/a><\/p>\n<p data-module=\"article-paragraph\" class=\"jsx-3046738180 Paragraph Paragraph__End\">Les leaders du d\u00e9sormais ex-socle commun font les frais du chaos politique\u2026 sauf S\u00e9bastien Lecornu. En effet, selon un <a href=\"https:\/\/www.ipsos.com\/fr-fr\/barometre-politique-ipsos-bva-la-tribune-dimanche?mkt_tok=Mjk3LUNYSi03OTUAAAGddBlPSGDb0nIH3HFLlLwaO4hN0GiRUuqlX_x9UtVL9SC2MsBuuU685EhZkqWIoXG8zJtzZfiI9CoX_ZMynRAubtxsArOxd1_ABAJC5v-DfsWlqg\" target=\"_blank\" rel=\"nofollow noopener\">sondage Ipsos BVA-CESI (nouvelle fen\u00eatre)<\/a> publi\u00e9 par <a href=\"https:\/\/www.latribune.fr\/article\/la-tribune-dimanche\/politique\/89158991295367\/barometre-politique-sebastien-lecornu-gagne-11-points-de-popularite\" target=\"_blank\" rel=\"nofollow noopener\">La Tribune Dimanche (nouvelle fen\u00eatre)<\/a>, le Premier ministre S\u00e9bastien Lecornu gagne 11 points d&rsquo;opinions favorables en un mois, \u00e0 27%. Cette enqu\u00eate a \u00e9t\u00e9 r\u00e9alis\u00e9e avant sa reconduction contre toute attente vendredi soir au poste de Premier ministre par Emmanuel Macron. La cote de popularit\u00e9 du pr\u00e9sident de la R\u00e9publique, elle, reste tr\u00e8s basse \u00e0 19% (+2 points).<\/p>\n<p>Retailleau, Philippe, Attal et Darmanin plongent<\/p>\n<p data-module=\"article-paragraph\" class=\"jsx-3046738180 Paragraph\">\u00c0 l&rsquo;inverse de S\u00e9bastien Lecornu, la popularit\u00e9 des t\u00e9nors de l&rsquo;ex-socle commun \u2013 <a href=\"https:\/\/www.tf1info.fr\/politique\/video-tf1-d-edouard-philippe-a-gabriel-attal-emmanuel-macron-est-il-lache-par-son-camp-demission-lecornu-2399088.html\" target=\"_blank\" rel=\"noopener\">Edouard Philippe (nouvelle fen\u00eatre)<\/a>, <a href=\"https:\/\/www.tf1info.fr\/politique\/crise-politique-demission-lecornu-je-ne-comprends-plus-les-decisions-du-president-sur-tf1-gabriel-attal-acte-sa-prise-de-distance-avec-emmanuel-macron-2398952.html\" target=\"_blank\" rel=\"noopener\">Gabriel Attal (nouvelle fen\u00eatre)<\/a>, <a href=\"https:\/\/www.tf1info.fr\/politique\/demission-de-sebastien-lecornu-retailleau-ne-se-sent-pas-du-tout-responsable-2398901.html\" target=\"_blank\" rel=\"noopener\">Bruno Retailleau (nouvelle fen\u00eatre)<\/a>, G\u00e9rald Darmanin \u2013 est en forte baisse. Les quatre responsables appartenant \u00e0 la coalition du centre et de la droite qui soutenait les gouvernements Barnier et Bayrou depuis la dissolution provoqu\u00e9e par Emmanuel Macron apparaissent comme les principaux perdants de la crise politique qui a suivi l&rsquo;annonce du gouvernement de S\u00e9bastien Lecornu dimanche 5 octobre, puis sa d\u00e9mission du poste de Premier ministre le lendemain.\u00a0<\/p>\n<p data-module=\"article-paragraph\" class=\"jsx-3046738180 Paragraph Paragraph__End\">Bruno Retailleau, pr\u00e9sident des R\u00e9publicains et ministre d\u00e9missionnaire de l&rsquo;Int\u00e9rieur, enregistre en un mois une chute de 7 points, \u00e0 20% de personnes interrog\u00e9es souhaitant le voir acc\u00e9der \u00e0 l&rsquo;\u00c9lys\u00e9e. Sur cette m\u00eame question, les ex-Premiers ministres Edouard Philippe (Horizons) et Gabriel Attal (Renaissance) perdent respectivement 3 points \u00e0 22% et 5 points \u00e0 19%. Quant au ministre d\u00e9missionnaire de la Justice G\u00e9rald Darmanin, il recule aussi de 5 points \u00e0 19%. Pour les t\u00e9nors du socle commun, \u00ab\u00a0c&rsquo;est une v\u00e9ritable d\u00e9culott\u00e9e\u00a0\u00bb, estime, dans La Tribune Dimanche, Brice Teinturier, directeur g\u00e9n\u00e9ral d\u00e9l\u00e9gu\u00e9 d&rsquo;Ipsos. \u00ab\u00a0Ces personnages ont tous donn\u00e9 aux Fran\u00e7ais le sentiment d&rsquo;\u00eatre dans des bisbilles personnelles, d&rsquo;avoir ajout\u00e9 au d\u00e9sordre national pour des enjeux de campagne pr\u00e9sidentielle\u00a0\u00bb, ajoute-t-il.<\/p>\n<p data-module=\"article-paragraph\" class=\"jsx-3046738180 Paragraph Paragraph__End\"><a href=\"https:\/\/www.tf1info.fr\/politique\/nouveau-gouvernement-mecontent-du-gouvernement-sebastien-lecornu-bruno-retailleau-convoque-une-reunion-d-urgence-a-lr-lundi-2398757.html\" target=\"_blank\" rel=\"noopener\">Bruno Retailleau a pr\u00e9cipit\u00e9 la d\u00e9mission de S\u00e9bastien Lecornu (nouvelle fen\u00eatre)<\/a>, lundi dernier, quelques heures apr\u00e8s la pr\u00e9sentation de son gouvernement. De leur c\u00f4t\u00e9, Gabriel Attal et Edouard Philippe ont pris tr\u00e8s nettement leurs distances avec Emmanuel Macron, le second se pronon\u00e7ant m\u00eame pour une \u00e9lection pr\u00e9sidentielle anticip\u00e9e.<\/p>\n<p><a href=\"https:\/\/www.tf1info.fr\/politique\/en-direct-sebastien-lecornu-renomme-premier-ministre-par-emmanuel-macron-nouveau-gouvernement-budget-les-dernieres-informations-samedi-11-octobre-2025-2399955.html\" rel=\"noopener\" class=\"jsx-3308031228 Link flex\" target=\"_blank\"><img decoding=\"async\" src=\"https:\/\/www.europesays.com\/fr\/wp-content\/uploads\/2025\/10\/sebastien-lecornu-premier-ministre-1-77c096-0@1x.jpeg\" alt=\"S\u00e9bastien Lecornu le 6 octobre 2025.\" loading=\"lazy\" importance=\"low\" fetchpriority=\"low\" class=\"\" aria-hidden=\"true\"\/><\/p>\n<p class=\"jsx-3657663356 ReadMoreArticle__Title\">Lire aussi<\/p>\n<p class=\"jsx-3657663356\">La nomination du gouvernement Lecornu II pr\u00e9vue au plus t\u00f4t en d\u00e9but de semaine prochaine<\/p>\n<p><\/a><\/p>\n<p data-module=\"article-paragraph\" class=\"jsx-3046738180 Paragraph Paragraph__End\"><strong>*Sondage r\u00e9alis\u00e9 les 9 et 10 octobre sur un \u00e9chantillon de 1.000 personnes \u00e2g\u00e9es de 18 ans et plus, repr\u00e9sentatif de la population fran\u00e7aise, interrog\u00e9 en ligne selon la m\u00e9thode des quotas.<\/strong><\/p>\n<p>Antoine LLORCA avec AFP<\/p>\n","protected":false},"excerpt":{"rendered":"S\u00e9bastien Lecornu voit sa popularit\u00e9 grimper de 11 points, selon un sondage Ipsos BVA pour La Tribune Dimanche.&hellip;\n","protected":false},"author":2,"featured_media":442188,"comment_status":"","ping_status":"","sticky":false,"template":"","format":"standard","meta":{"footnotes":""},"categories":[1359],"tags":[1111,11,58269,1921,1013,58,3080,1073,59,1011,27,4410,432,1922,973,11067,58270,133,4530],"class_list":{"0":"post-457776","1":"post","2":"type-post","3":"status-publish","4":"format-standard","5":"has-post-thumbnail","7":"category-people","8":"tag-actu","9":"tag-actualites","10":"tag-apres-sa-demission","11":"tag-article-video","12":"tag-bruno-retailleau","13":"tag-divertissement","14":"tag-edouard-philippe","15":"tag-emmanuel-macron","16":"tag-entertainment","17":"tag-fr","18":"tag-france","19":"tag-gabriel-attal","20":"tag-gerald-darmanin","21":"tag-info","22":"tag-people","23":"tag-sebastien-lecornu","24":"tag-sebastien-lecornu-finalement-reconduit-a-matignon-par-emmanuel-macron","25":"tag-video","26":"tag-video-politique"},"share_on_mastodon":{"url":"https:\/\/pubeurope.com\/@fr\/115362049237446170","error":""},"_links":{"self":[{"href":"https:\/\/www.europesays.com\/fr\/wp-json\/wp\/v2\/posts\/457776","targetHints":{"allow":["GET"]}}],"collection":[{"href":"https:\/\/www.europesays.com\/fr\/wp-json\/wp\/v2\/posts"}],"about":[{"href":"https:\/\/www.europesays.com\/fr\/wp-json\/wp\/v2\/types\/post"}],"author":[{"embeddable":true,"href":"https:\/\/www.europesays.com\/fr\/wp-json\/wp\/v2\/users\/2"}],"replies":[{"embeddable":true,"href":"https:\/\/www.europesays.com\/fr\/wp-json\/wp\/v2\/comments?post=457776"}],"version-history":[{"count":0,"href":"https:\/\/www.europesays.com\/fr\/wp-json\/wp\/v2\/posts\/457776\/revisions"}],"wp:featuredmedia":[{"embeddable":true,"href":"https:\/\/www.europesays.com\/fr\/wp-json\/wp\/v2\/media\/442188"}],"wp:attachment":[{"href":"https:\/\/www.europesays.com\/fr\/wp-json\/wp\/v2\/media?parent=457776"}],"wp:term":[{"taxonomy":"category","embeddable":true,"href":"https:\/\/www.europesays.com\/fr\/wp-json\/wp\/v2\/categories?post=457776"},{"taxonomy":"post_tag","embeddable":true,"href":"https:\/\/www.europesays.com\/fr\/wp-json\/wp\/v2\/tags?post=457776"}],"curies":[{"name":"wp","href":"https:\/\/api.w.org\/{rel}","templated":true}]}}