{"id":457789,"date":"2025-10-12T16:11:11","date_gmt":"2025-10-12T16:11:11","guid":{"rendered":"https:\/\/www.europesays.com\/fr\/457789\/"},"modified":"2025-10-12T16:11:11","modified_gmt":"2025-10-12T16:11:11","slug":"trentin-devance-laporte-et-a-philipsen-pour-sa-troisieme-victoire","status":"publish","type":"post","link":"https:\/\/www.europesays.com\/fr\/457789\/","title":{"rendered":"Trentin devance Laporte et A.Philipsen pour sa troisi\u00e8me victoire"},"content":{"rendered":"<p class=\"date\">\n                                                            Mathieu Warnier, Media365, publi\u00e9 le dimanche 12 octobre 2025 \u00e0 16h40\n                                                    <\/p>\n<p>Dans un final marqu\u00e9 par l&rsquo;attitude de Paul Lapeira et Thibaut Gruel, Matteo Trentin a eu le dernier mot pour remporter une troisi\u00e8me fois Paris-Tours. L&rsquo;Italien a devanc\u00e9 au sprint Christophe Laporte et Albert Philipsen.<\/p>\n<p>Matteo Trentin a fait parler son exp\u00e9rience. Victorieux sur Paris-Tours en 2015 et en 2017 quand son parcours \u00e9tait plus favorable aux sprinteurs, le coureur de l&rsquo;\u00e9quipe Tudor a retrouv\u00e9 le podium sur la derni\u00e8re classique fran\u00e7aise de l&rsquo;ann\u00e9e au terme d&rsquo;une course au final crispant. D\u00e8s le d\u00e9part, le peloton a \u00e9t\u00e9 secou\u00e9 par des offensives qui ont permis \u00e0 un quatuor compos\u00e9 de Johan Jacobs, Oliver Knight, Jartthijs et Kenny Molly de prendre le large. Dans un second temps, Jordan Labrosse et Jonas Rutsch sont partis en contre avant de faire la jonction afin de former l&rsquo;\u00e9chapp\u00e9e qui a marqu\u00e9 cette \u00e9dition de Paris-Tours. Avant les premiers chemins de vigne, le groupe de t\u00eate a pu prendre jusqu&rsquo;\u00e0 quatre minutes de marge mais, avec la r\u00e9action des \u00e9quipes Lotto et Visma-Lease a Bike, l&rsquo;\u00e9cart a vite \u00e9t\u00e9 r\u00e9duit \u00e0 deux minutes. Ces chemins empierr\u00e9s, devenus iconiques depuis leur introduction, ont fait des victimes avec Stefan K\u00fcng qui a \u00e9t\u00e9 un des premiers coureurs ayant subi une crevaison. Apr\u00e8s avoir perdu Oliver Knight, qui a mis pied \u00e0 terre, c&rsquo;est Jordan Labrosse qui a \u00e9t\u00e9 l\u00e2ch\u00e9 par l&rsquo;\u00e9chapp\u00e9e sur incident m\u00e9canique \u00e0 l&rsquo;entame des 70 derniers kilom\u00e8tres.<\/p>\n<p>Lapeira et Gruel ont bien senti le coup<\/p>\n<p>Un groupe de t\u00eate qui a finalement \u00e9t\u00e9 revu par le peloton \u00e0 peine 20 kilom\u00e8tres plus loin. Active dans cette poursuite, la formation Visma-Lease a Bike a alors perdu sur crevaison sa carte principale en vue d&rsquo;un sprint, le N\u00e9erlandais Olav Kooij. Le chemin de vigne trac\u00e9 entre Chan\u00e7ay et Reugny a vu Mathias Vacek essayer de secouer le peloton mais il n&rsquo;a fait que pr\u00e9parer le terrain pour l&rsquo;attaque de deux coureurs fran\u00e7ais. Paul Lapeira et Thibaud Gruel ont su surprendre leurs adversaires quand Valentin Madouas n&rsquo;a pas \u00e9t\u00e9 en mesure de prendre leur roue. Apr\u00e8s avoir longtemps \u00e9marg\u00e9 \u00e0 une vingtaine de secondes de ce duo, le peloton a commenc\u00e9 \u00e0 se regarder \u00e0 l&rsquo;approche des 20 derniers kilom\u00e8tres, permettant \u00e0 l&rsquo;\u00e9cart de doubler. Une situation alarmante qui a provoqu\u00e9 une r\u00e9action d&rsquo;Alessandro Covi et Albert Philipsen. Un effort qui a ensuite \u00e9t\u00e9 relay\u00e9 par Christophe Laporte. Le vainqueur de Paris-Tours l&rsquo;an pass\u00e9 a alors emmen\u00e9 avec lui Mathias Vacek, Albert Philipsen, Matteo Trentin et Stefan Bissegger. Co\u00e9quipier de Paul Lapeira au sein de l&rsquo;\u00e9quipe Decathlon-AG2R La Mondiale, ce dernier n&rsquo;a pas manqu\u00e9 de marquer ses adversaires.<\/p>\n<p>Trentin a profit\u00e9 du marquage pour l&#8217;emporter<\/p>\n<p>Son objectif \u00e9tait de saper leurs tentatives de revenir. Il a ainsi suivi l&rsquo;acc\u00e9l\u00e9ration de Christophe Laporte dans la C\u00f4te de Rochecorbon. A partir de l\u00e0, le duo de t\u00eate a maintenu une avance d&rsquo;une dizaine de secondes et semblait parti pour jouer la victoire d&rsquo;\u00e9tape sur le Boulevard B\u00e9ranger. Mais, \u00e0 l&rsquo;approche de la flamme rouge, leur entente n&rsquo;a plus \u00e9t\u00e9 parfaite. Ils ont comme coup\u00e9 leur effort et permis \u00e0 leurs cinq poursuivants de revenir. Stefan Bissegger s&rsquo;est alors sacrifi\u00e9 pour emmener Paul Lapeira au sprint mais l&rsquo;ancien champion de France a \u00e9t\u00e9 trop court. A ce petit jeu, c&rsquo;est Matteo Trentin qui a eu le dernier mot face \u00e0 Christophe Laporte et Albert Philipsen, qui compl\u00e8tent le podium. Alors qu&rsquo;ils avaient les cartes en main pour l&#8217;emporter, Paul Lapeira et Thibaud Gruel ont d\u00fb se contenter des quatri\u00e8me et cinqui\u00e8me places. Pour la derni\u00e8re course de sa carri\u00e8re, Arnaud D\u00e9mare n&rsquo;a pas pu peser sur son d\u00e9roulement mais le sprinteur de l&rsquo;\u00e9quipe Arkea-BxB Hotels, vainqueur en 2021 et 2022, a profit\u00e9 de l&rsquo;ovation du public au moment de passer la ligne d&rsquo;arriv\u00e9e \u00e0 une anecdotique 65eme place.<\/p>\n<p><strong>CYCLISME &#8211; UCI PRO SERIES \/ PARIS-TOURS<\/strong><br \/><strong>Classement final (211,6km) &#8211; Dimanche 12 octobre 2025<\/strong><br \/><strong>1- Matteo Trentin (ITA\/Tudor) en 4h18&rsquo;50\u00a0\u00bb<\/strong><br \/><strong>2-<\/strong> Christophe Laporte (FRA\/Visma-Lease a Bike) mt<br \/><strong>3-<\/strong> Albert Philipsen (DAN\/Lidl-Trek) mt<br \/><strong>4-<\/strong> Paul Lapeira (FRA\/Decathlon-AG2R La Mondiale) mt<br \/><strong>5-<\/strong> Thibaud Gruel (FRA\/Groupama-FDJ) mt<br \/><strong>6-<\/strong> Stefan Bissegger (SUI\/Decathlon-AG2R La Mondiale) \u00e0 3\u00a0\u00bb<br \/><strong>7-<\/strong> Mathias Vacek (RTC\/Lidl-Trek) \u00e0 19\u00a0\u00bb<br \/><strong>8-<\/strong> Dorian Godon (FRA\/Decathlon-AG2R La Mondiale) \u00e0 23\u00a0\u00bb<br \/><strong>9-<\/strong> Jasper Stuyven (BEL\/Lidl-Trek) \u00e0 23\u00a0\u00bb<br \/><strong>10-<\/strong> Alessandro Covi (ITA\/UAE Team Emirates-XRG) \u00e0 23\u00a0\u00bb<br \/><strong>&#8230;<\/strong><\/p>\n","protected":false},"excerpt":{"rendered":"Mathieu Warnier, Media365, publi\u00e9 le dimanche 12 octobre 2025 \u00e0 16h40 Dans un final marqu\u00e9 par l&rsquo;attitude de&hellip;\n","protected":false},"author":2,"featured_media":457790,"comment_status":"","ping_status":"","sticky":false,"template":"","format":"standard","meta":{"footnotes":""},"categories":[9],"tags":[1011,27,60],"class_list":{"0":"post-457789","1":"post","2":"type-post","3":"status-publish","4":"format-standard","5":"has-post-thumbnail","7":"category-sports","8":"tag-fr","9":"tag-france","10":"tag-sports"},"share_on_mastodon":{"url":"https:\/\/pubeurope.com\/@fr\/115362076123729906","error":""},"_links":{"self":[{"href":"https:\/\/www.europesays.com\/fr\/wp-json\/wp\/v2\/posts\/457789","targetHints":{"allow":["GET"]}}],"collection":[{"href":"https:\/\/www.europesays.com\/fr\/wp-json\/wp\/v2\/posts"}],"about":[{"href":"https:\/\/www.europesays.com\/fr\/wp-json\/wp\/v2\/types\/post"}],"author":[{"embeddable":true,"href":"https:\/\/www.europesays.com\/fr\/wp-json\/wp\/v2\/users\/2"}],"replies":[{"embeddable":true,"href":"https:\/\/www.europesays.com\/fr\/wp-json\/wp\/v2\/comments?post=457789"}],"version-history":[{"count":0,"href":"https:\/\/www.europesays.com\/fr\/wp-json\/wp\/v2\/posts\/457789\/revisions"}],"wp:featuredmedia":[{"embeddable":true,"href":"https:\/\/www.europesays.com\/fr\/wp-json\/wp\/v2\/media\/457790"}],"wp:attachment":[{"href":"https:\/\/www.europesays.com\/fr\/wp-json\/wp\/v2\/media?parent=457789"}],"wp:term":[{"taxonomy":"category","embeddable":true,"href":"https:\/\/www.europesays.com\/fr\/wp-json\/wp\/v2\/categories?post=457789"},{"taxonomy":"post_tag","embeddable":true,"href":"https:\/\/www.europesays.com\/fr\/wp-json\/wp\/v2\/tags?post=457789"}],"curies":[{"name":"wp","href":"https:\/\/api.w.org\/{rel}","templated":true}]}}