{"id":457807,"date":"2025-10-12T16:21:21","date_gmt":"2025-10-12T16:21:21","guid":{"rendered":"https:\/\/www.europesays.com\/fr\/457807\/"},"modified":"2025-10-12T16:21:21","modified_gmt":"2025-10-12T16:21:21","slug":"nancy-le-patron-du-rugby-francais-de-passage","status":"publish","type":"post","link":"https:\/\/www.europesays.com\/fr\/457807\/","title":{"rendered":"Nancy. Le patron du rugby fran\u00e7ais de passage"},"content":{"rendered":"<p>Il a beaucoup \u00e9t\u00e9 question de ballon ovale il y a quelques jours \u00e0 Nancy. Dans le cadre des \u00ab\u00a0Journ\u00e9es de l\u2019arbitrage\u00a0\u00bb, le club de rugby de Seichamps a accueilli Florian Grill, pr\u00e9sident de la f\u00e9d\u00e9ration fran\u00e7aise de rugby, au stade Matter.<\/p>\n<p>Ce dernier a profit\u00e9 de son passage pour remettre la m\u00e9daille d\u2019or de la FFR \u00e0 Thierry Philippe, vice-pr\u00e9sident de la ligue Grand Est du ballon ovale, pour son engagement dans le monde du rugby, depuis pr\u00e8s de 40 ans comme joueur, \u00e9ducateur et dirigeant.<\/p>\n","protected":false},"excerpt":{"rendered":"Il a beaucoup \u00e9t\u00e9 question de ballon ovale il y a quelques jours \u00e0 Nancy. Dans le cadre&hellip;\n","protected":false},"author":2,"featured_media":457808,"comment_status":"","ping_status":"","sticky":false,"template":"","format":"standard","meta":{"footnotes":""},"categories":[9635],"tags":[1111,11,1687,1704,1777,674,1011,27,775,1702,1703,12,25],"class_list":{"0":"post-457807","1":"post","2":"type-post","3":"status-publish","4":"format-standard","5":"has-post-thumbnail","7":"category-nancy","8":"tag-actu","9":"tag-actualites","10":"tag-culture-loisirs","11":"tag-edition-nancy-et-agglomeration","12":"tag-eu","13":"tag-europe","14":"tag-fr","15":"tag-france","16":"tag-grand-est","17":"tag-nancy","18":"tag-nancy-ville-54b","19":"tag-news","20":"tag-republique-francaise"},"share_on_mastodon":{"url":"https:\/\/pubeurope.com\/@fr\/115362115421092227","error":""},"_links":{"self":[{"href":"https:\/\/www.europesays.com\/fr\/wp-json\/wp\/v2\/posts\/457807","targetHints":{"allow":["GET"]}}],"collection":[{"href":"https:\/\/www.europesays.com\/fr\/wp-json\/wp\/v2\/posts"}],"about":[{"href":"https:\/\/www.europesays.com\/fr\/wp-json\/wp\/v2\/types\/post"}],"author":[{"embeddable":true,"href":"https:\/\/www.europesays.com\/fr\/wp-json\/wp\/v2\/users\/2"}],"replies":[{"embeddable":true,"href":"https:\/\/www.europesays.com\/fr\/wp-json\/wp\/v2\/comments?post=457807"}],"version-history":[{"count":0,"href":"https:\/\/www.europesays.com\/fr\/wp-json\/wp\/v2\/posts\/457807\/revisions"}],"wp:featuredmedia":[{"embeddable":true,"href":"https:\/\/www.europesays.com\/fr\/wp-json\/wp\/v2\/media\/457808"}],"wp:attachment":[{"href":"https:\/\/www.europesays.com\/fr\/wp-json\/wp\/v2\/media?parent=457807"}],"wp:term":[{"taxonomy":"category","embeddable":true,"href":"https:\/\/www.europesays.com\/fr\/wp-json\/wp\/v2\/categories?post=457807"},{"taxonomy":"post_tag","embeddable":true,"href":"https:\/\/www.europesays.com\/fr\/wp-json\/wp\/v2\/tags?post=457807"}],"curies":[{"name":"wp","href":"https:\/\/api.w.org\/{rel}","templated":true}]}}