{"id":457812,"date":"2025-10-12T16:24:14","date_gmt":"2025-10-12T16:24:14","guid":{"rendered":"https:\/\/www.europesays.com\/fr\/457812\/"},"modified":"2025-10-12T16:24:14","modified_gmt":"2025-10-12T16:24:14","slug":"a-montpellier-manuel-bompard-tend-la-main-a-la-gauche-qui-ferait-mieux-de-se-mettre-en-ordre-de-bataille","status":"publish","type":"post","link":"https:\/\/www.europesays.com\/fr\/457812\/","title":{"rendered":"\u00c0 Montpellier, Manuel Bompard tend la main \u00e0 la gauche qui \u00ab\u00a0ferait mieux de se mettre en ordre de bataille\u00a0\u00bb \ufffc"},"content":{"rendered":"<p>Juste avant un meeting de La France insoumise \u00e0 Montpellier, quartier Celleneuve, Manuel Bompard a profit\u00e9 d\u2019une conf\u00e9rence de presse \u00e0 Montpellier pour appeler la gauche \u00e0 se mobiliser, ce dimanche 12 octobre. Pour le d\u00e9put\u00e9 insoumis, la situation politique nationale ne peut plus durer. Face \u00e0 la crise institutionnelle que traverse le pays, il estime que des \u00e9lections, pr\u00e9sidentielles ou l\u00e9gislatives, sont in\u00e9vitables. Et dans cette perspective, \u201cla gauche, plut\u00f4t que d\u2019aller se ridiculiser \u00e0 demander au pr\u00e9sident quelque chose qu\u2019il n\u2019a pas l\u2019intention de nous donner, ferait mieux de se mettre en ordre de bataille parce que le retour aux urnes est in\u00e9luctable et dans ce retour aux urnes il y aura un choc frontal entre les id\u00e9es que l\u2019on propose et les id\u00e9es d\u2019extr\u00eame droite\u201d.<\/p>\n","protected":false},"excerpt":{"rendered":"Juste avant un meeting de La France insoumise \u00e0 Montpellier, quartier Celleneuve, Manuel Bompard a profit\u00e9 d\u2019une conf\u00e9rence&hellip;\n","protected":false},"author":2,"featured_media":457813,"comment_status":"","ping_status":"","sticky":false,"template":"","format":"standard","meta":{"footnotes":""},"categories":[9599],"tags":[1111,11,1777,674,1011,27,2208,12,2680,25],"class_list":{"0":"post-457812","1":"post","2":"type-post","3":"status-publish","4":"format-standard","5":"has-post-thumbnail","7":"category-montpellier","8":"tag-actu","9":"tag-actualites","10":"tag-eu","11":"tag-europe","12":"tag-fr","13":"tag-france","14":"tag-montpellier","15":"tag-news","16":"tag-occitanie","17":"tag-republique-francaise"},"share_on_mastodon":{"url":"https:\/\/pubeurope.com\/@fr\/115362127221745018","error":""},"_links":{"self":[{"href":"https:\/\/www.europesays.com\/fr\/wp-json\/wp\/v2\/posts\/457812","targetHints":{"allow":["GET"]}}],"collection":[{"href":"https:\/\/www.europesays.com\/fr\/wp-json\/wp\/v2\/posts"}],"about":[{"href":"https:\/\/www.europesays.com\/fr\/wp-json\/wp\/v2\/types\/post"}],"author":[{"embeddable":true,"href":"https:\/\/www.europesays.com\/fr\/wp-json\/wp\/v2\/users\/2"}],"replies":[{"embeddable":true,"href":"https:\/\/www.europesays.com\/fr\/wp-json\/wp\/v2\/comments?post=457812"}],"version-history":[{"count":0,"href":"https:\/\/www.europesays.com\/fr\/wp-json\/wp\/v2\/posts\/457812\/revisions"}],"wp:featuredmedia":[{"embeddable":true,"href":"https:\/\/www.europesays.com\/fr\/wp-json\/wp\/v2\/media\/457813"}],"wp:attachment":[{"href":"https:\/\/www.europesays.com\/fr\/wp-json\/wp\/v2\/media?parent=457812"}],"wp:term":[{"taxonomy":"category","embeddable":true,"href":"https:\/\/www.europesays.com\/fr\/wp-json\/wp\/v2\/categories?post=457812"},{"taxonomy":"post_tag","embeddable":true,"href":"https:\/\/www.europesays.com\/fr\/wp-json\/wp\/v2\/tags?post=457812"}],"curies":[{"name":"wp","href":"https:\/\/api.w.org\/{rel}","templated":true}]}}