{"id":457818,"date":"2025-10-12T16:27:12","date_gmt":"2025-10-12T16:27:12","guid":{"rendered":"https:\/\/www.europesays.com\/fr\/457818\/"},"modified":"2025-10-12T16:27:12","modified_gmt":"2025-10-12T16:27:12","slug":"il-faut-sadapter-aux-moyens-de-notre-epoque","status":"publish","type":"post","link":"https:\/\/www.europesays.com\/fr\/457818\/","title":{"rendered":"\u00ab\u2009Il faut s\u2019adapter aux moyens de notre \u00e9poque\u2009\u00bb"},"content":{"rendered":"<p>            Par<br \/>\n        <strong><br \/>\n            <a href=\"https:\/\/actu.fr\/auteur\/yann-rivallan\" title=\"Consulter tous les articles de Yann Rivallan\" target=\"_blank\" rel=\"noopener\">Yann Rivallan<\/a><br \/>\n        <\/strong><\/p>\n<p>        Publi\u00e9 le<\/p>\n<p>            12 oct. 2025 \u00e0 18h03        <\/p>\n<p>Vous l\u2019avez peut-\u00eatre vu b\u00e9nir un fid\u00e8le avec <strong>ses lunettes connect\u00e9es<\/strong>. Ou m\u00eame plus r\u00e9cemment une Ferrari dans une station-service. <strong>Le p\u00e8re Geoffroy de la Tousche<\/strong>, pr\u00eatre \u00e0 <a href=\"https:\/\/actu.fr\/normandie\/rouen_76540\" target=\"_blank\" rel=\"noopener\">Rouen<\/a> depuis sept ans, est particuli\u00e8rement pr\u00e9sent sur les r\u00e9seaux sociaux. Au point d\u2019enregistrer aujourd\u2019hui pr\u00e8s de 17\u2009000 abonn\u00e9s <a href=\"https:\/\/www.tiktok.com\/@pere_geoffroy\" target=\"_blank\" rel=\"noopener\">sur TikTok<\/a>.<\/p>\n<p>\u00ab\u2009Il faut s\u2019adapter aux moyens de notre \u00e9poque\u2009\u00bb<\/p>\n<p class=\" wall-content\">Mais il ne s\u2019arr\u00eate pas l\u00e0. <strong>Facebook, Instagram, LinkedIn, Snapchat<\/strong> et m\u00eame des podcasts sur Spotify et YouTube. Le p\u00e8re Geoffroy est inscrit sur tous les r\u00e9seaux sociaux possibles et imaginables.<\/p>\n<p>    <img   decoding=\"async\" loading=\"lazy\" src=\"https:\/\/www.europesays.com\/fr\/wp-content\/uploads\/2025\/10\/pere-geoffroy-pretre-rouen-tiktok-reseaux-sociaux-960x640.jpg\" alt=\"Le p\u00e8re Geoffroy de la Tousche cartonne sur TikTok mais est aussi pr\u00e9sent sur l'ensemble des r\u00e9seaux sociaux existants.\" width=\"960\" height=\"640\"\/><br \/>\n    Le p\u00e8re Geoffroy de la Tousche cartonne sur TikTok mais est aussi pr\u00e9sent sur l\u2019ensemble des r\u00e9seaux sociaux existants. (\u00a9YR\/76actu)<\/p>\n<p class=\" wall-content\">Il y est plus ou moins investi, mais il ne l\u00e9sine pas sur les outils pour parler de la religion catholique. \u00ab\u00a0C\u2019est tr\u00e8s chronophage, reconna\u00eet-il, avec un grand sourire. Mais c\u2019est aussi magnifique. \u00c7a permet de toucher des gens bien au-del\u00e0 des fronti\u00e8res de Rouen.\u00a0\u00bb<\/p>\n<p class=\" wall-content\">\u00c0 ses yeux, d\u2019ailleurs, r\u00e9pandre la parole de Dieu en ligne fait \u00ab\u2009aussi partie de [son] minist\u00e8re\u2009\u00bb. Il est m\u00eame intimement convaincu que <strong>la religion et la modernit\u00e9 sont compatibles<\/strong>\u2009: \u00ab\u2009Il faut s\u2019adapter aux moyens de notre \u00e9poque.\u2009\u00bb<\/p>\n<p>\u00ab\u2009Il y a un c\u00f4t\u00e9 confessionnal\u2009\u00bb<\/p>\n<p class=\" wall-content\">Mariage, bapt\u00eame, questions sur la foi ou m\u00eame actualit\u00e9s\u2026 Dans ses vid\u00e9os, tout y passe. Le p\u00e8re Geoffroy le dit lui-m\u00eame\u2009: \u00ab\u2009Je n\u2019ai pas peur de mettre les pieds dans le plat.\u2009\u00bb<\/p>\n<p class=\" wall-content\">Par exemple, il n\u2019a pas h\u00e9sit\u00e9 \u00e0 organiser un d\u00e9bat autour de la mort de <strong>l\u2019am\u00e9ricain Charlie Kirk<\/strong> et de sa r\u00e9cup\u00e9ration par des identitaires. Ou plus r\u00e9cemment de s\u2019exprimer sur la d\u00e9mission du Premier ministre S\u00e9bastien Lecornu.<\/p>\n<p>Votre r\u00e9gion, votre actu !<\/p>\n<p>Recevez chaque jour les infos qui comptent pour vous.<\/p>\n<p>\t<a href=\"https:\/\/actu.fr\/newsletter\" class=\"ac-btn ac-btn--corner ac-btn--medium ac-btn--blue800\" target=\"_blank\" rel=\"noopener\">S&rsquo;incrire<\/a><\/p>\n<p class=\" wall-content\">Mais, \u00e0 l\u2019\u00e9vidence, l\u2019ensemble de ses vid\u00e9os tournent autour du catholicisme et de sa pratique. Pourtant, dans les nombreux messages priv\u00e9s qu\u2019il re\u00e7oit, \u00ab\u2009il y a <strong>beaucoup de non-croyants\u2009\u00bb<\/strong>, remarque-t-il.<\/p>\n<p class=\" wall-content\">Par simple curiosit\u00e9 ou envie de conversion, ils sont nombreux \u00e0 lui poser des questions, voire \u00e0 se confier sur leur vie. \u00ab\u2009Il y a un c\u00f4t\u00e9 confessionnal\u2009\u00bb, reconna\u00eet le pr\u00eatre rouennais.<\/p>\n<p>Il rejoint un groupe d\u2019influenceurs catholiques<\/p>\n<p class=\" wall-content\">Sa pr\u00e9sence sur les r\u00e9seaux sociaux lui permet de faire quelques constats\u2009: \u00ab\u2009Je vois beaucoup de gens qui sont seuls derri\u00e8re leur \u00e9cran. Ils n\u2019ont personne autour d\u2019eux. J\u2019essaye de les inviter \u00e0 sortir, \u00e0 voir du monde, ou \u00e0 venir \u00e0 l\u2019\u00e9glise.\u2009\u00bb<\/p>\n<p class=\" wall-content\">Depuis quelques mois, le cur\u00e9 a aussi rejoint <strong>un groupe \u00ab\u2009d\u2019influenceurs catholiques francophones\u2009\u00bb<\/strong>. Pr\u00eatres, religieuses ou simple fid\u00e8les actifs sur les r\u00e9seaux sociaux s\u2019\u00e9changent des conseils et des id\u00e9es dans un groupe WhatsApp.<\/p>\n<p class=\" wall-content\">Bien s\u00fbr, le p\u00e8re Geoffroy n\u2019est pas seul dans cette aventure.<\/p>\n<blockquote class=\"ac-article-quote wall-content\">\n<p>Mes collaborateurs participent aussi et font les montages.<\/p>\n<p>    <strong>Geoffroy de la Tousche<\/strong><br \/>\n        Pr\u00eatre \u00e0 Rouen    <\/p><\/blockquote>\n<p class=\" wall-content\">\u00c0 l\u2019origine, il y a un an, ce sont <strong>des \u00e9tudiants de l\u2019Iscom<\/strong>, l\u2019\u00e9cole de communication, qui l\u2019ont pouss\u00e9 \u00e0 se lancer sur TikTok en l\u2019aidant \u00e0 faire ses premi\u00e8res publications.<\/p>\n<p class=\" wall-content\">Et m\u00eame si certains commentaires haineux peuvent appara\u00eetre sur ses diff\u00e9rents comptes\u2009: \u00ab\u2009Je bloque environ 20\u00a0personnes par jour\u2009\u00bb, fait-il remarquer. Le pr\u00eatre voit toujours le bon c\u00f4t\u00e9 avec les r\u00e9seaux sociaux\u2009: \u00ab\u2009Il y a quelque chose de tr\u00e8s beau.\u2009\u00bb<\/p>\n<p>Suivez l\u2019actualit\u00e9 de Rouen sur <a href=\"https:\/\/www.whatsapp.com\/channel\/0029VaKfnf99hXF2ddApFB1D\" target=\"_blank\" rel=\"noopener\">notre cha\u00eene WhatsApp<\/a> et sur <a href=\"https:\/\/www.tiktok.com\/@76actu.fr?lang=fr\" target=\"_blank\" rel=\"noopener\">notre compte TikTok<\/a><\/p>\n<p class=\" wall-content\">Personnalisez votre actualit\u00e9 en ajoutant vos villes et m\u00e9dias en favori avec <a href=\"https:\/\/moncompte.actu.fr\" title=\"D\u00e9couvez Mon Actu\" rel=\"nofollow noopener\" data-trk=\"{&quot;cta&quot;:{&quot;action&quot;:&quot;https:\\\/\\\/moncompte.actu.fr&quot;,&quot;category&quot;:&quot;mon compte&quot;,&quot;from&quot;:&quot;article footer&quot;,&quot;name&quot;:&quot;Mon actu&quot;,&quot;type&quot;:&quot;cta&quot;}}\" target=\"_blank\">Mon Actu<\/a>.<\/p>\n<p>                    <script async src=\"\/\/www.tiktok.com\/embed.js\"><\/script><\/p>\n","protected":false},"excerpt":{"rendered":"Par Yann Rivallan Publi\u00e9 le 12 oct. 2025 \u00e0 18h03 Vous l\u2019avez peut-\u00eatre vu b\u00e9nir un fid\u00e8le avec&hellip;\n","protected":false},"author":2,"featured_media":457819,"comment_status":"","ping_status":"","sticky":false,"template":"","format":"standard","meta":{"footnotes":""},"categories":[9587],"tags":[1111,11,1777,674,1011,27,1757,12,5161,4020,25,938,9590,2439],"class_list":{"0":"post-457818","1":"post","2":"type-post","3":"status-publish","4":"format-standard","5":"has-post-thumbnail","7":"category-rouen","8":"tag-actu","9":"tag-actualites","10":"tag-eu","11":"tag-europe","12":"tag-fr","13":"tag-france","14":"tag-insolite","15":"tag-news","16":"tag-normandie","17":"tag-religion","18":"tag-republique-francaise","19":"tag-reseaux-sociaux","20":"tag-rouen","21":"tag-tiktok"},"share_on_mastodon":{"url":"https:\/\/pubeurope.com\/@fr\/115362139700167150","error":""},"_links":{"self":[{"href":"https:\/\/www.europesays.com\/fr\/wp-json\/wp\/v2\/posts\/457818","targetHints":{"allow":["GET"]}}],"collection":[{"href":"https:\/\/www.europesays.com\/fr\/wp-json\/wp\/v2\/posts"}],"about":[{"href":"https:\/\/www.europesays.com\/fr\/wp-json\/wp\/v2\/types\/post"}],"author":[{"embeddable":true,"href":"https:\/\/www.europesays.com\/fr\/wp-json\/wp\/v2\/users\/2"}],"replies":[{"embeddable":true,"href":"https:\/\/www.europesays.com\/fr\/wp-json\/wp\/v2\/comments?post=457818"}],"version-history":[{"count":0,"href":"https:\/\/www.europesays.com\/fr\/wp-json\/wp\/v2\/posts\/457818\/revisions"}],"wp:featuredmedia":[{"embeddable":true,"href":"https:\/\/www.europesays.com\/fr\/wp-json\/wp\/v2\/media\/457819"}],"wp:attachment":[{"href":"https:\/\/www.europesays.com\/fr\/wp-json\/wp\/v2\/media?parent=457818"}],"wp:term":[{"taxonomy":"category","embeddable":true,"href":"https:\/\/www.europesays.com\/fr\/wp-json\/wp\/v2\/categories?post=457818"},{"taxonomy":"post_tag","embeddable":true,"href":"https:\/\/www.europesays.com\/fr\/wp-json\/wp\/v2\/tags?post=457818"}],"curies":[{"name":"wp","href":"https:\/\/api.w.org\/{rel}","templated":true}]}}