{"id":457820,"date":"2025-10-12T16:28:17","date_gmt":"2025-10-12T16:28:17","guid":{"rendered":"https:\/\/www.europesays.com\/fr\/457820\/"},"modified":"2025-10-12T16:28:17","modified_gmt":"2025-10-12T16:28:17","slug":"grenoble-un-drapeau-palestinien-au-sommet-de-la-tour-perret","status":"publish","type":"post","link":"https:\/\/www.europesays.com\/fr\/457820\/","title":{"rendered":"Grenoble. Un drapeau palestinien au sommet de la tour Perret\u00a0!"},"content":{"rendered":"<p>Apercevoir le drapeau palestinien dans la ville de Grenoble n\u2019a certes rien d\u2019in\u00e9dit\u00a0; on en trouve r\u00e9guli\u00e8rement \u00e7\u00e0 et l\u00e0 sur des balcons ou tagu\u00e9s sur des murs de la commune. Depuis le d\u00e9but du conflit \u00e0 Gaza, de nombreuses manifestations ont \u00e9galement r\u00e9uni des centaines de personnes \u00e0 intervalles r\u00e9guliers <a href=\"https:\/\/www.ledauphine.com\/defense-guerre-conflit\/2025\/05\/27\/plusieurs-centaines-de-manifestants-en-faveur-de-la-palestine-sur-le-cours-jean-jaures-le-tram-e-bloque\" target=\"_blank\" rel=\"noopener\">dans les rues de la ville.<\/a> \u00a0D\u00e9sormais, les militants rivalisent d\u2019imagination pour hisser le drapeau sur des sites embl\u00e9matiques.<\/p>\n<p>Apr\u00e8s l\u2019avoir peint l\u2019an dernier sur un b\u00e2timent en friche \u00e0 la Bastille, c\u2019est sur le N\u00e9ron (un sommet de Chartreuse qui domine l\u2019agglom\u00e9ration grenobloise) qu\u2019il avait \u00e9t\u00e9 dress\u00e9 <a href=\"https:\/\/www.ledauphine.com\/faits-divers-justice\/2025\/10\/02\/un-drapeau-palestinien-geant-deploye-sur-le-neron\" target=\"_blank\" rel=\"noopener\">d\u00e9but octobre<\/a>. Et cette fois, c\u2019est donc sur la <a href=\"https:\/\/www.ledauphine.com\/p\/tour-perret\" target=\"_blank\" rel=\"noopener\">tour Perret<\/a>, \u00e0 90 m\u00e8tres de hauteur, qu\u2019on peut le voir ce dimanche. Nul ne sait encore qui l\u2019a install\u00e9 et quels risques ont \u00e9t\u00e9 pris pour l\u2019amener sur cet \u00e9difice en restauration ferm\u00e9 au public.<\/p>\n<p>Ce contenu est bloqu\u00e9 car vous n&rsquo;avez pas accept\u00e9 les cookies et autres traceurs.<\/p>\n<p>En cliquant sur \u00ab J\u2019accepte \u00bb, les cookies et autres traceurs seront d\u00e9pos\u00e9s et vous pourrez visualiser les contenus  (<a href=\"\" class=\"consentModule_policy\" target=\"_blank\" title=\"Consulter la politique de protection des donn\u00e9es du fournisseur\">plus d&rsquo;informations<\/a>).<\/p>\n<p>En cliquant sur \u00ab J\u2019accepte tous les cookies \u00bb, vous autorisez des d\u00e9p\u00f4ts de cookies et autres traceurs pour le stockage de vos donn\u00e9es sur nos sites et applications \u00e0 des fins de personnalisation et de ciblage publicitaire.<\/p>\n<p class=\"consentModule_secondaryText\">Vous gardez la possibilit\u00e9 de retirer votre consentement \u00e0 tout moment en consultant notre <a href=\"https:\/\/www.ledauphine.com\/protection-des-donnees\" target=\"_blank\" title=\"Consulter notre politique de protection des donn\u00e9es\" rel=\"noopener\">politique de protection des donn\u00e9es<\/a>. <br \/>&#13;<br \/>\n            <a href=\"https:\/\/www.ledauphine.com\/defense-guerre-conflit\/2025\/10\/12\/javascript:Didomi.notice.show()\" class=\"consentModule_cmp\" target=\"_blank\" rel=\"noopener\">G\u00e9rer mes choix<\/a>&#13;\n        <\/p>\n<p>&#13;<br \/>\n                        J&rsquo;accepte&#13;<br \/>\n            J&rsquo;accepte tous les cookies&#13;\n        <\/p>\n<p>Seul vestige de l\u2019Exposition internationale de la houille blanche et du tourisme de 1925 qui s\u2019\u00e9tait tenue dans la capitale des Alpes, la tour est en effet en pleine r\u00e9novation et doit accueillir ses premiers visiteurs <a href=\"https:\/\/www.ledauphine.com\/culture-loisirs\/2025\/06\/23\/isere-grenoble-dans-moins-d-un-an-la-tour-perret-rouvrira-aux-visiteurs-et-voila-ce-qui-les-attend\" target=\"_blank\" rel=\"noopener\">au printemps 2026<\/a> , 65 ans apr\u00e8s avoir ferm\u00e9 ses portes.<\/p>\n","protected":false},"excerpt":{"rendered":"Apercevoir le drapeau palestinien dans la ville de Grenoble n\u2019a certes rien d\u2019in\u00e9dit\u00a0; on en trouve r\u00e9guli\u00e8rement \u00e7\u00e0&hellip;\n","protected":false},"author":2,"featured_media":457821,"comment_status":"","ping_status":"","sticky":false,"template":"","format":"standard","meta":{"footnotes":""},"categories":[9566],"tags":[1111,11,2430,3206,112,1777,674,107,1011,27,2731,2732,108,12,25,104],"class_list":{"0":"post-457820","1":"post","2":"type-post","3":"status-publish","4":"format-standard","5":"has-post-thumbnail","7":"category-grenoble","8":"tag-actu","9":"tag-actualites","10":"tag-auvergne-rhone-alpes","11":"tag-defense-guerre-conflit","12":"tag-edition-grenoble-agglomeration","13":"tag-eu","14":"tag-europe","15":"tag-fil-info","16":"tag-fr","17":"tag-france","18":"tag-grenoble","19":"tag-grenoble-bassin","20":"tag-isere","21":"tag-news","22":"tag-republique-francaise","23":"tag-societe"},"share_on_mastodon":{"url":"https:\/\/pubeurope.com\/@fr\/115362142889243003","error":""},"_links":{"self":[{"href":"https:\/\/www.europesays.com\/fr\/wp-json\/wp\/v2\/posts\/457820","targetHints":{"allow":["GET"]}}],"collection":[{"href":"https:\/\/www.europesays.com\/fr\/wp-json\/wp\/v2\/posts"}],"about":[{"href":"https:\/\/www.europesays.com\/fr\/wp-json\/wp\/v2\/types\/post"}],"author":[{"embeddable":true,"href":"https:\/\/www.europesays.com\/fr\/wp-json\/wp\/v2\/users\/2"}],"replies":[{"embeddable":true,"href":"https:\/\/www.europesays.com\/fr\/wp-json\/wp\/v2\/comments?post=457820"}],"version-history":[{"count":0,"href":"https:\/\/www.europesays.com\/fr\/wp-json\/wp\/v2\/posts\/457820\/revisions"}],"wp:featuredmedia":[{"embeddable":true,"href":"https:\/\/www.europesays.com\/fr\/wp-json\/wp\/v2\/media\/457821"}],"wp:attachment":[{"href":"https:\/\/www.europesays.com\/fr\/wp-json\/wp\/v2\/media?parent=457820"}],"wp:term":[{"taxonomy":"category","embeddable":true,"href":"https:\/\/www.europesays.com\/fr\/wp-json\/wp\/v2\/categories?post=457820"},{"taxonomy":"post_tag","embeddable":true,"href":"https:\/\/www.europesays.com\/fr\/wp-json\/wp\/v2\/tags?post=457820"}],"curies":[{"name":"wp","href":"https:\/\/api.w.org\/{rel}","templated":true}]}}