{"id":457822,"date":"2025-10-12T16:29:11","date_gmt":"2025-10-12T16:29:11","guid":{"rendered":"https:\/\/www.europesays.com\/fr\/457822\/"},"modified":"2025-10-12T16:29:11","modified_gmt":"2025-10-12T16:29:11","slug":"octobre-vert-pour-parler-aussi-des-cancers-du-foie-a-grenoble","status":"publish","type":"post","link":"https:\/\/www.europesays.com\/fr\/457822\/","title":{"rendered":"\u00ab\u00a0Octobre vert\u00a0\u00bb pour parler aussi des cancers du foie \u00e0 Grenoble"},"content":{"rendered":"<p>Dans le sillage d&rsquo;octobre rose, le CHU de Grenoble conviait ce dimanche 12 octobre \u00e0 une op\u00e9ration \u00ab\u00a0octobre vert\u00a0\u00bb, destin\u00e9e \u00e0 sensibiliser aux risques de cancers du foie. Une quarantaine de personnes ont gravi La Bastille en tee-shirt vert.<\/p>\n<p>Dans le sillage de l&rsquo;op\u00e9ration \u00ab\u00a0octobre rose\u00a0\u00bb, pour le d\u00e9pistage pr\u00e9coce des cancers du sein, le CHU de Grenoble tente de mettre en \u00e9vidence, particuli\u00e8rement depuis deux ans, \u00ab\u00a0octobre vert\u00a0\u00bb. Il s&rsquo;agit l\u00e0 encore de parler de cancers et de pousser \u00e0 la pr\u00e9vention mais il est question dans ce cas des cancers du foie.\u00a0Apr\u00e8s une course organis\u00e9e l&rsquo;an dernier, cette ann\u00e9e les soignants, malades qui le peuvent et familles sont mont\u00e9s \u00e0 la Bastille de Grenoble \u00e0 pied. Une quarantaine de personnes habill\u00e9es de tee-shirt verts,\u00a0\u00a0parties des escaliers quartier Saint-Laurent et qui se sont rassembl\u00e9es sur la terrasse des g\u00e9ographes, juste sous la gare d&rsquo;arriv\u00e9e des \u00ab\u00a0bulles\u00a0\u00bb en fin de matin\u00e9e.<\/p>\n<p>Les facteurs de risque\u00a0: consommation r\u00e9guli\u00e8re d&rsquo;alcool mais aussi diab\u00e8te et ob\u00e9sit\u00e9<\/p>\n<p>Leur message\u00a0: comme bien souvent en termes de cancers plus on sait qu&rsquo;on est \u00e0 risque et plus on sait qu&rsquo;on a une chance de d\u00e9tecter t\u00f4t les signes avant coureurs d&rsquo;une tumeur, qui s&rsquo;av\u00e8re beaucoup plus d\u00e9licate \u00e0 soigner. C&rsquo;est d&rsquo;ailleurs particuli\u00e8rement le cas des cancers du foie souligne la professeur Charlotte Costentin, m\u00e9decin h\u00e9patologue au CHU Grenoble Alpes. Alors que le cancer du foie, quel que soit son type \u00ab\u00a0est un des 5 cancers de plus mauvais pronostic\u00a0\u00bb, explique cette sp\u00e9cialiste, <strong>il est possible de l&rsquo;\u00e9viter<\/strong> \u00ab\u00a0dans 80% des cas\u00a0\u00bb. \u00ab\u00a0Il y a des petites choses tr\u00e8s simples \u00e0 faire pour savoir si on a une maladie chronique du foie sous-jacente (qui peut ensuite d\u00e9g\u00e9n\u00e9rer), explique Charlotte Costentin, il suffit de faire une prise de sang et en fonction de cette prise de sang on peut faire des examens un peu plus pouss\u00e9s\u00a0\u00bb. \u00ab\u00a0Si on fait le diagnostic de la maladie quand elle est silencieuse on peut d\u00e9j\u00e0 mettre en place plein de choses pour ne pas que la maladie progresse\u00a0\u00bb.\u00a0Pour \u00e7a il faut donc \u00eatre attentif, particuli\u00e8rement \u00e0 partir de 40 ans et si l&rsquo;on est \u00ab\u00a0\u00e0 risque\u00a0\u00bb et \u00ab\u00a0se poser la question et en parler avec son m\u00e9decin traitant\u00a0\u00bb. Ces facteurs sont \u00ab\u00a0la consommation r\u00e9guli\u00e8re d&rsquo;alcool\u00a0\u00bb, m\u00eame sans outrance, ainsi que \u00ab\u00a0le diab\u00e8te et l&rsquo;ob\u00e9sit\u00e9\u00a0\u00bb.<\/p>\n<p>\u00ab\u00a0L&rsquo;alcool est un poison lent et on ne le sait pas assez\u00a0\u00bb, Franck, patient<\/p>\n<p>Pr\u00e8s de 10 000 nouveau cas de cancers du foie sont d\u00e9tect\u00e9s chaque ann\u00e9e en France et <strong>pr\u00e8s de 500 par an du c\u00f4t\u00e9 du CHU de Grenoble<\/strong>. Dans la plupart des cas les patients \u00ab\u00a0viennent trop tard\u00a0\u00bb. C&rsquo;est souvent apr\u00e8s 60 ans que la maladie se d\u00e9clare. Pour Franck Blary c&rsquo;\u00e9tait un peu plus t\u00f4t, \u00e0 57 ans. \u00ab\u00a0J&rsquo;\u00e9tais un consommateur d&rsquo;alcool \u00ab\u00a0mondain\u00a0\u00bb comme on pourrait le dire, explique-t-il, fr\u00e9quemment au restaurant avec des amis\u00a0\u00bb. Cet \u00ab\u00a0amateur de bons Bourgognes\u00a0\u00bb \u00e9tait aussi souvent au restaurant avec des clients dans le cadre de son travail de commercial. \u00ab\u00a0Peut-\u00eatre que j&rsquo;avais aussi un foie un peu fragile\u00a0\u00bb dit-il mais le diagnostic d&rsquo;une \u00ab\u00a0tumeur de 12 centim\u00e8tres \u00e0 l&rsquo;\u00e9chographie\u00a0\u00bb, \u00ab\u00a0apr\u00e8s un examen sanguin qui n&rsquo;\u00e9tait pas tr\u00e8s bon\u00a0\u00bb a \u00e9t\u00e9 un choc. Chimio, traitement en m\u00e9decine nucl\u00e9aire puis finalement ablation d&rsquo;une partie de son foie ont eu raison, \u00e0 ce jour, de la maladie mais il a perdu du poids, s&rsquo;astreint \u00e0 une activit\u00e9 physique et.. ne boit plus une goutte d&rsquo;alcool. \u00ab\u00a0Je me consid\u00e8re comme un miracul\u00e9 mais je veux aussi porter un message d&rsquo;espoir\u00a0\u00bb.<\/p>\n","protected":false},"excerpt":{"rendered":"Dans le sillage d&rsquo;octobre rose, le CHU de Grenoble conviait ce dimanche 12 octobre \u00e0 une op\u00e9ration \u00ab\u00a0octobre&hellip;\n","protected":false},"author":2,"featured_media":457823,"comment_status":"","ping_status":"","sticky":false,"template":"","format":"standard","meta":{"footnotes":""},"categories":[9566],"tags":[1111,11,2430,1777,674,1011,27,2731,12,25],"class_list":{"0":"post-457822","1":"post","2":"type-post","3":"status-publish","4":"format-standard","5":"has-post-thumbnail","7":"category-grenoble","8":"tag-actu","9":"tag-actualites","10":"tag-auvergne-rhone-alpes","11":"tag-eu","12":"tag-europe","13":"tag-fr","14":"tag-france","15":"tag-grenoble","16":"tag-news","17":"tag-republique-francaise"},"share_on_mastodon":{"url":"https:\/\/pubeurope.com\/@fr\/115362146872458715","error":""},"_links":{"self":[{"href":"https:\/\/www.europesays.com\/fr\/wp-json\/wp\/v2\/posts\/457822","targetHints":{"allow":["GET"]}}],"collection":[{"href":"https:\/\/www.europesays.com\/fr\/wp-json\/wp\/v2\/posts"}],"about":[{"href":"https:\/\/www.europesays.com\/fr\/wp-json\/wp\/v2\/types\/post"}],"author":[{"embeddable":true,"href":"https:\/\/www.europesays.com\/fr\/wp-json\/wp\/v2\/users\/2"}],"replies":[{"embeddable":true,"href":"https:\/\/www.europesays.com\/fr\/wp-json\/wp\/v2\/comments?post=457822"}],"version-history":[{"count":0,"href":"https:\/\/www.europesays.com\/fr\/wp-json\/wp\/v2\/posts\/457822\/revisions"}],"wp:featuredmedia":[{"embeddable":true,"href":"https:\/\/www.europesays.com\/fr\/wp-json\/wp\/v2\/media\/457823"}],"wp:attachment":[{"href":"https:\/\/www.europesays.com\/fr\/wp-json\/wp\/v2\/media?parent=457822"}],"wp:term":[{"taxonomy":"category","embeddable":true,"href":"https:\/\/www.europesays.com\/fr\/wp-json\/wp\/v2\/categories?post=457822"},{"taxonomy":"post_tag","embeddable":true,"href":"https:\/\/www.europesays.com\/fr\/wp-json\/wp\/v2\/tags?post=457822"}],"curies":[{"name":"wp","href":"https:\/\/api.w.org\/{rel}","templated":true}]}}