{"id":457840,"date":"2025-10-12T16:40:16","date_gmt":"2025-10-12T16:40:16","guid":{"rendered":"https:\/\/www.europesays.com\/fr\/457840\/"},"modified":"2025-10-12T16:40:16","modified_gmt":"2025-10-12T16:40:16","slug":"face-a-la-baisse-de-levenementiel-professionnel-la-mue-culturelle-de-diagora","status":"publish","type":"post","link":"https:\/\/www.europesays.com\/fr\/457840\/","title":{"rendered":"Face \u00e0 la baisse de l&rsquo;\u00e9v\u00e8nementiel professionnel, la mue culturelle de Diagora"},"content":{"rendered":"<p>Plus de culturel pour compenser la diminution du nombre d\u2019\u00e9v\u00e9nements professionnels. Tel est le pari de Diagora, le centre de congr\u00e8s et d\u2019exposition de Lab\u00e8ge\u00a0[<a href=\"#nb1\" class=\"spip_note\" rel=\"appendix\" title=\"Diagora poss\u00e8de, en plus de son amphith\u00e9\u00e2tre, vingt espaces modulables et un\u00a0(\u2026)\" id=\"nh1\">1<\/a>]. \u00ab\u00a0Apr\u00e8s le Covid, l\u2019\u00e9v\u00e9nementiel B2B n\u2019a pas disparu mais a beaucoup \u00e9volu\u00e9. Les pratiques professionnelles tendent de fa\u00e7on p\u00e9renne vers davantage de digitalisation des rencontres. Nous accueillons moins d\u2019\u00e9v\u00e9nements d\u2019entreprises. Nous avons fait donc fait le choix d\u2019ouvrir davantage vers le culturel\u00a0\u00bb, explique Laurent Ch\u00e9rubin, pr\u00e9sident-directeur de Diagora et maire de Lab\u00e8ge.<\/p>\n<p>\u00ab\u00a0Pour les \u00e9v\u00e9nements professionnels, il y a eu une \u00e9volution forte des demandes. Nous avons des \u00e9v\u00e9nements globalement plus courts. On doit faire du sur-mesure. Le culturel est une diversification qui nous semble tr\u00e8s int\u00e9ressante dans ce contexte\u00a0\u00bb, confie Caroline Pastor, directrice op\u00e9rationnelle et commerciale de Diagora.<\/p>\n<p>Une \u00e9volution dans un contexte de d\u00e9veloppement de Lab\u00e8ge et du Sicoval <\/p>\n<p>Pour cette saison 2025-2026, Diagora va recevoir un \u00e9v\u00e9nement culturel par mois. Au programme, beaucoup d\u2019humour et un peu de musique. \u00ab\u00a0Nous avons d\u00e9j\u00e0 accueilli le gala du Festival du Printemps de rire par le pass\u00e9. Il y a donc une logique \u00e0 accueillir un peu plus de stand-up dans ce cadre et au-del\u00e0. La jauge interm\u00e9diaire de 500 places\u00a0[<a href=\"#nb2\" class=\"spip_note\" rel=\"appendix\" title=\"La jauge de l\u2019amphith\u00e9\u00e2tre peut aller jusqu\u2019\u00e0 2000 places.\" id=\"nh2\">2<\/a>] de notre amphith\u00e9\u00e2tre, qui permet une proximit\u00e9 avec les artistes, se pr\u00eate particuli\u00e8rement \u00e0 ce type de spectacles o\u00f9 il y a de l\u2019interaction avec le public. Du c\u00f4t\u00e9 de la musique, c\u2019est un peu le m\u00eame esprit, nous avions d\u00e9j\u00e0 fait des choses avec l\u2019Orchestre de chambre de Toulouse, que nous allons recevoir deux fois cette ann\u00e9e. Si cette programmation fonctionne, nous irons plus loin et nous aurons un programme densifi\u00e9 pour la saison 2026-2027\u00a0\u00bb, d\u00e9taille Caroline Pastor.<\/p>\n<p>Pour le pr\u00e9sident de Diagora, cette coloration plus culturelle peut \u00eatre une chance dans un contexte de d\u00e9veloppement de Lab\u00e8ge et du Sicoval. \u00ab\u00a0Le projet urbanistique Enova, en parall\u00e8le de l\u2019arriv\u00e9e du m\u00e9tro sur Lab\u00e8ge, est en train de transformer la ville <a href=\"https:\/\/www.touleco.fr\/Nouvelle-presidence-mais-cap-inchange-pour-le-Sicoval,46373\" class=\"spip_in\" target=\"_blank\" rel=\"noopener\">et plus globalement la communaut\u00e9 d\u2019agglom\u00e9ration<\/a>. Avoir, dans une ville en plein d\u00e9veloppement, un lieu qui est aussi \u00e0 vocation culturelle, cela a particuli\u00e8rement du sens\u00a0\u00bb, estime le maire de Lab\u00e8ge et vice-pr\u00e9sident du Sicoval. Depuis la fin de la crise sanitaire, Diagora re\u00e7oit en moyenne 220 \u00e9v\u00e9nements et 100.000 visiteurs par an.   <br class=\"autobr\"\/><br \/>\nMatthias Hardoy <\/p>\n<p>Sur la photo\u00a0: Le centre de congr\u00e8s et d\u2019exposition de Digora, \u00e0 Lab\u00e8ge. Cr\u00e9dit\u00a0: DR.<\/p>\n<p>Notes<\/p>\n<p>[<a href=\"#nh1\" class=\"spip_note\" title=\"Notes 1\" rev=\"appendix\">1<\/a>]\u00a0Diagora poss\u00e8de, en plus de son amphith\u00e9\u00e2tre, vingt espaces modulables et un hall d\u2019exposition de 2200 m\u00e8tres carr\u00e9s. Le lieu, n\u00e9 en 1992 \u00e0 initiative du pr\u00e9sident du Sicoval et maire de Lab\u00e8ge Claude Ducert, a \u00e9t\u00e9 agrandi en 2004.<\/p>\n<p>[<a href=\"#nh2\" class=\"spip_note\" title=\"Notes 2\" rev=\"appendix\">2<\/a>]\u00a0La jauge de l\u2019amphith\u00e9\u00e2tre peut aller jusqu\u2019\u00e0 2000 places.<\/p>\n","protected":false},"excerpt":{"rendered":"Plus de culturel pour compenser la diminution du nombre d\u2019\u00e9v\u00e9nements professionnels. Tel est le pari de Diagora, le&hellip;\n","protected":false},"author":2,"featured_media":457841,"comment_status":"","ping_status":"","sticky":false,"template":"","format":"standard","meta":{"footnotes":""},"categories":[2816],"tags":[1111,11,251,58273,58274,1777,674,22942,1011,27,52306,12,2680,25,2312],"class_list":{"0":"post-457840","1":"post","2":"type-post","3":"status-publish","4":"format-standard","5":"has-post-thumbnail","7":"category-toulouse","8":"tag-actu","9":"tag-actualites","10":"tag-culture","11":"tag-diagora-labege","12":"tag-enova","13":"tag-eu","14":"tag-europe","15":"tag-evenementiel","16":"tag-fr","17":"tag-france","18":"tag-loisirs-et-attractions","19":"tag-news","20":"tag-occitanie","21":"tag-republique-francaise","22":"tag-toulouse"},"share_on_mastodon":{"url":"https:\/\/pubeurope.com\/@fr\/115362190171244412","error":""},"_links":{"self":[{"href":"https:\/\/www.europesays.com\/fr\/wp-json\/wp\/v2\/posts\/457840","targetHints":{"allow":["GET"]}}],"collection":[{"href":"https:\/\/www.europesays.com\/fr\/wp-json\/wp\/v2\/posts"}],"about":[{"href":"https:\/\/www.europesays.com\/fr\/wp-json\/wp\/v2\/types\/post"}],"author":[{"embeddable":true,"href":"https:\/\/www.europesays.com\/fr\/wp-json\/wp\/v2\/users\/2"}],"replies":[{"embeddable":true,"href":"https:\/\/www.europesays.com\/fr\/wp-json\/wp\/v2\/comments?post=457840"}],"version-history":[{"count":0,"href":"https:\/\/www.europesays.com\/fr\/wp-json\/wp\/v2\/posts\/457840\/revisions"}],"wp:featuredmedia":[{"embeddable":true,"href":"https:\/\/www.europesays.com\/fr\/wp-json\/wp\/v2\/media\/457841"}],"wp:attachment":[{"href":"https:\/\/www.europesays.com\/fr\/wp-json\/wp\/v2\/media?parent=457840"}],"wp:term":[{"taxonomy":"category","embeddable":true,"href":"https:\/\/www.europesays.com\/fr\/wp-json\/wp\/v2\/categories?post=457840"},{"taxonomy":"post_tag","embeddable":true,"href":"https:\/\/www.europesays.com\/fr\/wp-json\/wp\/v2\/tags?post=457840"}],"curies":[{"name":"wp","href":"https:\/\/api.w.org\/{rel}","templated":true}]}}