{"id":457844,"date":"2025-10-12T16:42:10","date_gmt":"2025-10-12T16:42:10","guid":{"rendered":"https:\/\/www.europesays.com\/fr\/457844\/"},"modified":"2025-10-12T16:42:10","modified_gmt":"2025-10-12T16:42:10","slug":"roubaix-une-nouvelle-adresse-hyper-gourmande-pose-ses-valises-au-centre-commercial-lusine","status":"publish","type":"post","link":"https:\/\/www.europesays.com\/fr\/457844\/","title":{"rendered":"Roubaix. Une nouvelle adresse hyper gourmande pose ses valises au centre commercial L&rsquo;Usine\u00a0!"},"content":{"rendered":"<p>            Par<br \/>\n        <strong><br \/>\n            <a href=\"https:\/\/actu.fr\/auteur\/nicolas-demollien\" title=\"Consulter tous les articles de Nicolas Demollien\" target=\"_blank\" rel=\"noopener\">Nicolas Demollien<\/a><br \/>\n        <\/strong><\/p>\n<p>        Publi\u00e9 le<\/p>\n<p>            12 oct. 2025 \u00e0 17h44        <\/p>\n<p>Vous risquez d\u2019\u00eatre s\u00e9duits rien qu\u2019\u00e0 l\u2019odeur ! A <a href=\"https:\/\/actu.fr\/hauts-de-france\/roubaix_59512\" target=\"_blank\" rel=\"noopener\">Roubaix<\/a> (Nord), il est d\u00e9sormais possible de vous d\u00e9lecter de <b>gourmandises<\/b> au <b>centre commercial outlet L\u2019Usine<\/b> gr\u00e2ce \u00e0 un nouveau sp\u00e9cialiste qui y pose ses valises.<\/p>\n<p>Une nouvelle pause gourmande propos\u00e9e \u00e0 L\u2019Usine \u00e0 Roubaix<\/p>\n<p data-end=\"486\" class=\" wall-content\">C\u2019est en effet le <b>food truck Churros Andr\u00e9<\/b> qui pose d\u00e9sormais son camion sur place chaque week-end jusqu\u2019au 23 novembre 2025. Il y propose \u00ab\u00a0une <b>escapade en Espagne avec ses sp\u00e9cialit\u00e9s<\/b>. Sucr\u00e9s ou chocolat\u00e9s, les churros r\u00e9galeront tous les gourmands\u00a0\u00bb, promet le centre commercial. Le food truck sera install\u00e9 <b data-end=\"483\">\u00e0 proximit\u00e9 de l\u2019aire de jeux<\/b>.<\/p>\n<p data-end=\"516\" class=\" wall-content\"><b data-end=\"514\">Les dates concern\u00e9es sont les suivantes :<\/b><\/p>\n<ul class=\" wall-content\">\n<li data-end=\"654\">Vendredi 17, samedi 18 et dimanche 19 octobre (ouverture exceptionnelle du centre le dimanche) ;<\/li>\n<li data-end=\"691\">Vendredi 24 et samedi 25 octobre ;<\/li>\n<li data-end=\"793\">Vendredi 31 octobre et samedi 1er novembre (ouverture exceptionnelle du centre le 1er novembre) ;<\/li>\n<li data-end=\"829\">Vendredi 7 et samedi 8 novembre ;<\/li>\n<li data-end=\"867\">Vendredi 14 et samedi 15 novembre ;<\/li>\n<li data-end=\"969\">Vendredi 21, samedi 22 et dimanche 23 novembre (ouverture exceptionnelle du centre le dimanche).<\/li>\n<\/ul>\n<p>    <a href=\"https:\/\/www.facebook.com\/plugins\/post.php?href=https%3A%2F%2Fwww.facebook.com%2FUsineRoubaix%2Fposts%2Fpfbid0nStQpU9qX7pPT6u7pUDbkzdqxYZL3sHVdQYuva93TcZTPvAk9oLWCG2bQBCe7rNkl&amp;show_text=true&amp;width=350\" title=\"Ouvrie le lien\" target=\"_blank\" rel=\"noopener\">Cliquez ici pour visualiser le contenu<\/a><\/p>\n<p class=\" wall-content\">Ce ne sont pas les seuls nouveaut\u00e9s de l\u2019automne dans les all\u00e9es du centre commercial. Un <b>magasins de jouets \u00e0 prix cass\u00e9s a ouvert ses portes<\/b> <a href=\"https:\/\/actu.fr\/hauts-de-france\/roubaix_59512\/roubaix-une-nouvelle-boutique-de-jouets-a-prix-casses-ouvre-au-centre-commercial-lusine_63259148.html\" target=\"_blank\" rel=\"noopener\">comme nous vous l\u2019avions annonc\u00e9<\/a>, et une <b>grande vente de plantes \u00e0 petits prix<\/b> va \u00eatre organis\u00e9e.<\/p>\n<p class=\" wall-content\">Elle prendra la forme d\u2019un<b>\u00a0pop-up \u00ab\u00a0Plantes pour tous\u00a0\u00bb<\/b> du 17 au 19 octobre 2025. \u00ab\u00a0Pendant trois jours, les amoureux de plantes pourront d\u00e9couvrir plus de 150 vari\u00e9t\u00e9s \u00e0 prix tout doux : \u00e0 partir de 0,99 \u20ac, avec 50 % de l\u2019offre en dessous de 10 \u20ac, soit jusqu\u2019\u00e0 trois fois moins cher qu\u2019en jardinerie traditionnelle\u00a0\u00bb. Il sera \u00e0 retrouver dans le b\u00e2timent B, \u00e0 c\u00f4t\u00e9 de C\u00f4t\u00e9 Bijoux et Torrente.<\/p>\n<p class=\" wall-content\">Plus d\u2019infos sur le site <a href=\"https:\/\/www.usineroubaix.fr\/fr\/\" target=\"_blank\" rel=\"noopener\">usineroubaix.fr<\/a><\/p>\n<p class=\" wall-content\">Personnalisez votre actualit\u00e9 en ajoutant vos villes et m\u00e9dias en favori avec <a href=\"https:\/\/moncompte.actu.fr\" title=\"D\u00e9couvez Mon Actu\" rel=\"nofollow noopener\" data-trk=\"{&quot;cta&quot;:{&quot;action&quot;:&quot;https:\\\/\\\/moncompte.actu.fr&quot;,&quot;category&quot;:&quot;mon compte&quot;,&quot;from&quot;:&quot;article footer&quot;,&quot;name&quot;:&quot;Mon actu&quot;,&quot;type&quot;:&quot;cta&quot;}}\" target=\"_blank\">Mon Actu<\/a>.<\/p>\n","protected":false},"excerpt":{"rendered":"Par Nicolas Demollien Publi\u00e9 le 12 oct. 2025 \u00e0 17h44 Vous risquez d\u2019\u00eatre s\u00e9duits rien qu\u2019\u00e0 l\u2019odeur !&hellip;\n","protected":false},"author":2,"featured_media":457845,"comment_status":"","ping_status":"","sticky":false,"template":"","format":"standard","meta":{"footnotes":""},"categories":[2815],"tags":[1111,11,33,1777,674,1011,27,811,1307,12,3147,25],"class_list":{"0":"post-457844","1":"post","2":"type-post","3":"status-publish","4":"format-standard","5":"has-post-thumbnail","7":"category-lille","8":"tag-actu","9":"tag-actualites","10":"tag-economie","11":"tag-eu","12":"tag-europe","13":"tag-fr","14":"tag-france","15":"tag-hauts-de-france","16":"tag-lille","17":"tag-news","18":"tag-nouveaux-commerces","19":"tag-republique-francaise"},"share_on_mastodon":{"url":"https:\/\/pubeurope.com\/@fr\/115362198015446708","error":""},"_links":{"self":[{"href":"https:\/\/www.europesays.com\/fr\/wp-json\/wp\/v2\/posts\/457844","targetHints":{"allow":["GET"]}}],"collection":[{"href":"https:\/\/www.europesays.com\/fr\/wp-json\/wp\/v2\/posts"}],"about":[{"href":"https:\/\/www.europesays.com\/fr\/wp-json\/wp\/v2\/types\/post"}],"author":[{"embeddable":true,"href":"https:\/\/www.europesays.com\/fr\/wp-json\/wp\/v2\/users\/2"}],"replies":[{"embeddable":true,"href":"https:\/\/www.europesays.com\/fr\/wp-json\/wp\/v2\/comments?post=457844"}],"version-history":[{"count":0,"href":"https:\/\/www.europesays.com\/fr\/wp-json\/wp\/v2\/posts\/457844\/revisions"}],"wp:featuredmedia":[{"embeddable":true,"href":"https:\/\/www.europesays.com\/fr\/wp-json\/wp\/v2\/media\/457845"}],"wp:attachment":[{"href":"https:\/\/www.europesays.com\/fr\/wp-json\/wp\/v2\/media?parent=457844"}],"wp:term":[{"taxonomy":"category","embeddable":true,"href":"https:\/\/www.europesays.com\/fr\/wp-json\/wp\/v2\/categories?post=457844"},{"taxonomy":"post_tag","embeddable":true,"href":"https:\/\/www.europesays.com\/fr\/wp-json\/wp\/v2\/tags?post=457844"}],"curies":[{"name":"wp","href":"https:\/\/api.w.org\/{rel}","templated":true}]}}