{"id":457846,"date":"2025-10-12T16:43:10","date_gmt":"2025-10-12T16:43:10","guid":{"rendered":"https:\/\/www.europesays.com\/fr\/457846\/"},"modified":"2025-10-12T16:43:10","modified_gmt":"2025-10-12T16:43:10","slug":"superstar-pietonnisation-prix-casses-voici-les-15-infos-de-la-semaine-a-lille","status":"publish","type":"post","link":"https:\/\/www.europesays.com\/fr\/457846\/","title":{"rendered":"Superstar, pi\u00e9tonnisation, prix cass\u00e9s&#8230; Voici les 15 infos de la semaine \u00e0 Lille"},"content":{"rendered":"<p>            Par<br \/>\n        <strong><br \/>\n            <a href=\"https:\/\/actu.fr\/auteur\/nicolas-demollien\" title=\"Consulter tous les articles de Nicolas Demollien\" rel=\"nofollow noopener\" target=\"_blank\">Nicolas Demollien<\/a><br \/>\n        <\/strong><\/p>\n<p>        Publi\u00e9 le<\/p>\n<p>            12 oct. 2025 \u00e0 18h28        <\/p>\n<p>L\u2019actualit\u00e9 a une nouvelle fois \u00e9t\u00e9 riche cette semaine \u00e0 <a href=\"https:\/\/actu.fr\/hauts-de-france\/lille_59350\" rel=\"nofollow noopener\" target=\"_blank\">Lille<\/a> (Nord) comme dans ses alentours. Entre <b>drames, bonnes nouvelles<\/b> et <b>d\u00e9cisions d\u2019ampleur<\/b>, on vous r\u00e9sume les <b>informations qu\u2019il ne fallait pas louper<\/b> ces derniers jours.<\/p>\n<p>Les 15 infos de la semaine \u00e0 Lille et dans ses alentours<\/p>\n<ul class=\" wall-content\">\n<li><a href=\"https:\/\/actu.fr\/faits-divers\/belgique-drame-a-la-frontiere-une-jeune-femme-de-27-ans-se-tue-dans-un-accident-pres-de-lille_63258327.html\" rel=\"nofollow noopener\" target=\"_blank\">Belgique. Drame \u00e0 la fronti\u00e8re : une jeune femme de 27 ans se tue dans un accident pr\u00e8s de Lille<\/a><\/li>\n<\/ul>\n<p class=\" wall-content\">Les secours n\u2019ont rien pu faire. Dimanche 5 octobre 2025, une jeune femme est d\u00e9c\u00e9d\u00e9e dans un accident en Belgique, tout pr\u00e8s de la fronti\u00e8re avec le Nord. Elle avait 27 ans.<\/p>\n<ul class=\" wall-content\">\n<li><a href=\"https:\/\/actu.fr\/hauts-de-france\/roubaix_59512\/roubaix-une-nouvelle-boutique-de-jouets-a-prix-casses-ouvre-au-centre-commercial-lusine_63259148.html\" rel=\"nofollow noopener\" target=\"_blank\">Roubaix. Une nouvelle boutique de jouets \u00e0 prix cass\u00e9s ouvre au centre commercial L\u2019Usine<\/a><\/li>\n<\/ul>\n<p class=\" wall-content\">Voil\u00e0 qui ressemble fort \u00e0 un bon plan avec No\u00ebl qui approche ! A Roubaix (Nord), le centre commercial outlet L\u2019Usine accueille une boutique \u00e9ph\u00e9m\u00e8re de jouets \u00e0 prix cass\u00e9s !<\/p>\n<ul class=\" wall-content\">\n<li><a href=\"https:\/\/actu.fr\/hauts-de-france\/lille_59350\/lille-a-cormontaigne-wally-ouvre-fii-boutique-et-coffee-shop-pour-valoriser-le-cafe-africain_63260515.html\" rel=\"nofollow noopener\" target=\"_blank\">Lille. \u00c0 Cormontaigne, Wally ouvre Fii, boutique et coffee shop pour valoriser le caf\u00e9 africain<\/a><\/li>\n<\/ul>\n<p class=\" wall-content\">C\u2019est la nouvelle p\u00e9pite de Cormontaigne \u00e0 Lille, ouverte par le fondateur du Wally\u2019s Coffee. Chez Fii, on d\u00e9guste du bon caf\u00e9 africain, des p\u00e2tisseries et des plats sal\u00e9s.<\/p>\n<p>Votre r\u00e9gion, votre actu !<\/p>\n<p>Recevez chaque jour les infos qui comptent pour vous.<\/p>\n<p>\t<a href=\"https:\/\/actu.fr\/newsletter\" class=\"ac-btn ac-btn--corner ac-btn--medium ac-btn--blue800\" rel=\"nofollow noopener\" target=\"_blank\">S&rsquo;incrire<\/a><\/p>\n<ul class=\" wall-content\">\n<li><a href=\"https:\/\/actu.fr\/hauts-de-france\/villeneuve-d-ascq_59009\/villeneuve-dascq-voici-les-cinq-nouvelles-boutiques-qui-ont-ouvert-chez-aushopping-v2_63264567.html\" rel=\"nofollow noopener\" target=\"_blank\">Villeneuve-d\u2019Ascq : voici les cinq nouvelles boutiques qui ont ouvert chez Aushopping V2<\/a><\/li>\n<\/ul>\n<p class=\" wall-content\">Avis aux passionn\u00e9s de shopping\u2009! Le centre commercial Aushopping V2 de Villeneuve-d\u2019Ascq (Nord) a accueilli cinq nouvelles boutiques ces derni\u00e8res semaines. On fait le point.<\/p>\n<ul class=\" wall-content\">\n<li><a href=\"https:\/\/actu.fr\/hauts-de-france\/lille_59350\/emploi-creche-entretien-secretariat-la-mairie-de-lille-lance-une-nouvelle-vague-de-recrutements_63264746.html\" rel=\"nofollow noopener\" target=\"_blank\">Emploi. Cr\u00e8che, entretien, secr\u00e9tariat : la mairie de Lille lance une nouvelle vague de recrutements<\/a><\/li>\n<\/ul>\n<p class=\" wall-content\">Nouvelle vague de recrutements \u00e0 la mairie de Lille (Nord), en ce mois d\u2019octobre\u00a02025\u2009: personnels en cr\u00e8che, ma\u00eetre-nageur, entretien\u2026 Les offres sont tr\u00e8s diverses.<\/p>\n<ul class=\" wall-content\">\n<li><a href=\"https:\/\/actu.fr\/hauts-de-france\/lille_59350\/vieux-lille-cafes-et-patisseries-dexception-chez-bienvenue-le-nouveau-coffee-shop-de-la-rue-esquermoise_63261950.html\" rel=\"nofollow noopener\" target=\"_blank\">Vieux-Lille. Caf\u00e9s et p\u00e2tisseries d\u2019exception chez Bienvenue, le nouveau coffee shop de la rue Esquermoise<\/a><\/li>\n<\/ul>\n<p class=\" wall-content\">Cette nouvelle adresse devrait vite devenir incontournable dans le Vieux-Lille. Le 30 septembre a ouvert Bienvenue, coffee shop o\u00f9 se c\u00f4toient caf\u00e9s, sandwichs et gourmandises.<\/p>\n<ul class=\" wall-content\">\n<li><a href=\"https:\/\/actu.fr\/hauts-de-france\/lille_59350\/vieux-lille-john-weng-le-bistro-asiatique-aux-plats-creatifs-debarque-rue-de-gand_63273455.html\" rel=\"nofollow noopener\" target=\"_blank\">Vieux-Lille. John Weng, le bistro asiatique aux plats cr\u00e9atifs, d\u00e9barque rue de Gand<\/a><\/li>\n<\/ul>\n<p class=\" wall-content\">Amateurs de cuisine fusion, vous \u00eates au bon endroit ! Le restaurant John Weng, proposant des plats de bistro avec un twist asiatique, a ouvert rue de Gand dans le Vieux-Lille.<\/p>\n<ul class=\" wall-content\">\n<li><a href=\"https:\/\/actu.fr\/hauts-de-france\/roubaix_59512\/la-bac-se-met-sur-la-piste-dun-sac-vole-en-gare-lille-flandres-voici-comment-elle-la-retrouve-a-roubaix_63276806.html\" rel=\"nofollow noopener\" target=\"_blank\">La BAC se met sur la piste d\u2019un sac vol\u00e9 en gare Lille-Flandres : voici comment elle l\u2019a retrouv\u00e9 \u00e0 Roubaix<\/a><\/li>\n<\/ul>\n<p class=\" wall-content\">Un individu a vol\u00e9 un sac \u00e0 la gare Lille-Flandres, et s\u2019est empress\u00e9 d\u2019emmener loin son butin, \u00e0 Roubaix (Nord). Mais la BAC l\u2019a retrouv\u00e9 avec une facilit\u00e9 folle, voici comment.<\/p>\n<ul class=\" wall-content\">\n<li><a href=\"https:\/\/actu.fr\/hauts-de-france\/villeneuve-d-ascq_59009\/une-date-a-lille-dans-une-tournee-europeenne-evenement-cette-superstar-se-produira-a-pierre-mauroy-en-2026_63278881.html\" rel=\"nofollow noopener\" target=\"_blank\">Une date \u00e0 Lille dans une tourn\u00e9e europ\u00e9enne \u00e9v\u00e9nement : cette superstar se produira \u00e0 Pierre-Mauroy en 2026<\/a><\/li>\n<\/ul>\n<p class=\" wall-content\">Incroyable nouvelle, tomb\u00e9e ce jeudi 9 octobre 2025 en fin d\u2019apr\u00e8s-midi : une superstar, qui a notamment assur\u00e9 le show \u00e0 un Super Bowl, se produira au stade Pierre-Mauroy en 2026.<\/p>\n<ul class=\" wall-content\">\n<li><a href=\"https:\/\/actu.fr\/hauts-de-france\/lille_59350\/lille-pietonnisation-de-la-grandplace-les-professionnels-redoutent-une-ville-qui-devient-inaccessible_63275302.html\" rel=\"nofollow noopener\" target=\"_blank\">Lille. Pi\u00e9tonnisation de la Grand\u2019Place : les professionnels redoutent une ville qui devient inaccessible<\/a><\/li>\n<\/ul>\n<p class=\" wall-content\">L\u2019annonce de la pi\u00e9tonnisation de la Grand\u2019Place de Lille, \u00e0 compter de janvier 2026, est loin de faire l\u2019unanimit\u00e9. Les professionnels du commerce s\u2019inqui\u00e8tent des cons\u00e9quences.<\/p>\n<ul class=\" wall-content\">\n<li><a href=\"https:\/\/actu.fr\/hauts-de-france\/la-madeleine_59368\/success-story-11-ans-et-6-boutiques-plus-tard-la-boulangerie-brice-ouvre-une-7eme-a-la-madeleine_63278454.html\" rel=\"nofollow noopener\" target=\"_blank\">Success story. 11 ans et 6 boutiques plus tard, la Boulangerie Brice ouvre une 7\u00e8me \u00e0 La Madeleine<\/a><\/li>\n<\/ul>\n<p class=\" wall-content\">La belle r\u00e9ussite de la fratrie Brice se poursuit dans la m\u00e9tropole de Lille avec l\u2019ouverture d\u2019ici la fin de l\u2019ann\u00e9e d\u2019une nouvelle boulangerie \u00e0 La Madeleine.<\/p>\n<ul class=\" wall-content\">\n<li><a href=\"https:\/\/actu.fr\/hauts-de-france\/lille_59350\/samuel-finielz-a-pris-ses-fonctions-qui-est-le-nouveau-procureur-de-la-republique-de-lille_63284168.html\" rel=\"nofollow noopener\" target=\"_blank\">Samuel Finielz a pris ses fonctions : qui est le nouveau procureur de la R\u00e9publique de Lille ?<\/a><\/li>\n<\/ul>\n<p class=\" wall-content\">Samuel Finielz est le nouveau procureur de la R\u00e9publique de Lille. Sa prise de fonction a \u00e9t\u00e9 officialis\u00e9e ce vendredi 10 octobre, lors d\u2019une \u00ab\u00a0audience solennelle de pr\u00e9sentation\u00a0\u00bb.<\/p>\n<ul class=\" wall-content\">\n<li><a href=\"https:\/\/actu.fr\/hauts-de-france\/lille_59350\/lille-cafe-huguette-le-nouveau-coffee-shop-de-quartier-de-la-place-jeanne-darc_63277699.html\" rel=\"nofollow noopener\" target=\"_blank\">Lille. Caf\u00e9 Huguette, le nouveau coffee shop de quartier de la place Jeanne d\u2019Arc<\/a><\/li>\n<\/ul>\n<p class=\" wall-content\">Alerte gourmande\u2009! Le Caf\u00e9 Huguette a ouvert ses portes en septembre\u00a02025 \u00e0 Lille (Nord). D\u00e9couverte de ce coffee shop cosy tenu par L\u00e9a et Thomas, qui ont d\u00e9j\u00e0 leurs fid\u00e8les.<\/p>\n<ul class=\" wall-content\">\n<li><a href=\"https:\/\/actu.fr\/hauts-de-france\/lille_59350\/casino-barriere-de-lille-elle-remporte-une-enorme-somme-comme-venait-de-lui-predire-un-magicien_63285815.html\" rel=\"nofollow noopener\" target=\"_blank\">Casino Barri\u00e8re de Lille : elle remporte une \u00e9norme somme comme venait de lui pr\u00e9dire un magicien !<\/a><\/li>\n<\/ul>\n<p class=\" wall-content\">Histoire magique au casino Barri\u00e8re de Lille (Nord) jeudi 9 octobre 2025. Une joueuse a remport\u00e9 le jackpot comme venait de le lui pr\u00e9dire un magicien sans trop y croire ! R\u00e9cit.<\/p>\n<ul class=\" wall-content\">\n<li><a href=\"https:\/\/actu.fr\/hauts-de-france\/lille_59350\/dans-ces-rues-de-lille-les-proprietaires-dimmeubles-vont-devoir-faire-un-diagnostic-structurel_63287362.html\" rel=\"nofollow noopener\" target=\"_blank\">Dans ces rues de Lille, les propri\u00e9taires d\u2019immeubles vont devoir faire un diagnostic structurel<\/a><\/li>\n<\/ul>\n<p class=\" wall-content\">Les \u00e9lus de Lille (Nord) ont d\u00e9fini les p\u00e9rim\u00e8tres \u00e0 l\u2019int\u00e9rieur desquels tout b\u00e2timent d\u2019habitation collectif devra faire l\u2019objet d\u2019un diagnostic structurel. D\u00e9tails.<\/p>\n<p class=\" wall-content\">Personnalisez votre actualit\u00e9 en ajoutant vos villes et m\u00e9dias en favori avec <a href=\"https:\/\/moncompte.actu.fr\" title=\"D\u00e9couvez Mon Actu\" rel=\"nofollow noopener\" data-trk=\"{&quot;cta&quot;:{&quot;action&quot;:&quot;https:\\\/\\\/moncompte.actu.fr&quot;,&quot;category&quot;:&quot;mon compte&quot;,&quot;from&quot;:&quot;article footer&quot;,&quot;name&quot;:&quot;Mon actu&quot;,&quot;type&quot;:&quot;cta&quot;}}\" target=\"_blank\">Mon Actu<\/a>.<\/p>\n","protected":false},"excerpt":{"rendered":"Par Nicolas Demollien Publi\u00e9 le 12 oct. 2025 \u00e0 18h28 L\u2019actualit\u00e9 a une nouvelle fois \u00e9t\u00e9 riche cette&hellip;\n","protected":false},"author":2,"featured_media":457847,"comment_status":"","ping_status":"","sticky":false,"template":"","format":"standard","meta":{"footnotes":""},"categories":[2815],"tags":[1111,11,1777,674,1011,27,811,1307,12,25,104],"class_list":{"0":"post-457846","1":"post","2":"type-post","3":"status-publish","4":"format-standard","5":"has-post-thumbnail","7":"category-lille","8":"tag-actu","9":"tag-actualites","10":"tag-eu","11":"tag-europe","12":"tag-fr","13":"tag-france","14":"tag-hauts-de-france","15":"tag-lille","16":"tag-news","17":"tag-republique-francaise","18":"tag-societe"},"share_on_mastodon":{"url":"https:\/\/pubeurope.com\/@fr\/115362201924292415","error":""},"_links":{"self":[{"href":"https:\/\/www.europesays.com\/fr\/wp-json\/wp\/v2\/posts\/457846","targetHints":{"allow":["GET"]}}],"collection":[{"href":"https:\/\/www.europesays.com\/fr\/wp-json\/wp\/v2\/posts"}],"about":[{"href":"https:\/\/www.europesays.com\/fr\/wp-json\/wp\/v2\/types\/post"}],"author":[{"embeddable":true,"href":"https:\/\/www.europesays.com\/fr\/wp-json\/wp\/v2\/users\/2"}],"replies":[{"embeddable":true,"href":"https:\/\/www.europesays.com\/fr\/wp-json\/wp\/v2\/comments?post=457846"}],"version-history":[{"count":0,"href":"https:\/\/www.europesays.com\/fr\/wp-json\/wp\/v2\/posts\/457846\/revisions"}],"wp:featuredmedia":[{"embeddable":true,"href":"https:\/\/www.europesays.com\/fr\/wp-json\/wp\/v2\/media\/457847"}],"wp:attachment":[{"href":"https:\/\/www.europesays.com\/fr\/wp-json\/wp\/v2\/media?parent=457846"}],"wp:term":[{"taxonomy":"category","embeddable":true,"href":"https:\/\/www.europesays.com\/fr\/wp-json\/wp\/v2\/categories?post=457846"},{"taxonomy":"post_tag","embeddable":true,"href":"https:\/\/www.europesays.com\/fr\/wp-json\/wp\/v2\/tags?post=457846"}],"curies":[{"name":"wp","href":"https:\/\/api.w.org\/{rel}","templated":true}]}}