{"id":457849,"date":"2025-10-12T16:45:14","date_gmt":"2025-10-12T16:45:14","guid":{"rendered":"https:\/\/www.europesays.com\/fr\/457849\/"},"modified":"2025-10-12T16:45:14","modified_gmt":"2025-10-12T16:45:14","slug":"la-fermeture-des-galeries-lafayette-de-marseille-approche-liquidation-de-la-marchandise-cette-semaine","status":"publish","type":"post","link":"https:\/\/www.europesays.com\/fr\/457849\/","title":{"rendered":"La fermeture des Galeries Lafayette de Marseille approche\u00a0: liquidation de la marchandise cette semaine"},"content":{"rendered":"<p>Le compte \u00e0 rebours s&rsquo;acc\u00e9l\u00e8re pour la fermeture des deux magasins des Galeries Lafayette de Marseille. La liquidation de la marchandise restant en rayon d\u00e9bute ce mercredi 15 octobre.<\/p>\n<p>C\u2019est une des derni\u00e8res \u00e9tapes avant la fermeture d\u00e9finitive des deux magasins des Galeries Lafayette de Marseille, <strong>la liquidation<\/strong> de la marchandise restant en rayon d\u00e9bute ce <strong>mercredi 15 octobre<\/strong> jusqu&rsquo;\u00e0 la date de fermeture d\u00e9finitive <strong>le samedi 29 novembre.<\/strong><\/p>\n<p>Ces fermetures constituent un nouveau coup dur pour l&rsquo;activit\u00e9 commerciale du centre de Marseille, en d\u00e9clin depuis plusieurs ann\u00e9es notamment du c\u00f4t\u00e9 du Vieux Port.\u00a0Les 145 salari\u00e9s du centre Bourse dans le centre-ville et de Prado Shopping pr\u00e8s du stade V\u00e9lodrome sont accompagn\u00e9s pour leur licenciement.<\/p>\n<p>La tristesse et la nostalgie envahissent le magasin du Centre Bourse<\/p>\n<p>Peu de clients et des rayons qui se vident de plus en plus, depuis quelques semaines c&rsquo;est d\u00e9j\u00e0 la braderie avec des r\u00e9ductions sur certains articles jusqu\u2019 \u00e0 <strong>80%.<\/strong> A\u00a0partir de ce mercredi 15 octobre, ce sera la liquidation sur l&rsquo;ensemble du stock du magasin.<\/p>\n<p>Cette vendeuse travaille ici <strong>depuis 30 ans<\/strong> et pour elle \u00ab\u00a0les Galeries font partie de Marseille&#8230; Qui ne conna\u00eet pas le Centre Bourse, \u00e0 deux pas du Vieux Port\u00a0? Tout le monde venait faire ses courses ici notamment les touristes. C&rsquo;est tr\u00e8s triste.\u00a0\u00bb<\/p>\n<p>L&rsquo;incompr\u00e9hension se ressent aussi du c\u00f4t\u00e9 des clientes fid\u00e8les, beaucoup d&rsquo;habitu\u00e9es du quartier comme Marie France\u00a0:\u00a0\u00ab\u00a0On peut y acheter des v\u00eatements, des produits de beaut\u00e9, des draps, il y a un tr\u00e8s grand choix \u00e7a va nous manquer\u00a0\u00bb.<br \/>Cette absence est aussi une \u00e9vidence pour Murielle. Cette caissi\u00e8re a fait presque toute sa carri\u00e8re ici\u00a0:\u00a0\u00a0\u00ab\u00a0ce lieu, c\u2019\u00e9tait partager des repas, des choses toutes simples, \u00e7a va \u00eatre compliqu\u00e9. <strong>C&rsquo;est la fin d&rsquo;une \u00e9poque<\/strong>, mais c&rsquo;est peut-\u00eatre pour mieux rebondir.\u00a0\u00bb<\/p>\n<p><img loading=\"lazy\" decoding=\"async\" class=\"VisualPreview svelte-1rldrkz\" src=\"data:image\/jpeg;base64,\/9j\/2wBDACgcHiMeGSgjISMtKygwPGRBPDc3PHtYXUlkkYCZlo+AjIqgtObDoKrarYqMyP\/L2u71\/\/\/\/m8H\/\/\/\/6\/+b9\/\/j\/2wBDASstLTw1PHZBQXb4pYyl+Pj4+Pj4+Pj4+Pj4+Pj4+Pj4+Pj4+Pj4+Pj4+Pj4+Pj4+Pj4+Pj4+Pj4+Pj4+Pj4+Pj\/wAARCAAfACoDASIAAhEBAxEB\/8QAFwABAQEBAAAAAAAAAAAAAAAAAgEDAP\/EABgQAQEBAQEAAAAAAAAAAAAAAAABEQIS\/8QAFwEAAwEAAAAAAAAAAAAAAAAAAAECA\/\/EABURAQEAAAAAAAAAAAAAAAAAAAAB\/9oADAMBAAIRAxEAPwDORccUFNMQ8SxJhamlYOAFKsrPSlaWE1i4PNaRFhheU8N8d5SH\/9k=\" alt=\"Des all\u00e9es du magasin du Centre Bourse d\u00e9sertes malgr\u00e9 des petits prix\" width=\"600\" height=\"450\"\/>  Des all\u00e9es du magasin du Centre Bourse d\u00e9sertes malgr\u00e9 des petits prix \u00a9 Radio France &#8211; Philippe BoccaraUn accompagnement sur mesure pour les 145 salari\u00e9s des deux magasins<\/p>\n<p>Les 145 salari\u00e9s des deux magasins de Marseille sont bien \u00e9videmment dans l&rsquo;angoisse de leur licenciement, cependant beaucoup d&rsquo;entre eux avouent \u00eatre bien accompagn\u00e9s par un cabinet sp\u00e9cialis\u00e9. Trois personnes ont d\u00e9j\u00e0 retrouv\u00e9 un CDI sur Marseille, cinq sont en cong\u00e9s reconversion longue dur\u00e9e, une personne a \u00e9t\u00e9 mut\u00e9e \u00e0 Paris.<\/p>\n<p>Toutes les autres recevront leur lettre de licenciement d\u00e9but d\u00e9cembre. Elles pourront choisir entre des cong\u00e9s de reclassement de 6 \u00e0 14 mois ou alors toucher des indemnit\u00e9s.<\/p>\n<p>Pour l&rsquo;instant pas d&rsquo;information certaine sur les noms des nouveaux occupants de ces dizaines de milliers de m\u00e8tres carr\u00e9s de surfaces commerciales du centre-ville de Marseille.<\/p>\n","protected":false},"excerpt":{"rendered":"Le compte \u00e0 rebours s&rsquo;acc\u00e9l\u00e8re pour la fermeture des deux magasins des Galeries Lafayette de Marseille. La liquidation&hellip;\n","protected":false},"author":2,"featured_media":457850,"comment_status":"","ping_status":"","sticky":false,"template":"","format":"standard","meta":{"footnotes":""},"categories":[2814],"tags":[1111,11,1777,674,1011,27,884,12,882,25],"class_list":{"0":"post-457849","1":"post","2":"type-post","3":"status-publish","4":"format-standard","5":"has-post-thumbnail","7":"category-marseille","8":"tag-actu","9":"tag-actualites","10":"tag-eu","11":"tag-europe","12":"tag-fr","13":"tag-france","14":"tag-marseille","15":"tag-news","16":"tag-provence-alpes-cote-dazur","17":"tag-republique-francaise"},"share_on_mastodon":{"url":"https:\/\/pubeurope.com\/@fr\/115362209763172537","error":""},"_links":{"self":[{"href":"https:\/\/www.europesays.com\/fr\/wp-json\/wp\/v2\/posts\/457849","targetHints":{"allow":["GET"]}}],"collection":[{"href":"https:\/\/www.europesays.com\/fr\/wp-json\/wp\/v2\/posts"}],"about":[{"href":"https:\/\/www.europesays.com\/fr\/wp-json\/wp\/v2\/types\/post"}],"author":[{"embeddable":true,"href":"https:\/\/www.europesays.com\/fr\/wp-json\/wp\/v2\/users\/2"}],"replies":[{"embeddable":true,"href":"https:\/\/www.europesays.com\/fr\/wp-json\/wp\/v2\/comments?post=457849"}],"version-history":[{"count":0,"href":"https:\/\/www.europesays.com\/fr\/wp-json\/wp\/v2\/posts\/457849\/revisions"}],"wp:featuredmedia":[{"embeddable":true,"href":"https:\/\/www.europesays.com\/fr\/wp-json\/wp\/v2\/media\/457850"}],"wp:attachment":[{"href":"https:\/\/www.europesays.com\/fr\/wp-json\/wp\/v2\/media?parent=457849"}],"wp:term":[{"taxonomy":"category","embeddable":true,"href":"https:\/\/www.europesays.com\/fr\/wp-json\/wp\/v2\/categories?post=457849"},{"taxonomy":"post_tag","embeddable":true,"href":"https:\/\/www.europesays.com\/fr\/wp-json\/wp\/v2\/tags?post=457849"}],"curies":[{"name":"wp","href":"https:\/\/api.w.org\/{rel}","templated":true}]}}