{"id":457851,"date":"2025-10-12T16:46:11","date_gmt":"2025-10-12T16:46:11","guid":{"rendered":"https:\/\/www.europesays.com\/fr\/457851\/"},"modified":"2025-10-12T16:46:11","modified_gmt":"2025-10-12T16:46:11","slug":"inquietude-chez-les-chasseurs-pres-de-lyon","status":"publish","type":"post","link":"https:\/\/www.europesays.com\/fr\/457851\/","title":{"rendered":"inqui\u00e9tude chez les chasseurs pr\u00e8s de Lyon"},"content":{"rendered":"<p itemprop=\"description\"><strong>Surprise am\u00e8re pour une vingtaine de chasseurs en pleine battue : leurs v\u00e9hicules ont \u00e9t\u00e9 d\u00e9grad\u00e9s et du mat\u00e9riel d\u00e9rob\u00e9.<\/strong><\/p>\n<p>Samedi apr\u00e8s-midi, une vingtaine de chasseurs de la soci\u00e9t\u00e9 locale de Vaux-en-Beaujolais participaient \u00e0 une battue aux sangliers entre 14 heures et 16 heures, dans plusieurs secteurs compris entre le lieu-dit du Parasoir et Les Bussi\u00e8res. Alors que les participants faisaient des allers-retours pour r\u00e9cup\u00e9rer leurs chiens, tout semblait se d\u00e9rouler normalement jusqu\u2019au dernier passage vers 14h45.<\/p>\n<p>\u00c0 leur retour, la surprise est totale : cinq v\u00e9hicules sur six ont \u00e9t\u00e9 vandalis\u00e9s. Deux voitures stationn\u00e9es pr\u00e8s de la cabane de chasse, proche du stade municipal, font partie des cibles. Si aucun chien n\u2019\u00e9tait pr\u00e9sent dans les v\u00e9hicules au moment des faits, les d\u00e9g\u00e2ts sont importants : vols de colliers GPS pour chiens, disparition de cartouches, d\u2019effets vestimentaires et m\u00eame d\u2019accessoires d\u2019armes.<\/p>\n<p>Selon Le Progr\u00e8s, les chasseurs \u00e9voquent des actes manifestement cibl\u00e9s, laissant planer la question d\u2019un rep\u00e9rage pr\u00e9alable ou d\u2019une intention volontaire de nuire. La soci\u00e9t\u00e9 locale de chasse rappelle qu\u2019elle intervient chaque ann\u00e9e pour r\u00e9guler la population de sangliers, notamment pour limiter les d\u00e9g\u00e2ts dans les parcelles agricoles du secteur.<\/p>\n<p>Les gendarmes se sont rendus sur place d\u00e8s samedi pour constater les faits. Des plaintes devaient \u00eatre d\u00e9pos\u00e9es ce dimanche 12 octobre. Selon la F\u00e9d\u00e9ration de chasse du Rh\u00f4ne, des faits similaires auraient \u00e9t\u00e9 signal\u00e9s dans le village voisin de Saint-Cyr-le-Ch\u00e2toux, o\u00f9 des v\u00e9hicules auraient \u00e9galement \u00e9t\u00e9 vis\u00e9s.<\/p>\n<p>L\u2019enqu\u00eate devra d\u00e9terminer si ces actes sont li\u00e9s et s\u2019il s\u2019agit d\u2019une action organis\u00e9e contre les chasseurs du secteur.<\/p>\n","protected":false},"excerpt":{"rendered":"Surprise am\u00e8re pour une vingtaine de chasseurs en pleine battue : leurs v\u00e9hicules ont \u00e9t\u00e9 d\u00e9grad\u00e9s et du&hellip;\n","protected":false},"author":2,"featured_media":457852,"comment_status":"","ping_status":"","sticky":false,"template":"","format":"standard","meta":{"footnotes":""},"categories":[1889],"tags":[1111,11,2813,2190,2430,1109,251,1112,2811,1777,674,118,1011,27,1922,1110,1114,2428,2810,12,241,316,25,2812,517,800],"class_list":{"0":"post-457851","1":"post","2":"type-post","3":"status-publish","4":"format-standard","5":"has-post-thumbnail","7":"category-lyon","8":"tag-actu","9":"tag-actualites","10":"tag-article","11":"tag-asvel","12":"tag-auvergne-rhone-alpes","13":"tag-breves","14":"tag-culture","15":"tag-depeches","16":"tag-economique","17":"tag-eu","18":"tag-europe","19":"tag-faits-divers","20":"tag-fr","21":"tag-france","22":"tag-info","23":"tag-informations","24":"tag-infos","25":"tag-lyon","26":"tag-lyonmag","27":"tag-news","28":"tag-ol","29":"tag-politique","30":"tag-republique-francaise","31":"tag-sociale","32":"tag-sport","33":"tag-transports"},"share_on_mastodon":{"url":"https:\/\/pubeurope.com\/@fr\/115362213734334828","error":""},"_links":{"self":[{"href":"https:\/\/www.europesays.com\/fr\/wp-json\/wp\/v2\/posts\/457851","targetHints":{"allow":["GET"]}}],"collection":[{"href":"https:\/\/www.europesays.com\/fr\/wp-json\/wp\/v2\/posts"}],"about":[{"href":"https:\/\/www.europesays.com\/fr\/wp-json\/wp\/v2\/types\/post"}],"author":[{"embeddable":true,"href":"https:\/\/www.europesays.com\/fr\/wp-json\/wp\/v2\/users\/2"}],"replies":[{"embeddable":true,"href":"https:\/\/www.europesays.com\/fr\/wp-json\/wp\/v2\/comments?post=457851"}],"version-history":[{"count":0,"href":"https:\/\/www.europesays.com\/fr\/wp-json\/wp\/v2\/posts\/457851\/revisions"}],"wp:featuredmedia":[{"embeddable":true,"href":"https:\/\/www.europesays.com\/fr\/wp-json\/wp\/v2\/media\/457852"}],"wp:attachment":[{"href":"https:\/\/www.europesays.com\/fr\/wp-json\/wp\/v2\/media?parent=457851"}],"wp:term":[{"taxonomy":"category","embeddable":true,"href":"https:\/\/www.europesays.com\/fr\/wp-json\/wp\/v2\/categories?post=457851"},{"taxonomy":"post_tag","embeddable":true,"href":"https:\/\/www.europesays.com\/fr\/wp-json\/wp\/v2\/tags?post=457851"}],"curies":[{"name":"wp","href":"https:\/\/api.w.org\/{rel}","templated":true}]}}