{"id":457853,"date":"2025-10-12T16:47:13","date_gmt":"2025-10-12T16:47:13","guid":{"rendered":"https:\/\/www.europesays.com\/fr\/457853\/"},"modified":"2025-10-12T16:47:13","modified_gmt":"2025-10-12T16:47:13","slug":"dominique-blanc-en-toutes-confidences-au-festival-lumiere","status":"publish","type":"post","link":"https:\/\/www.europesays.com\/fr\/457853\/","title":{"rendered":"Dominique Blanc en toutes confidences au Festival Lumi\u00e8re"},"content":{"rendered":"<p>Soudaine \u00e9motion. Cela fait plus d\u2019une 1\u00a0h\u00a015 que la com\u00e9dienne Dominique Blanc se raconte pour le public du Festival Lumi\u00e8re ce dimanche matin au Path\u00e9 Bellecour. Elle en est \u00e0 \u00e9voquer une p\u00e9riode de sa vie o\u00f9, \u00e9puis\u00e9e, elle s\u2019\u00e9tait effondr\u00e9e et avait d\u00fb \u00eatre hospitalis\u00e9e.<\/p>\n<p>Elle raconte comment, avec Patrice Ch\u00e9reau, ils avaient retenu le texte de La Douleur de Marguerite Duras. \u00ab\u00a0Le soir de la premi\u00e8re, je ne savais pas si je pouvais encore monter sur sc\u00e8ne\u00a0\u00bb, souffle-t-elle alors dans un sanglot qui affleure.<\/p>\n<p>Tout finira bien, le metteur en sc\u00e8ne devinant son envie de fuir et trouvant la bonne attitude pour que tout reparte.<\/p>\n<p>Aupar&#8230;<\/p>\n","protected":false},"excerpt":{"rendered":"Soudaine \u00e9motion. Cela fait plus d\u2019une 1\u00a0h\u00a015 que la com\u00e9dienne Dominique Blanc se raconte pour le public du&hellip;\n","protected":false},"author":2,"featured_media":457854,"comment_status":"","ping_status":"","sticky":false,"template":"","format":"standard","meta":{"footnotes":""},"categories":[1889],"tags":[1111,11,2430,650,1687,2757,1777,674,34755,107,1011,27,2428,2756,12,25,2429,273],"class_list":{"0":"post-457853","1":"post","2":"type-post","3":"status-publish","4":"format-standard","5":"has-post-thumbnail","7":"category-lyon","8":"tag-actu","9":"tag-actualites","10":"tag-auvergne-rhone-alpes","11":"tag-cinema","12":"tag-culture-loisirs","13":"tag-edition-lyon-villeurbanne","14":"tag-eu","15":"tag-europe","16":"tag-festival-lumiere","17":"tag-fil-info","18":"tag-fr","19":"tag-france","20":"tag-lyon","21":"tag-lyon-bassin","22":"tag-news","23":"tag-republique-francaise","24":"tag-rhone","25":"tag-selection-de-la-redaction"},"share_on_mastodon":{"url":"https:\/\/pubeurope.com\/@fr\/115362217527405975","error":""},"_links":{"self":[{"href":"https:\/\/www.europesays.com\/fr\/wp-json\/wp\/v2\/posts\/457853","targetHints":{"allow":["GET"]}}],"collection":[{"href":"https:\/\/www.europesays.com\/fr\/wp-json\/wp\/v2\/posts"}],"about":[{"href":"https:\/\/www.europesays.com\/fr\/wp-json\/wp\/v2\/types\/post"}],"author":[{"embeddable":true,"href":"https:\/\/www.europesays.com\/fr\/wp-json\/wp\/v2\/users\/2"}],"replies":[{"embeddable":true,"href":"https:\/\/www.europesays.com\/fr\/wp-json\/wp\/v2\/comments?post=457853"}],"version-history":[{"count":0,"href":"https:\/\/www.europesays.com\/fr\/wp-json\/wp\/v2\/posts\/457853\/revisions"}],"wp:featuredmedia":[{"embeddable":true,"href":"https:\/\/www.europesays.com\/fr\/wp-json\/wp\/v2\/media\/457854"}],"wp:attachment":[{"href":"https:\/\/www.europesays.com\/fr\/wp-json\/wp\/v2\/media?parent=457853"}],"wp:term":[{"taxonomy":"category","embeddable":true,"href":"https:\/\/www.europesays.com\/fr\/wp-json\/wp\/v2\/categories?post=457853"},{"taxonomy":"post_tag","embeddable":true,"href":"https:\/\/www.europesays.com\/fr\/wp-json\/wp\/v2\/tags?post=457853"}],"curies":[{"name":"wp","href":"https:\/\/api.w.org\/{rel}","templated":true}]}}