{"id":457855,"date":"2025-10-12T16:49:13","date_gmt":"2025-10-12T16:49:13","guid":{"rendered":"https:\/\/www.europesays.com\/fr\/457855\/"},"modified":"2025-10-12T16:49:13","modified_gmt":"2025-10-12T16:49:13","slug":"ratp-et-sncf-les-perturbations-attendues-dans-les-transports-a-paris-et-en-ile-de-france-cette-semaine-21","status":"publish","type":"post","link":"https:\/\/www.europesays.com\/fr\/457855\/","title":{"rendered":"RATP et SNCF. Les perturbations attendues dans les transports \u00e0 Paris et en \u00cele-de-France cette semaine"},"content":{"rendered":"<p>            Par<br \/>\n        <strong><br \/>\n            <a href=\"https:\/\/actu.fr\/auteur\/redaction-paris\" title=\"Consulter tous les articles de R\u00e9daction Paris\" target=\"_blank\" rel=\"noopener\">R\u00e9daction Paris<\/a><br \/>\n        <\/strong><\/p>\n<p>        Publi\u00e9 le<\/p>\n<p>            12 oct. 2025 \u00e0 18h05        <\/p>\n<p>Nouvelles <strong>perturbations<\/strong>. Alors que les <strong>vacances scolaires<\/strong> de la Toussaint d\u00e9butent ce vendredi 17\u00a0octobre 2025, les <a href=\"https:\/\/actu.fr\/tag\/transport\" target=\"_blank\" rel=\"noopener\">transports en commun<\/a> \u00e0 <a href=\"https:\/\/actu.fr\/paris\/\" target=\"_blank\" rel=\"noopener\">Paris<\/a> et en <a href=\"https:\/\/actu.fr\/ile-de-france\/\" target=\"_blank\" rel=\"noopener\">\u00cele-de-France<\/a> seront entrav\u00e9s du lundi\u00a013 au dimanche 19\u00a0octobre 2025. RER, <a href=\"https:\/\/actu.fr\/tag\/metro\" target=\"_blank\" rel=\"noopener\">m\u00e9tro<\/a>, tramway ou encore Transilien, les lignes <a href=\"https:\/\/actu.fr\/tag\/ratp\" target=\"_blank\" rel=\"noopener\">RATP<\/a> et <a href=\"https:\/\/actu.fr\/tag\/sncf\" target=\"_blank\" rel=\"noopener\">SNCF<\/a> seront concern\u00e9es. Actu Paris fait le point.<\/p>\n<p class=\" wall-content\"><strong>M\u00e9tro<\/strong><\/p>\n<ul class=\" wall-content\">\n<li><strong>Ligne 6<\/strong>\u2009: du samedi 18\u00a0octobre au dimanche 19\u00a0octobre, le trafic sera interrompu sur toute la ligne en raison de travaux de modernisation. Bus de remplacement entre CDG Etoile \/ La Motte- Picquet \u2013 Grenelle et Nation \/ Daumesnil.<\/li>\n<li><strong>Ligne 12<\/strong>\u2009: jusqu\u2019au 16\u00a0novembre, le trafic sera interrompu entre Montparnasse Bienvenue et Mairie d\u2019Issy en raison de travaux.<\/li>\n<\/ul>\n<p class=\" wall-content\"><strong>RER<\/strong><\/p>\n<ul class=\" wall-content\">\n<li><strong>RER A<\/strong>\u2009: jusqu\u2019au vendredi 17\u00a0octobre, du lundi au vendredi d\u00e8s 21h50, le trafic est interrompu entre Maisons-Laffitte et Cergy \u2013 Le Haut en raison de travaux. Bus de remplacement \u00e0 Sartrouville.<\/li>\n<li><strong>RER B<\/strong>\u2009: jusqu\u2019au vendredi 17\u00a0octobre, d\u00e8s 22h45, le trafic sera interrompu entre\u200b\u200b\u200b\u200b\u200b\u200b Ch\u00e2telet \u2013 Les Halles et A\u00e9roport Charles de Gaulle 2 \u2013 TGV via Mitry \u2013 Claye \u200b\u200b\u200b\u200ben raison de travaux. Bus de remplacement mis en place.<\/li>\n<li><strong>RER C<\/strong>\u2009: dimanche 19\u00a0octobre, d\u00e8s 23h45, le trafic est interrompu entre Dourdan et Paris Austerlitz. Jusqu\u2019au 31\u00a0octobre, du lundi au vendredi d\u00e8s 23h30, le trafic est interrompu entre Gare d\u2019Austerlitz et Saint-Martin d\u2019\u00c9tampes, et entre Dourdan la For\u00eat et Gare d\u2019Austerlitz. Bus de remplacement. Idem de Saint-Quentin en Yvelines vers Javel. Idem entre Javel et Versailles Ch\u00e2teau Rive Gauche. Idem, le trafic est interrompu entre Paris Austerlitz et Juvisy \u00e0 partir de 23h30. Idem entre Paris Austerlitz et Pont de Rungis. Idem\u00a0entre Avenue Henri Martin et Montigny \u2013 Beauchamp et Pontoise. Jusqu\u2019au 11\u00a0janvier, l\u2019arr\u00eat n\u2019est pas desservi \u00e0 Issy vers Dourdan la For\u00eat, Saint-Martin d\u2019\u00c9tampes et Massy \u2013 Palaiseau en raison de travaux.<\/li>\n<li><strong>RER D<\/strong>\u2009: samedi\u00a018 et dimanche 19\u00a0octobre, le trafic est interrompu entre Paris Gare de Lyon et Melun\/Corbeil-Essonnes. Jusqu\u2019au 7\u00a0novembre, du lundi au vendredi d\u00e8s 23h20, e trafic est interrompu entre Paris Gare du Nord et Creil. Jusqu\u2019au 31\u00a0octobre, du lundi au vendredi \u00e0 partir de 23h20, le trafic est interrompu entre Gare du Nord et Creil en raison de travaux. Jusqu\u2019au 31\u00a0octobre, du lundi au vendredi d\u00e8s 22h30, les arr\u00eats ne sont pas desservis \u00e0 Maisons-Alfort \u2013 Alfortville, Le Vert de Maisons, Cr\u00e9teil Pompadour et Villeneuve Triage en raison de travaux. Bus de remplacement. Samedi\u00a018 et dimanche 19\u00a0octobre, le trafic est ralenti entre Villeneuve S Georges et Melun, un train sur deux circulent entre ces deux gares. Du lundi au vendredi, d\u00e8s 23h35 heures, le trafic est interrompu entre Paris Gare du Nord et Creil. Samedi\u00a018 et dimanche 19\u00a0octobre, le trafic est interrompu entre Corbeil-Essonnes et Melun<\/li>\n<li><strong>RER E<\/strong>\u2009: jusqu\u2019au 31\u00a0octobre, du lundi au vendredi d\u00e8s 22h45, le trafic est interrompu entre Nanterre-La-Folie et Chelles \u2013 Gournay. Bus de remplacement. Du lundi\u00a013 au vendredi 17\u00a0octobre 1 train sur 2 circule entre Nanterre-La-Folie et Villiers-sur-Marne de 8h45 \u00e0 16h30. Motif\u2009: travaux sur le r\u00e9seau ferroviaire (travaux de maintenance pr\u00e9ventive de la voie et de la signalisation). Jusqu\u2019au 31\u00a0octobre, d\u00e8s 22h25, le trafic est interrompu entre Nanterre-La-Folie et Villiers-sur-Marne et entre Nanterre-la-Folie et Tournan.<\/li>\n<\/ul>\n<p class=\" wall-content\"><strong>Transilien<\/strong><\/p>\n<ul class=\" wall-content\">\n<li><strong>Ligne J<\/strong>\u2009: du lundi au vendredi, le trafic est interrompu entre Paris Saint-Lazare et Mantes la Jolie via Poissy \u00e0 partir de 21h40. Du lundi au vendredi, d\u00e8s 21h45, le trafic est interrompu entre Issou \u2013 Porcheville et Mantes-la-Jolie via Conflans- Sainte-Honorine. Du 13\u00a0octobre au 24\u00a0octobre, du lundi au vendredi de 10\u00a0heures \u00e0 16\u00a0heures, le trafic sera interrompu entre Gisors et Pontoise vers Gisors et Gare Saint-Lazare. Bus de remplacement.<\/li>\n<li><strong>Ligne K<\/strong>\u2009: jusqu\u2019au samedi 20\u00a0d\u00e9cembre, le trafic est interrompu entre Paris Gare du Nord et Cr\u00e9py-en-Valois.<\/li>\n<li><strong>Ligne L<\/strong>\u2009: samedi\u00a018 et dimanche 19\u00a0d\u00e9cembre, le trafic est interrompu entre B\u00e9con les Bruy\u00e8res et Maisons-Laffitte. Jusqu\u2019au vendredi 17\u00a0octobre, le trafic est interrompu entre Sartrouville et Maisons-Laffitte d\u00e8s 21h50. Du lundi au vendredi, \u00e0 partir de 21h45, le trafic est interrompu entre Paris Saint-Lazare et La D\u00e9fense.<\/li>\n<li><strong>Ligne N<\/strong>\u2009: du lundi au vendredi, d\u00e8s 22\u00a0heures, le trafic est interrompu entre Paris Montparnasse et Plaisir \u2013 Grignon. M\u00eame chose entre Montparnasse et Dreux d\u00e8s 21h30. M\u00eame chose d\u00e8s 21\u00a0heures entre Paris Montparnasse vers Mantes-la-Jolie.<\/li>\n<li><strong>Ligne P<\/strong>\u2009: dimanche 19\u00a0octobre, \u00e0 partir de 23\u00a0heures, le trafic est interrompu entre Paris Est et Ch\u00e2teau-Thierry. Le trafic est interrompu entre Paris Est et Coulommiers dimanche 19\u00a0octobre \u00e0 partir de 22h30. Du lundi au vendredi, le trafic est interrompu entre Paris Est et Meaux d\u00e8s 22h20. Du lundi au vendredi, d\u00e8s 22\u00a0heures, le trafic est interrompu entre Paris Est et Ch\u00e2teau-Thierry. Le trafic est interrompu entre Gare de l\u2019Est et Provins d\u00e8s 21h45. Le trafic est interrompu entre Paris Est et Coulommiers d\u00e8s 21h45 jusqu\u2019au 14\u00a0novembre, du lundi au vendredi.<\/li>\n<li><strong>Ligne R<\/strong>\u2009: du lundi au vendredi, de 10h26 \u00e0 15h30, le trafic est interrompu entre Melun et Montereau via H\u00e9ricy.<\/li>\n<li><strong>Ligne U<\/strong>\u2009: du lundi au vendredi, d\u00e8s 20h45, le trafic est interrompu entre La Verri\u00e8re et La D\u00e9fense.<\/li>\n<\/ul>\n<p class=\" wall-content\"><strong>Tramway<\/strong><\/p>\n<ul class=\" wall-content\">\n<li><strong>T1<\/strong>\u2009: le trafic est interrompu entre Asni\u00e8res \u2013 Quatre Routes et Gare de Saint-Denis et perturb\u00e9 sur le reste de la ligne en raison d\u2019une d\u00e9gradation par un tiers \u00e0 L\u2019\u00cele-Saint-Denis. Pas de reprise pr\u00e9vue jusqu\u2019\u00e0 nouvel ordre. Dans la nuit du jeudi\u00a015 au vendredi 16\u00a0mai, un bateau a percut\u00e9 le pont reliant Saint-Denis \u00e0 l\u2019Ile-Saint-Denis.<\/li>\n<li><strong>T2<\/strong>\u2009: jusqu\u2019\u00e0 fin f\u00e9vrier\u00a02026, le trafic est interrompu\u00a0entre\u00a0Porte de Versailles\u00a0et\u00a0Suzanne Lenglen\u00a0en raison d\u2019importants travaux de modernisation.<br \/>Pour rejoindre la Porte de Versailles, depuis Suzanne Lenglen, rejoindre \u00e0 pied la station Balard du T3a.<\/li>\n<li><strong>T4<\/strong>\u2009: le trafic est interrompu sur l\u2019ensemble de la ligne \u00e0 partir de 21h jusqu\u2019au 7\u00a0d\u00e9cembre.<\/li>\n<li><strong>T11<\/strong>\u2009: du lundi 13\u00a0octobre au vendredi 24\u00a0octobre, sauf samedi et dimanche, le trafic est interrompu sur l\u2019ensemble de la ligne \u00e0 partir de 22h. Un service de bus de remplacement est mis en place avec desserte des stations interm\u00e9diaires. Motif\u2009: Travaux.<\/li>\n<li><strong>T13<\/strong>\u2009: jusqu\u2019au vendredi 17\u00a0octobre, le trafic est interrompu sur l\u2019ensemble de la ligne vers 21\u00a0heures. Du samedi\u00a018 au dimanche 19\u00a0octobre, d\u00e8s 20\u00a0heures, le trafic est interrompu sur l\u2019ensemble de la ligne, bus de remplacement.<\/li>\n<\/ul>\n<p class=\" wall-content\">Personnalisez votre actualit\u00e9 en ajoutant vos villes et m\u00e9dias en favori avec <a href=\"https:\/\/moncompte.actu.fr\" title=\"D\u00e9couvez Mon Actu\" rel=\"nofollow noopener\" data-trk=\"{&quot;cta&quot;:{&quot;action&quot;:&quot;https:\\\/\\\/moncompte.actu.fr&quot;,&quot;category&quot;:&quot;mon compte&quot;,&quot;from&quot;:&quot;article footer&quot;,&quot;name&quot;:&quot;Mon actu&quot;,&quot;type&quot;:&quot;cta&quot;}}\" target=\"_blank\">Mon Actu<\/a>.<\/p>\n","protected":false},"excerpt":{"rendered":"Par R\u00e9daction Paris Publi\u00e9 le 12 oct. 2025 \u00e0 18h05 Nouvelles perturbations. Alors que les vacances scolaires de&hellip;\n","protected":false},"author":2,"featured_media":457856,"comment_status":"","ping_status":"","sticky":false,"template":"","format":"standard","meta":{"footnotes":""},"categories":[1592],"tags":[1111,11,1777,674,1011,27,662,12,626,625,25,2215,104,2803],"class_list":{"0":"post-457855","1":"post","2":"type-post","3":"status-publish","4":"format-standard","5":"has-post-thumbnail","7":"category-ile-de-france","8":"tag-actu","9":"tag-actualites","10":"tag-eu","11":"tag-europe","12":"tag-fr","13":"tag-france","14":"tag-ile-de-france","15":"tag-news","16":"tag-paris","17":"tag-ratp","18":"tag-republique-francaise","19":"tag-sncf","20":"tag-societe","21":"tag-transport"},"share_on_mastodon":{"url":"https:\/\/pubeurope.com\/@fr\/115362225463535842","error":""},"_links":{"self":[{"href":"https:\/\/www.europesays.com\/fr\/wp-json\/wp\/v2\/posts\/457855","targetHints":{"allow":["GET"]}}],"collection":[{"href":"https:\/\/www.europesays.com\/fr\/wp-json\/wp\/v2\/posts"}],"about":[{"href":"https:\/\/www.europesays.com\/fr\/wp-json\/wp\/v2\/types\/post"}],"author":[{"embeddable":true,"href":"https:\/\/www.europesays.com\/fr\/wp-json\/wp\/v2\/users\/2"}],"replies":[{"embeddable":true,"href":"https:\/\/www.europesays.com\/fr\/wp-json\/wp\/v2\/comments?post=457855"}],"version-history":[{"count":0,"href":"https:\/\/www.europesays.com\/fr\/wp-json\/wp\/v2\/posts\/457855\/revisions"}],"wp:featuredmedia":[{"embeddable":true,"href":"https:\/\/www.europesays.com\/fr\/wp-json\/wp\/v2\/media\/457856"}],"wp:attachment":[{"href":"https:\/\/www.europesays.com\/fr\/wp-json\/wp\/v2\/media?parent=457855"}],"wp:term":[{"taxonomy":"category","embeddable":true,"href":"https:\/\/www.europesays.com\/fr\/wp-json\/wp\/v2\/categories?post=457855"},{"taxonomy":"post_tag","embeddable":true,"href":"https:\/\/www.europesays.com\/fr\/wp-json\/wp\/v2\/tags?post=457855"}],"curies":[{"name":"wp","href":"https:\/\/api.w.org\/{rel}","templated":true}]}}