{"id":457859,"date":"2025-10-12T16:51:11","date_gmt":"2025-10-12T16:51:11","guid":{"rendered":"https:\/\/www.europesays.com\/fr\/457859\/"},"modified":"2025-10-12T16:51:11","modified_gmt":"2025-10-12T16:51:11","slug":"air-france-annonce-suspendre-ses-vols-entre-paris-et-antananarivo-jusqua-lundi-inclus-3","status":"publish","type":"post","link":"https:\/\/www.europesays.com\/fr\/457859\/","title":{"rendered":"Air France annonce suspendre ses vols entre Paris et Antananarivo jusqu\u2019\u00e0 lundi inclus"},"content":{"rendered":"<p class=\"mb-4 text-lg md:leading-8 break-words\"><a data-i13n=\"cpos:1;pos:1\" href=\"https:\/\/www.20minutes.fr\/economie\/air_france\/?at_medium=RSS%20feed&amp;at_campaign=ynews&amp;utm_source=yahoo&amp;utm_medium=rss&amp;utm_campaign=news_feed&amp;utm_content=in_article_link\" rel=\"nofollow noopener\" target=\"_blank\" data-ylk=\"slk:Air France;cpos:1;pos:1;elm:context_link;itc:0;sec:content-canvas\" class=\"link \">Air France<\/a> a annonc\u00e9 ce dimanche \u00e0 l\u2019AFP avoir suspendu ses liaisons entre l\u2019a\u00e9roport Paris-Charles de Gaulle et <a data-i13n=\"cpos:2;pos:1\" href=\"https:\/\/www.20minutes.fr\/dossier\/antananarivo?at_medium=RSS%20feed&amp;at_campaign=ynews&amp;utm_source=yahoo&amp;utm_medium=rss&amp;utm_campaign=news_feed&amp;utm_content=in_article_link\" rel=\"nofollow noopener\" target=\"_blank\" data-ylk=\"slk:Antananarivo;cpos:2;pos:1;elm:context_link;itc:0;sec:content-canvas\" class=\"link \">Antananarivo<\/a> depuis samedi et jusqu\u2019au lundi 13 octobre inclus. La compagnie invoque \u00ab la situation s\u00e9curitaire \u00bb sur l\u2019\u00eele de <a data-i13n=\"cpos:3;pos:1\" href=\"https:\/\/www.20minutes.fr\/dossier\/madagascar?at_medium=RSS%20feed&amp;at_campaign=ynews&amp;utm_source=yahoo&amp;utm_medium=rss&amp;utm_campaign=news_feed&amp;utm_content=in_article_link\" rel=\"nofollow noopener\" target=\"_blank\" data-ylk=\"slk:Madagascar;cpos:3;pos:1;elm:context_link;itc:0;sec:content-canvas\" class=\"link \">Madagascar<\/a>, secou\u00e9e par des manifestations antigouvernementales.<\/p>\n<p class=\"mb-4 text-lg md:leading-8 break-words\">La reprise des op\u00e9rations \u00ab restera soumise \u00e0 une \u00e9valuation quotidienne de la situation sur place \u00bb, a pr\u00e9cis\u00e9 la compagnie. \u00ab Les clients concern\u00e9s seront avis\u00e9s individuellement et des solutions de report ou de remboursement leur seront propos\u00e9es \u00bb, a-t-elle ajout\u00e9, en soulignant que \u00ab la s\u00e9curit\u00e9 de ses clients et de ses \u00e9quipages est sa priorit\u00e9 absolue \u00bb. De son c\u00f4t\u00e9 la compagnie Air Austral qui op\u00e8re entre l\u2019<a data-i13n=\"cpos:4;pos:1\" href=\"https:\/\/www.20minutes.fr\/societe\/reunion\/?at_medium=RSS%20feed&amp;at_campaign=ynews&amp;utm_source=yahoo&amp;utm_medium=rss&amp;utm_campaign=news_feed&amp;utm_content=in_article_link\" rel=\"nofollow noopener\" target=\"_blank\" data-ylk=\"slk:Ile de la R\u00e9union;cpos:4;pos:1;elm:context_link;itc:0;sec:content-canvas\" class=\"link \">Ile de la R\u00e9union<\/a> et Madagascar a indiqu\u00e9 \u00e0 l\u2019AFP qu\u2019elle avait annul\u00e9 une rotation samedi mais que ses vols \u00e9taient \u00ab maintenus \u00bb pour la journ\u00e9e de dimanche.<\/p>\n<p>\u00ab Vivement d\u00e9conseill\u00e9 de se d\u00e9placer \u00bb<\/p>\n<p class=\"mb-4 text-lg md:leading-8 break-words\">Dans un message d\u2019information sur son site Internet, l\u2019a\u00e9roport international d\u2019Antananarivo a pr\u00e9venu que \u00ab certains vols peuvent \u00eatre sujets \u00e0 des perturbations \u00bb. Des vols pr\u00e9vus \u00e0 destination de provinces malgaches, de l\u2019Ethiopie et de l\u2019Afrique du Sud ont pu d\u00e9coller, dimanche, tandis qu\u2019un vol vers les Seychelles\/Duba\u00ef est annonc\u00e9 comme annul\u00e9 pour cette journ\u00e9e. \u00ab En raison des \u00e9v\u00e9nements qui se d\u00e9roulent actuellement \u00e0 Tananarive, il est vivement conseill\u00e9 d\u2019\u00e9viter tout d\u00e9placement et de rester \u00e0 son domicile \u00bb, a pr\u00e9venu samedi l\u2019ambassade France \u00e0 Madagascar d(&#8230;)<\/p>\n<p class=\"mb-4 text-lg md:leading-8 break-words\"><a data-i13n=\"cpos:5;pos:1\" href=\"https:\/\/www.20minutes.fr\/monde\/4178747-20251012-madagascar-air-france-annonce-suspendre-vols-entre-paris-antananarivo-jusqu-lundi-inclus?at_medium=RSS%20feed&amp;at_campaign=ynews&amp;utm_source=yahoo&amp;utm_medium=rss&amp;utm_campaign=news_feed&amp;utm_content=read_more_link%22\" rel=\"nofollow noopener\" target=\"_blank\" data-ylk=\"slk:Lire la suite sur 20minutes;cpos:5;pos:1;elm:context_link;itc:0;sec:content-canvas\" class=\"link \">Lire la suite sur 20minutes<\/a><\/p>\n<p>\u00c0 lire aussi :<br \/><a data-i13n=\"cpos:6;pos:1\" href=\"https:\/\/www.20minutes.fr\/monde\/4177596-20251007-crise-madagascar-face-emeutes-president-nomme-militaire-premier-ministre?at_medium=RSS%20feed&amp;at_campaign=ynews&amp;utm_source=yahoo&amp;utm_medium=rss&amp;utm_campaign=news_feed&amp;utm_content=related_content_link\" rel=\"nofollow noopener\" target=\"_blank\" data-ylk=\"slk:Crise \u00e0 Madagascar : Face aux \u00e9meutes, le pr\u00e9sident nomme un militaire Premier ministre;cpos:6;pos:1;elm:context_link;itc:0;sec:content-canvas\" class=\"link \">Crise \u00e0 Madagascar : Face aux \u00e9meutes, le pr\u00e9sident nomme un militaire Premier ministre<\/a><br \/><a data-i13n=\"cpos:7;pos:1\" href=\"https:\/\/www.20minutes.fr\/monde\/4178727-20251012-madagascar-contre-repression-soldats-rejoignent-milliers-manifestants?at_medium=RSS%20feed&amp;at_campaign=ynews&amp;utm_source=yahoo&amp;utm_medium=rss&amp;utm_campaign=news_feed&amp;utm_content=related_content_link\" rel=\"nofollow noopener\" target=\"_blank\" data-ylk=\"slk:Madagascar : Des soldats rejoignent les milliers de manifestants, le pr\u00e9sident \u00e9voque un coup d&#039;Etat;cpos:7;pos:1;elm:context_link;itc:0;sec:content-canvas\" class=\"link \">Madagascar : Des soldats rejoignent les milliers de manifestants, le pr\u00e9sident \u00e9voque un coup d&rsquo;Etat<\/a><\/p>\n","protected":false},"excerpt":{"rendered":"Air France a annonc\u00e9 ce dimanche \u00e0 l\u2019AFP avoir suspendu ses liaisons entre l\u2019a\u00e9roport Paris-Charles de Gaulle et&hellip;\n","protected":false},"author":2,"featured_media":457860,"comment_status":"","ping_status":"","sticky":false,"template":"","format":"standard","meta":{"footnotes":""},"categories":[1888],"tags":[1111,1928,11,1927,1816,58249,1777,674,1011,27,41525,8459,12,1926,626,1925,25],"class_list":{"0":"post-457859","1":"post","2":"type-post","3":"status-publish","4":"format-standard","5":"has-post-thumbnail","7":"category-paris","8":"tag-actu","9":"tag-actu-paris","10":"tag-actualites","11":"tag-actualites-paris","12":"tag-air-france","13":"tag-antananarivo","14":"tag-eu","15":"tag-europe","16":"tag-fr","17":"tag-france","18":"tag-la-compagnie","19":"tag-madagascar","20":"tag-news","21":"tag-news-paris","22":"tag-paris","23":"tag-paris-news","24":"tag-republique-francaise"},"share_on_mastodon":{"url":"https:\/\/pubeurope.com\/@fr\/115362233425707782","error":""},"_links":{"self":[{"href":"https:\/\/www.europesays.com\/fr\/wp-json\/wp\/v2\/posts\/457859","targetHints":{"allow":["GET"]}}],"collection":[{"href":"https:\/\/www.europesays.com\/fr\/wp-json\/wp\/v2\/posts"}],"about":[{"href":"https:\/\/www.europesays.com\/fr\/wp-json\/wp\/v2\/types\/post"}],"author":[{"embeddable":true,"href":"https:\/\/www.europesays.com\/fr\/wp-json\/wp\/v2\/users\/2"}],"replies":[{"embeddable":true,"href":"https:\/\/www.europesays.com\/fr\/wp-json\/wp\/v2\/comments?post=457859"}],"version-history":[{"count":0,"href":"https:\/\/www.europesays.com\/fr\/wp-json\/wp\/v2\/posts\/457859\/revisions"}],"wp:featuredmedia":[{"embeddable":true,"href":"https:\/\/www.europesays.com\/fr\/wp-json\/wp\/v2\/media\/457860"}],"wp:attachment":[{"href":"https:\/\/www.europesays.com\/fr\/wp-json\/wp\/v2\/media?parent=457859"}],"wp:term":[{"taxonomy":"category","embeddable":true,"href":"https:\/\/www.europesays.com\/fr\/wp-json\/wp\/v2\/categories?post=457859"},{"taxonomy":"post_tag","embeddable":true,"href":"https:\/\/www.europesays.com\/fr\/wp-json\/wp\/v2\/tags?post=457859"}],"curies":[{"name":"wp","href":"https:\/\/api.w.org\/{rel}","templated":true}]}}