{"id":457861,"date":"2025-10-12T16:52:10","date_gmt":"2025-10-12T16:52:10","guid":{"rendered":"https:\/\/www.europesays.com\/fr\/457861\/"},"modified":"2025-10-12T16:52:10","modified_gmt":"2025-10-12T16:52:10","slug":"les-chemises-charvet-electrisent-son-premier-defile-printemps-ete-2026-a-paris","status":"publish","type":"post","link":"https:\/\/www.europesays.com\/fr\/457861\/","title":{"rendered":"les chemises Charvet \u00e9lectrisent son premier d\u00e9fil\u00e9 printemps-\u00e9t\u00e9 2026 \u00e0 Paris"},"content":{"rendered":"<p>ParisSelect &#8211; Matthieu Blazy chez Chanel: les chemises Charvet \u00e9lectrisent son premier d\u00e9fil\u00e9 printemps-\u00e9t\u00e9 2026 \u00e0 Paris<\/p>\n<p>Chanel mise sur une adresse intime et charg\u00e9e d\u2019histoire pour son <a href=\"https:\/\/www.parisselectbook.com\/2025\/10\/08\/hermes-devoile-le-foulard-soutien-gorge-piece-phare-du-printemps-ete-2026\/\" target=\"_blank\" rel=\"noopener nofollow\">Printemps-\u00c9t\u00e9<\/a> <strong>2026<\/strong>. Selon des informations relay\u00e9es par Vogue France, la maison installe son d\u00e9fil\u00e9 chez Charvet, au c\u0153ur de la <strong>Place Vend\u00f4me<\/strong>. D\u00e8s l\u2019annonce, Matthieu Blazy s\u2019impose dans les conversations strat\u00e9giques autour du futur cr\u00e9atif.<\/p>\n<p>Chanel chez Charvet: cadre, h\u00e9ritage et message<\/p>\n<p>Le choix de Charvet \u00e9claire une volont\u00e9 claire: recentrer le regard sur le <a href=\"https:\/\/www.parisselectbook.com\/2025\/10\/11\/brigitte-macron-adopte-la-robe-tendance-qui-rajeunit-instantanement-lallure-apres-70-ans\/\" target=\"_blank\" rel=\"noopener nofollow\">v\u00eatement<\/a>. Ainsi, les salons du c\u00e9l\u00e8bre chemisier promettent une \u00e9chelle humaine, propice au d\u00e9tail. La d\u00e9marche colle \u00e0 l\u2019ADN artisanal de Paris, que Chanel d\u00e9fend depuis des d\u00e9cennies. Dans ce contexte, le nom de Matthieu Blazy appara\u00eet souvent comme \u00e9talon d\u2019une mode ancr\u00e9e dans la main.<\/p>\n<p>Charvet incarne le sur-mesure depuis <strong>1838<\/strong>, avec une obsession pour la coupe et les tissus. De plus, son ancrage \u00e0 la <strong>Place Vend\u00f4me<\/strong> parle un langage de pr\u00e9cision et de silence. Ce d\u00e9cor retient les gestes, puis laisse les mati\u00e8res mener la narration. Chez <a href=\"https:\/\/www.parisselectbook.com\/2025\/10\/07\/defile-chanel-ss-2026-entre-cosmos-et-haute-couture-au-grand-palais\/\" target=\"_blank\" rel=\"noopener nofollow\">Chanel<\/a>, l\u2019exigence du tailleur dialogue naturellement avec ce cadre discret.<\/p>\n<p>Sur le plan d\u2019image, le signal est puissant pour Paris Fashion Week. Cependant, la proximit\u00e9 avec l\u2019artisan change la dynamique du front row. Le public verra mieux, par cons\u00e9quent la <a href=\"https:\/\/www.parisselectbook.com\/2025\/10\/11\/marion-cotillard-revele-son-film-americain-culte-prefere-de-1939-a-revoir-85-ans-apres\/\" target=\"_blank\" rel=\"noopener nofollow\">construction<\/a> d\u2019une manche ou l\u2019ourlet d\u2019une jupe prendra du relief. Dans les d\u00e9bats de succession, la r\u00e9f\u00e9rence \u00e0 Matthieu Blazy sert de boussole pour \u00e9valuer un luxe centr\u00e9 sur la qualit\u00e9.<\/p>\n<blockquote>\n<p>\u00ab Quand un lieu raconte d\u00e9j\u00e0 le v\u00eatement, chaque couture devient lisible. \u00bb<\/p>\n<\/blockquote>\n<p>Charvet, un savoir-faire mis en sc\u00e8ne<\/p>\n<p>Charvet, c\u2019est la chemise pens\u00e9e au millim\u00e8tre, du col au poignet. Ainsi, l\u2019adresse valorise la grammaire des proportions plut\u00f4t que l\u2019effet de masse. Les \u00e9toffes gagnent en profondeur sous une lumi\u00e8re plus douce. Cette sc\u00e9nographie convient aux ambitions calmes d\u2019un grand nom comme Chanel.<\/p>\n<p>La comparaison avec Matthieu Blazy revient souvent pour situer l\u2019attente cr\u00e9ative. En revanche, il ne s\u2019agit pas d\u2019annoncer un choix, mais de cadrer une m\u00e9thode. Sa rigueur mati\u00e8re-coupe sert ici de rep\u00e8re analytique. Aussi, cette grille de lecture aide \u00e0 comprendre l\u2019orientation du d\u00e9fil\u00e9.<\/p>\n<ul>\n<li>Lieu intimiste et patrimonial: Charvet, au c\u0153ur de la <strong>Place Vend\u00f4me<\/strong>.<\/li>\n<li>Saison concern\u00e9e: Printemps-\u00c9t\u00e9 <strong>2026<\/strong>, pendant Paris Fashion Week.<\/li>\n<li>Focus attendu: d\u00e9tail, coupe, mati\u00e8res, rythme ma\u00eetris\u00e9.<\/li>\n<li>Enjeu strat\u00e9gique: continuit\u00e9 du d\u00e9sir et clart\u00e9 du r\u00e9cit.<\/li>\n<li>Nom surveill\u00e9 par le march\u00e9: Matthieu Blazy, cit\u00e9 dans les sp\u00e9culations.<\/li>\n<\/ul>\n<p>CHANEL \u2014 Petit sac boule orn\u00e9 de sequins. L\u00e9ger et tactile, il signe une note de f\u00eate ma\u00eetris\u00e9e. Aussi, sa forme ronde accompagne le mouvement sans l\u2019alourdir.<\/p>\n<p>Direction cr\u00e9ative: o\u00f9 en est la conversation?<\/p>\n<p>Depuis le d\u00e9part de Virginie Viard en <strong>2024<\/strong>, la maison d\u00e9roule une transition mesur\u00e9e. D\u2019abord, le studio assure la continuit\u00e9 des codes et du calendrier. Ensuite, le choix d\u2019un \u00e9crin comme Charvet conforte un cap produit. Dans ce d\u00e9bat ouvert, Matthieu Blazy revient comme point de comparaison durable.<\/p>\n<p>Le march\u00e9 aime les scripts clairs, pourtant la patience reste une strat\u00e9gie. Ainsi, un nom rassure, mais la feuille de route compte tout autant. Les \u00e9quipes maison gardent la main sur la coh\u00e9rence de l\u2019offre. Dans ce cadre, l\u2019hypoth\u00e8se Matthieu Blazy nourrit la r\u00e9flexion publique sans figer la suite.<\/p>\n<p>La viabilit\u00e9 d\u2019une nomination tient au tempo industriel et au d\u00e9sir client. Par cons\u00e9quent, la priorit\u00e9 reste l\u2019impact v\u00eatement, saison apr\u00e8s saison. Le rendez-vous chez Charvet offre un test sur le fond et la forme. Ici, l\u2019\u00e9clairage par l\u2019exemple rappelle la m\u00e9thode que l\u2019on associe \u00e0 Matthieu Blazy.<\/p>\n<p>Charvet \u2014 Trois chemises sp\u00e9ciales. Trois cols, trois mains, trois tonalit\u00e9s, pour des usages diff\u00e9renci\u00e9s. Ainsi, la vari\u00e9t\u00e9 invite \u00e0 penser la garde-robe sur le temps long.<\/p>\n<p>Lecture cr\u00e9ative: mati\u00e8re, coupe, regard<\/p>\n<p>Un lieu comme Charvet impose une \u00e9coute du v\u00eatement avant tout. De plus, l\u2019intimit\u00e9 favorise un rythme plus pos\u00e9 et plus lisible. On s\u2019attend \u00e0 un dialogue entre tailleurs, chemises et \u00e9l\u00e9ments plus flous. Dans cet esprit, l\u2019exigence \u00e9voqu\u00e9e autour de Matthieu Blazy sert d\u2019\u00e9chelle.<\/p>\n<p>Reste \u00e0 voir comment la maison conjugue rigueur et l\u00e9g\u00e8ret\u00e9. Cependant, une approche focalis\u00e9e sur la main s\u00e9duit durablement les clientes. Le pari consiste \u00e0 raconter Paris par la coupe, et non le spectacle. L\u00e0 encore, l\u2019exemple Matthieu Blazy rappelle qu\u2019un bon produit parle longtemps.<\/p>\n<p>Impact pour Paris, pour le march\u00e9 et pour les lecteurs<\/p>\n<p>Paris Fashion Week fonctionne comme une chambre d\u2019\u00e9cho globale. Ainsi, un d\u00e9cor comme Charvet concentre les regards sur la qualit\u00e9 mesurable. Les images de d\u00e9tails nourriront la conversation sociale. En bref, ce format sert la preuve plus que la posture.<\/p>\n<p>Pour les clientes, l\u2019attente touche au confort, \u00e0 l\u2019allure et au service. Aussi, un cadre vend\u00f4me souligne la continuit\u00e9 du haut niveau. Les professionnels, eux, observeront la gestion du tempo et des volumes. Cette grille renvoie souvent aux crit\u00e8res associ\u00e9s \u00e0 Matthieu Blazy.<\/p>\n<p>Les prochains mois pr\u00e9ciseront les \u00e9quilibres, sans h\u00e2te inutile. Par cons\u00e9quent, l\u2019enjeu reste la clart\u00e9 d\u2019un r\u00e9cit produit, saison apr\u00e8s saison. Chanel joue la carte du r\u00e9el visible, et Charvet cadre ce r\u00e9cit. Dans ce contexte attentif, le nom Matthieu Blazy continue d\u2019irriguer l\u2019analyse.<\/p>\n","protected":false},"excerpt":{"rendered":"ParisSelect &#8211; Matthieu Blazy chez Chanel: les chemises Charvet \u00e9lectrisent son premier d\u00e9fil\u00e9 printemps-\u00e9t\u00e9 2026 \u00e0 Paris Chanel&hellip;\n","protected":false},"author":2,"featured_media":457862,"comment_status":"","ping_status":"","sticky":false,"template":"","format":"standard","meta":{"footnotes":""},"categories":[1888],"tags":[11,1777,674,1011,27,41077,12,626,25],"class_list":{"0":"post-457861","1":"post","2":"type-post","3":"status-publish","4":"format-standard","5":"has-post-thumbnail","7":"category-paris","8":"tag-actualites","9":"tag-eu","10":"tag-europe","11":"tag-fr","12":"tag-france","13":"tag-matthieu-blazy","14":"tag-news","15":"tag-paris","16":"tag-republique-francaise"},"share_on_mastodon":{"url":"https:\/\/pubeurope.com\/@fr\/115362237271829662","error":""},"_links":{"self":[{"href":"https:\/\/www.europesays.com\/fr\/wp-json\/wp\/v2\/posts\/457861","targetHints":{"allow":["GET"]}}],"collection":[{"href":"https:\/\/www.europesays.com\/fr\/wp-json\/wp\/v2\/posts"}],"about":[{"href":"https:\/\/www.europesays.com\/fr\/wp-json\/wp\/v2\/types\/post"}],"author":[{"embeddable":true,"href":"https:\/\/www.europesays.com\/fr\/wp-json\/wp\/v2\/users\/2"}],"replies":[{"embeddable":true,"href":"https:\/\/www.europesays.com\/fr\/wp-json\/wp\/v2\/comments?post=457861"}],"version-history":[{"count":0,"href":"https:\/\/www.europesays.com\/fr\/wp-json\/wp\/v2\/posts\/457861\/revisions"}],"wp:featuredmedia":[{"embeddable":true,"href":"https:\/\/www.europesays.com\/fr\/wp-json\/wp\/v2\/media\/457862"}],"wp:attachment":[{"href":"https:\/\/www.europesays.com\/fr\/wp-json\/wp\/v2\/media?parent=457861"}],"wp:term":[{"taxonomy":"category","embeddable":true,"href":"https:\/\/www.europesays.com\/fr\/wp-json\/wp\/v2\/categories?post=457861"},{"taxonomy":"post_tag","embeddable":true,"href":"https:\/\/www.europesays.com\/fr\/wp-json\/wp\/v2\/tags?post=457861"}],"curies":[{"name":"wp","href":"https:\/\/api.w.org\/{rel}","templated":true}]}}