{"id":457863,"date":"2025-10-12T16:53:14","date_gmt":"2025-10-12T16:53:14","guid":{"rendered":"https:\/\/www.europesays.com\/fr\/457863\/"},"modified":"2025-10-12T16:53:14","modified_gmt":"2025-10-12T16:53:14","slug":"suivez-les-vredestein-20-km-de-paris-2025-en-direct","status":"publish","type":"post","link":"https:\/\/www.europesays.com\/fr\/457863\/","title":{"rendered":"Suivez les Vredestein 20 km de Paris 2025 en direct"},"content":{"rendered":"<p><strong>Les t\u00eates d\u2019affiche des Vredestein 20 km de Paris 2025<\/strong><\/p>\n<p style=\"text-align: justify;\">Parmi les 31 000 coureurs attendus sur le bitume parisien, plusieurs sp\u00e9cialistes fran\u00e7ais seront particuli\u00e8rement scrut\u00e9s.<strong> Etienne Daguinos<\/strong>, recordman de France du 10 km (27\u201904), poss\u00e8de la meilleure cote chez les bookmakers. Trois semaines apr\u00e8s les Championnats du monde \u00e0 Tokyo, o\u00f9 il a atteint la grande finale du 5000 m, le soci\u00e9taire de l\u2019US Talence a dans le viseur le record de l\u2019\u00e9preuve, d\u00e9tenu par le K\u00e9nyan Evans Kiprop Cheruiyot depuis 2005 en 57\u201919. Pour l\u2019accompagner dans ce d\u00e9fi, l\u2019organisation mettra \u00e0 sa disposition un meneur d\u2019allure d\u00e9di\u00e9. Pour <strong>Nicolas Navarro<\/strong>, en grande forme actuellement, cette course fera office de test grandeur nature avant d\u2019aller chercher un gros chrono sur marathon \u00e0 Valence le 7 d\u00e9cembre. <strong>Emmanuel Roudolf-Levisse<\/strong>, champion de France du semi-marathon 2025 \u00e0 Auray-Vannes et troisi\u00e8me en 2024, devrait lui aussi se retrouver aux avant-postes sur les pav\u00e9s parisiens.<\/p>\n<p style=\"text-align: justify;\">Chez les dames, <strong>Manon Trapp<\/strong>, laur\u00e9ate en 2024 avec le deuxi\u00e8me temps jamais r\u00e9alis\u00e9 dans l\u2019histoire des Vredestein 20 km de Paris (1h04\u201944), retrouvera celles qui l\u2019avaient accompagn\u00e9e sur le podium l\u2019an pass\u00e9 : L\u2019\u00c9thiopienne <strong>Bikile Gudina<\/strong>\u00a0(1h05\u201954) et\u00a0la K\u00e9nyane\u00a0<strong>Rebecca Chepkwemoi<\/strong> (1h07\u201903). Les Bleues<strong> Floriane Hot<\/strong>, double championne du monde des 100 km (2022 et 2024), <strong>Ana\u00efs Quemener<\/strong>, troisi\u00e8me chez les f\u00e9minines en 2023 (1h06\u201959) et de retour \u00e0 la comp\u00e9tition depuis avril apr\u00e8s avoir donn\u00e9 naissance \u00e0 un petit Elyo en d\u00e9but d\u2019ann\u00e9e, <strong>Mathilde S\u00e9n\u00e9chal<\/strong>, championne de France 2025 de marathon et huiti\u00e8me de l\u2019\u00e9dition 2024 (1h09\u201919), <strong>C\u00e9lia Tabet<\/strong>, championne de France 2025 de cross court \u00e0 Challans, et\u00a0<strong>Lor\u00e9na Meningand<\/strong>, neuvi\u00e8me de l\u2019\u00e9dition 2024 (1h09\u201928) et premi\u00e8re Fran\u00e7aise au Marathon de Paris en avril dernier, compl\u00e8tent cette impressionnante start-list.<\/p>\n","protected":false},"excerpt":{"rendered":"Les t\u00eates d\u2019affiche des Vredestein 20 km de Paris 2025 Parmi les 31 000 coureurs attendus sur le&hellip;\n","protected":false},"author":2,"featured_media":457864,"comment_status":"","ping_status":"","sticky":false,"template":"","format":"standard","meta":{"footnotes":""},"categories":[1888],"tags":[58275,11,58276,814,58277,1777,674,1011,27,21471,820,58278,12,58279,626,5240,25,1980,7135,58280],"class_list":{"0":"post-457863","1":"post","2":"type-post","3":"status-publish","4":"format-standard","5":"has-post-thumbnail","7":"category-paris","8":"tag-20-km-de-paris","9":"tag-actualites","10":"tag-anais-quemener","11":"tag-direct","12":"tag-etienne-daguinos","13":"tag-eu","14":"tag-europe","15":"tag-fr","16":"tag-france","17":"tag-inscriptions","18":"tag-live","19":"tag-manon-trapp","20":"tag-news","21":"tag-nicolas-navarro","22":"tag-paris","23":"tag-programme","24":"tag-republique-francaise","25":"tag-resultats","26":"tag-running","27":"tag-vredestein-20-km-de-paris"},"share_on_mastodon":{"url":"https:\/\/pubeurope.com\/@fr\/115362241274053506","error":""},"_links":{"self":[{"href":"https:\/\/www.europesays.com\/fr\/wp-json\/wp\/v2\/posts\/457863","targetHints":{"allow":["GET"]}}],"collection":[{"href":"https:\/\/www.europesays.com\/fr\/wp-json\/wp\/v2\/posts"}],"about":[{"href":"https:\/\/www.europesays.com\/fr\/wp-json\/wp\/v2\/types\/post"}],"author":[{"embeddable":true,"href":"https:\/\/www.europesays.com\/fr\/wp-json\/wp\/v2\/users\/2"}],"replies":[{"embeddable":true,"href":"https:\/\/www.europesays.com\/fr\/wp-json\/wp\/v2\/comments?post=457863"}],"version-history":[{"count":0,"href":"https:\/\/www.europesays.com\/fr\/wp-json\/wp\/v2\/posts\/457863\/revisions"}],"wp:featuredmedia":[{"embeddable":true,"href":"https:\/\/www.europesays.com\/fr\/wp-json\/wp\/v2\/media\/457864"}],"wp:attachment":[{"href":"https:\/\/www.europesays.com\/fr\/wp-json\/wp\/v2\/media?parent=457863"}],"wp:term":[{"taxonomy":"category","embeddable":true,"href":"https:\/\/www.europesays.com\/fr\/wp-json\/wp\/v2\/categories?post=457863"},{"taxonomy":"post_tag","embeddable":true,"href":"https:\/\/www.europesays.com\/fr\/wp-json\/wp\/v2\/tags?post=457863"}],"curies":[{"name":"wp","href":"https:\/\/api.w.org\/{rel}","templated":true}]}}