{"id":457865,"date":"2025-10-12T16:54:16","date_gmt":"2025-10-12T16:54:16","guid":{"rendered":"https:\/\/www.europesays.com\/fr\/457865\/"},"modified":"2025-10-12T16:54:16","modified_gmt":"2025-10-12T16:54:16","slug":"je-ne-sais-pas-comment-il-sest-retrouve-en-ukraine-le-cri-de-desespoir-dune-mere-indienne-dont-le-fils-a-ete-enrole-par-la-russie","status":"publish","type":"post","link":"https:\/\/www.europesays.com\/fr\/457865\/","title":{"rendered":"\u00ab\u00a0Je ne sais pas comment il s\u2019est retrouv\u00e9 en Ukraine\u00a0\u00bb\u00a0: le cri de d\u00e9sespoir d\u2019une m\u00e8re indienne dont le fils a \u00e9t\u00e9 enr\u00f4l\u00e9 par la Russie"},"content":{"rendered":"<p class=\"paragraph text_align_left lp-f-body-02\">Il est d\u00e9sormais aux mains des autorit\u00e9s ukrainiennes. Un <a href=\"https:\/\/www.leparisien.fr\/international\/ukraine\/guerre-en-ukraine-enrole-dans-larmee-russe-malgre-lui-un-soldat-indien-de-22-ans-depose-les-armes-face-a-kiev-08-10-2025-NA4SD6GG2FCWNGYVA2H372MWPA.php\" target=\"_blank\" rel=\"noreferrer nofollow noopener\">ressortissant indien de 22\u00a0ans captur\u00e9 par l\u2019arm\u00e9e ukrainienne<\/a> alors qu\u2019il combattait au sein des forces russes laisse sa m\u00e8re dans l\u2019attente de r\u00e9ponses de la part des autorit\u00e9s indiennes, rapporte ce dimanche 12\u00a0octobre la <a href=\"https:\/\/www.bbc.com\/news\/articles\/cwy870p96yjo\" target=\"_blank\" rel=\"noreferrer nofollow noopener\">BBC<\/a>. Originaire de la ville de Morvi dans l\u2019\u00c9tat du Gujarat, sur la c\u00f4te ouest de l\u2019Inde, Sahil Majothi s\u2019\u00e9tait rendu en Russie pour ses \u00e9tudes en janvier\u00a02024, o\u00f9 il suivait un cursus d\u2019ing\u00e9nieur en informatique.<\/p>\n<p class=\"paragraph text_align_left lp-f-body-02\">Il a \u00e9t\u00e9 arr\u00eat\u00e9 en avril de la m\u00eame ann\u00e9e dans le cadre d\u2019une affaire de drogue, \u00e0 tort selon sa m\u00e8re Hasina, qui a t\u00e9moign\u00e9 aupr\u00e8s de la cha\u00eene britannique. Le jeune homme aurait consenti \u00e0 rejoindre l\u2019arm\u00e9e russe afin d\u2019\u00e9viter une peine d\u2019emprisonnement \u00e0 la suite des poursuites qu\u2019il encourait dans l\u2019affaire de stup\u00e9fiants, selon une vid\u00e9o diffus\u00e9e ce mardi par <a href=\"https:\/\/www.leparisien.fr\/international\/ukraine\/\" target=\"_blank\" rel=\"noreferrer nofollow noopener\">l\u2019arm\u00e9e ukrainienne<\/a>.<\/p>\n<p>\u00ab\u00a0Je ne sais pas comment il s\u2019est retrouv\u00e9 en Ukraine\u00a0\u00bb<\/p>\n<p class=\"paragraph text_align_left lp-f-body-02\">Lors de son arriv\u00e9e en Russie en 2024, Sahil Majothi avait d\u2019abord suivi trois mois de cours intensifs de russe \u00e0 Saint-P\u00e9tersbourg, avant de rejoindre Moscou pour suivre ses \u00e9tudes o\u00f9 il travaillait \u00e0 temps partiel en tant que livreur. Selon sa m\u00e8re, c\u2019est lors d\u2019une de ces livraisons que quelqu\u2019un aurait gliss\u00e9 de la drogue dans un colis dont il avait la charge. \u00ab\u00a0La police l\u2019a arr\u00eat\u00e9 avec et l\u2019a poursuivi\u00a0\u00bb, r\u00e9sume-t-elle.<\/p>\n<p class=\"paragraph text_align_left lp-f-body-02\">\u00c0 la suite de cette interpellation, le jeune homme a \u00e9t\u00e9 plac\u00e9 en d\u00e9tention pendant six mois, avant d\u2019\u00eatre condamn\u00e9 \u00e0 sept ans de prison. Malgr\u00e9 le recours de sa famille \u00e0 un avocat local pour le d\u00e9fendre, cela n\u2019a pas suffi. \u00ab\u00a0Je ne sais pas comment il s\u2019est retrouv\u00e9 en Ukraine. Je l\u2019ai d\u00e9couvert en voyant la vid\u00e9o\u00a0\u00bb publi\u00e9e par la 63e brigade m\u00e9canique de l\u2019arm\u00e9e, d\u00e9plore sa m\u00e8re.<\/p>\n<p>Des promesses de lib\u00e9ration et de r\u00e9compenses financi\u00e8res<\/p>\n<p class=\"paragraph text_align_left lp-f-body-02\">Dans ce <a href=\"https:\/\/www.facebook.com\/reel\/4141141076134248\" target=\"_blank\" rel=\"noreferrer nofollow noopener\">document audiovisuel<\/a>, on peut voir le jeune \u00e9tudiant indien expliquer qu\u2019il a eu le choix <a href=\"https:\/\/www.leparisien.fr\/international\/ukraine\/guerre-en-ukraine-soit-je-me-battais-soit-jetais-tue-un-athlete-kenyan-enrole-de-force-dans-larmee-russe-19-09-2025-WI6YXRXUPBHSRNIXVPDY5WQCCU.php\" target=\"_blank\" rel=\"noreferrer nofollow noopener\">entre rejoindre l\u2019arm\u00e9e russe ou ex\u00e9cuter sa peine d\u2019emprisonnement<\/a>. Les autorit\u00e9s lui auraient alors parl\u00e9 d\u2019un service d\u2019un an avant d\u2019\u00eatre lib\u00e9r\u00e9. Sahil Majothi d\u00e9clare \u00e9galement que plusieurs sommes d\u2019argent lui ont \u00e9t\u00e9 promises en \u00e9change de son engagement, sans jamais lui \u00eatre vers\u00e9es. Cela allait de 100\u00a0000 \u00e0 un million et demi de roubles, soit entre 1\u00a0000\u00a0et 16\u00a0000 euros environ.<\/p>\n<p class=\"paragraph text_align_left lp-f-body-02\">Il aurait b\u00e9n\u00e9fici\u00e9 de 16 jours d\u2019entra\u00eenement en septembre, lors desquels on lui a enseign\u00e9 le maniement des armes, comment d\u00e9goupiller une grenade. Puis, le 30\u00a0septembre, il a fini par \u00eatre envoy\u00e9 en \u00ab\u00a0zone verte\u00a0\u00bb, sur le front. D\u00e8s le lendemain, ce 1er\u00a0octobre, le jeune soldat affirme avoir eu une altercation avec son sup\u00e9rieur hi\u00e9rarchique et avoir pris ses distances avec ses coll\u00e8gues russes. C\u2019est \u00e0 ce moment qu\u2019il s\u2019est trouv\u00e9 pr\u00e8s d\u2019une tranch\u00e9e ukrainienne et a demand\u00e9 de l\u2019aide. Aucun des \u00e9l\u00e9ments rapport\u00e9s dans la vid\u00e9o par Sahil Majothi ne peut \u00eatre confirm\u00e9 de mani\u00e8re ind\u00e9pendante, rappelle la BBC.<\/p>\n<p>Environ 150 Indiens enr\u00f4l\u00e9s dans l\u2019arm\u00e9e russe<\/p>\n<p class=\"paragraph text_align_left lp-f-body-02\">Les services de l\u2019antiterrorisme du Gujarat ont confirm\u00e9 l\u2019arrestation du jeune Indien en Russie et sa d\u00e9tention. Apr\u00e8s la publication de la vid\u00e9o mardi, Hasina Majothi et son fr\u00e8re ont re\u00e7u la visite de cette brigade sp\u00e9ciale, mais ont insist\u00e9 sur le fait qu\u2019ils n\u2019avaient eu aucun contact avec leur fils et neveu depuis son arrestation.<\/p>\n<p class=\"paragraph text_align_left lp-f-body-02\">Selon le journal indien <a href=\"https:\/\/www.thehindu.com\/news\/international\/indian-man-fighting-alongside-russian-military-surrenders-to-ukrainian-forces\/article70138773.ece\" target=\"_blank\" rel=\"noreferrer nofollow noopener\">The Hindu<\/a>, environ 150 ressortissants nationaux <a href=\"https:\/\/www.leparisien.fr\/international\/guerre-en-ukraine-ne-venez-pas-ici-le-cri-dalarme-dun-soldat-chinois-engage-dans-larmee-russe-30-04-2025-DQQKHSEW3BG4PMTX6PH7GNU5TU.php\" target=\"_blank\" rel=\"noreferrer nofollow noopener\">seraient enr\u00f4l\u00e9s dans l\u2019arm\u00e9e russe<\/a>, la plupart titulaires de visa \u00e9tudiant. Au moins 12 ont trouv\u00e9 la mort au front et 16 sont port\u00e9s disparus. Les autorit\u00e9s indiennes ont demand\u00e9 en septembre Moscou de lib\u00e9rer et rapatrier 27 ressortissants indiens qui avaient \u00e9t\u00e9 recrut\u00e9s dans l\u2019arm\u00e9e.<\/p>\n<p class=\"paragraph text_align_left lp-f-body-02\">\u00ab\u00a0Nous exhortons une fois de plus tous les ressortissants indiens \u00e0 ne pas accepter les offres de service dans l\u2019arm\u00e9e russe, car elles sont dangereuses et mettent leur vie en p\u00e9ril\u00a0\u00bb, a d\u00e9clar\u00e9 en septembre un porte-parole du minist\u00e8re indien des Affaires \u00e9trang\u00e8res.<\/p>\n","protected":false},"excerpt":{"rendered":"Il est d\u00e9sormais aux mains des autorit\u00e9s ukrainiennes. Un ressortissant indien de 22\u00a0ans captur\u00e9 par l\u2019arm\u00e9e ukrainienne alors&hellip;\n","protected":false},"author":2,"featured_media":447614,"comment_status":"","ping_status":"","sticky":false,"template":"","format":"standard","meta":{"footnotes":""},"categories":[1591],"tags":[11,1887,14,12,1885,1886,132,220],"class_list":{"0":"post-457865","1":"post","2":"type-post","3":"status-publish","4":"format-standard","5":"has-post-thumbnail","7":"category-russie","8":"tag-actualites","9":"tag-federation-de-russie","10":"tag-international","11":"tag-news","12":"tag-russia","13":"tag-russian-federation","14":"tag-russie","15":"tag-ukraine"},"share_on_mastodon":{"url":"https:\/\/pubeurope.com\/@fr\/115362245096401449","error":""},"_links":{"self":[{"href":"https:\/\/www.europesays.com\/fr\/wp-json\/wp\/v2\/posts\/457865","targetHints":{"allow":["GET"]}}],"collection":[{"href":"https:\/\/www.europesays.com\/fr\/wp-json\/wp\/v2\/posts"}],"about":[{"href":"https:\/\/www.europesays.com\/fr\/wp-json\/wp\/v2\/types\/post"}],"author":[{"embeddable":true,"href":"https:\/\/www.europesays.com\/fr\/wp-json\/wp\/v2\/users\/2"}],"replies":[{"embeddable":true,"href":"https:\/\/www.europesays.com\/fr\/wp-json\/wp\/v2\/comments?post=457865"}],"version-history":[{"count":0,"href":"https:\/\/www.europesays.com\/fr\/wp-json\/wp\/v2\/posts\/457865\/revisions"}],"wp:featuredmedia":[{"embeddable":true,"href":"https:\/\/www.europesays.com\/fr\/wp-json\/wp\/v2\/media\/447614"}],"wp:attachment":[{"href":"https:\/\/www.europesays.com\/fr\/wp-json\/wp\/v2\/media?parent=457865"}],"wp:term":[{"taxonomy":"category","embeddable":true,"href":"https:\/\/www.europesays.com\/fr\/wp-json\/wp\/v2\/categories?post=457865"},{"taxonomy":"post_tag","embeddable":true,"href":"https:\/\/www.europesays.com\/fr\/wp-json\/wp\/v2\/tags?post=457865"}],"curies":[{"name":"wp","href":"https:\/\/api.w.org\/{rel}","templated":true}]}}