{"id":457874,"date":"2025-10-12T16:59:11","date_gmt":"2025-10-12T16:59:11","guid":{"rendered":"https:\/\/www.europesays.com\/fr\/457874\/"},"modified":"2025-10-12T16:59:11","modified_gmt":"2025-10-12T16:59:11","slug":"milena-surreau-paludiere-musicienne-podcasteuse-et-championne-deurope-de-para-badminton-la-chronique-sportive-de-mejdaline-mhiri-12-octobre-2025","status":"publish","type":"post","link":"https:\/\/www.europesays.com\/fr\/457874\/","title":{"rendered":"Milena Surreau, paludi\u00e8re, musicienne, podcasteuse et\u2026 championne d\u2019Europe de para-badminton &#8211; La chronique sportive de Mejdaline Mhiri &#8211; 12 octobre 2025"},"content":{"rendered":"<p>\u00c0 seulement 28\u00a0ans, Milena Surreau a d\u00e9j\u00e0 v\u00e9cu mille vies. Mordue de football, de tennis, elle devient championne d\u2019Europe de para-badminton le 5\u00a0octobre. Ces derni\u00e8res ann\u00e9es, la fan <a href=\"https:\/\/www.humanite.fr\/sports\/stades-mythiques\/stades-mythiques-7-le-chaudron-stephanois-antre-de-la-memoire-ouvriere-761841\" target=\"_blank\" rel=\"noopener\">des Verts de \u00ab\u00a0Saint-\u00c9\u00a0\u00bb<\/a> a \u00e9galement sorti un album aux influences rock and folk, travaill\u00e9 dans les marais salants en Bretagne, <a href=\"https:\/\/podcast.fr\/podcast\/journal-dune-parabadiste\/\" target=\"_blank\" rel=\"noopener\">lanc\u00e9 un podcast<\/a>, ainsi qu\u2019une association de formation de chiens d\u2019assistance pour autistes. Un parcours d\u00e9tonnant, presque dur \u00e0 suivre, marqu\u00e9 par les approximations m\u00e9dicales, le feu sacr\u00e9 de la comp\u00e9tition et une rage de vaincre \u00e0 toute \u00e9preuve.<\/p>\n<p>Retour en arri\u00e8re. Gamine, \u00ab\u00a0Mimi\u00a0\u00bb adore le ballon rond et r\u00eave de haut niveau. Mais \u00e0 9\u00a0ans, on lui explique qu\u2019elle ne pourra bient\u00f4t plus taper dans le cuir puisqu\u2019il n\u2019y a pas <a href=\"https:\/\/www.humanite.fr\/sports\/droits-tv\/football-feminin-pourquoi-certains-clubs-envisagent-de-se-separer-de-leurs-sections-feminines\" target=\"_blank\" rel=\"noopener\">d\u2019\u00e9quipe f\u00e9minine<\/a> pr\u00e8s de chez elle. Tant pis, elle brillera ailleurs. \u00c0 peine adolescente, ses jambes la font grandement souffrir, sans que personne ne s\u2019en inqui\u00e8te. \u00ab\u00a0Tu dois \u00eatre en train de grandir\u00a0\u00bb, lui r\u00e9torque-t-on, en pensant qu\u2019elle s\u2019est tromp\u00e9e de voie avec son sport-\u00e9tudes tennis.<\/p>\n<p>\u00c0 18\u00a0ans, son autisme est d\u00e9tect\u00e9, v\u00e9ritable tournant sur son chemin. Enfin, la Bretonne comprend mieux ses besoins, ses limites\u00a0; enfin elle peut adapter son quotidien sans devoir composer avec des id\u00e9es noires, sans cesse sur la br\u00e8che. Pour tromper le temps en lieu et place des entra\u00eenements manqu\u00e9s pour blessure, elle se tourne vers la musique. D\u00e9cid\u00e9ment dou\u00e9e, Milena int\u00e8gre un orchestre, enregistre un album solo.<\/p>\n<p>Le sport s\u2019est \u00e9loign\u00e9. Mais le sport revient. Avec le Covid, <a href=\"https:\/\/www.humanite.fr\/medias\/alain-souchon\/a-la-fete-de-lhumanite-2021-le-plaisir-de-se-retrouver-un-an-apres-le-confinement-et-la-parenthese-covid-19\" target=\"_blank\" rel=\"noopener\">les concerts s\u2019arr\u00eatent<\/a>, les musicien\u00b7nes sont jug\u00e9\u00b7es \u00ab\u00a0non essentiel\u00b7les\u00a0\u00bb. D\u2019autant que Milena a besoin de d\u00e9penser moins d\u2019\u00e9nergie sur les routes en tourn\u00e9e. Elle devient paludi\u00e8re \u00e0 Gu\u00e9rande, s\u2019\u00e9panouit au grand air. Mais sa d\u00e9tresse physique empire.<\/p>\n<p>Elle encha\u00eene les consultations jusqu\u2019\u00e0 rencontrer ce m\u00e9decin, le premier \u00e0 lui toucher les jambes, qui lui diagnostique une maladie d\u00e9g\u00e9n\u00e9rative. Nouveau tournant. D\u00e9sormais reconnue \u00ab\u00a0malade\u00a0\u00bb, Milena se projette de nouveau dans l\u2019excellence sportive. Badiste avec les valides, elle passe les classifications. Son talent fait le reste.<\/p>\n<p>Elle rejoint rapidement l\u2019\u00e9quipe de France, se qualifie <a href=\"https:\/\/www.humanite.fr\/sports\/diversite\/paris-2024-les-jeux-paralympiques-sont-vecteur-dinclusion-et-de-diversite\" target=\"_blank\" rel=\"noopener\">pour les Jeux de Paris<\/a>. Malgr\u00e9 une ambiance folle, elle perd ses premiers matchs, l\u2019aventure s\u2019arr\u00eate\u2026 <a href=\"https:\/\/www.humanite.fr\/monde\/donald-trump\/exclusion-des-femmes-trans-des-epreuves-olympiques-feminines-par-les-etats-unis-trump-persiste-dans-son-offensive-transphobe-et-reactionnaire\" target=\"_blank\" rel=\"noopener\">Los Angeles 2028<\/a> se pr\u00e9sente comme nouvel objectif. Son r\u00e9cent titre continental est une suite logique vers la Cit\u00e9 des anges.<\/p>\n<p>Dans le train qui la m\u00e8ne \u00e0 l\u2019entra\u00eenement, \u00e0 Rennes et \u00e0 Nantes, celle qui se pr\u00e9sente comme \u00ab\u00a0une t\u00e9tra qui marche \u00e0 temps partiel\u00a0\u00bb g\u00e8re ses r\u00e9seaux, sa recherche de sponsors et l\u2019ensemble de ses projets. La championne r\u00e9p\u00e8te avoir besoin de beaucoup de repos, en raison de son autisme notamment, pour r\u00e9cup\u00e9rer de ses efforts. On la croit sur parole.<\/p>\n<p>Le m\u00e9dia que les milliardaires ne peuvent pas s\u2019acheter<\/p>\n<p>Nous ne sommes financ\u00e9s par aucun milliardaire. Et nous en sommes fiers\u00a0! Mais nous sommes confront\u00e9s \u00e0 des d\u00e9fis financiers constants. Soutenez-nous\u00a0! Votre don sera d\u00e9fiscalis\u00e9\u00a0: donner 5\u20ac vous reviendra \u00e0 1.65\u20ac. Le prix d\u2019un caf\u00e9.<br \/><a href=\"https:\/\/www.humanite.fr\/lhumanite-cest-vous\" target=\"_blank\" rel=\"noopener\">Je veux en savoir plus\u00a0!<\/a><\/p>\n","protected":false},"excerpt":{"rendered":"\u00c0 seulement 28\u00a0ans, Milena Surreau a d\u00e9j\u00e0 v\u00e9cu mille vies. Mordue de football, de tennis, elle devient championne&hellip;\n","protected":false},"author":2,"featured_media":373189,"comment_status":"","ping_status":"","sticky":false,"template":"","format":"standard","meta":{"footnotes":""},"categories":[1586],"tags":[11,5406,1777,674,1011,27,23538,28367,58281,12,25],"class_list":{"0":"post-457874","1":"post","2":"type-post","3":"status-publish","4":"format-standard","5":"has-post-thumbnail","7":"category-europe","8":"tag-actualites","9":"tag-badminton","10":"tag-eu","11":"tag-europe","12":"tag-fr","13":"tag-france","14":"tag-jeux-olympiques-paris-2024","15":"tag-jeux-paralympiques","16":"tag-la-chronique-sportive-de-mejdaline-mhiri","17":"tag-news","18":"tag-republique-francaise"},"share_on_mastodon":{"url":"https:\/\/pubeurope.com\/@fr\/115362265094246297","error":""},"_links":{"self":[{"href":"https:\/\/www.europesays.com\/fr\/wp-json\/wp\/v2\/posts\/457874","targetHints":{"allow":["GET"]}}],"collection":[{"href":"https:\/\/www.europesays.com\/fr\/wp-json\/wp\/v2\/posts"}],"about":[{"href":"https:\/\/www.europesays.com\/fr\/wp-json\/wp\/v2\/types\/post"}],"author":[{"embeddable":true,"href":"https:\/\/www.europesays.com\/fr\/wp-json\/wp\/v2\/users\/2"}],"replies":[{"embeddable":true,"href":"https:\/\/www.europesays.com\/fr\/wp-json\/wp\/v2\/comments?post=457874"}],"version-history":[{"count":0,"href":"https:\/\/www.europesays.com\/fr\/wp-json\/wp\/v2\/posts\/457874\/revisions"}],"wp:featuredmedia":[{"embeddable":true,"href":"https:\/\/www.europesays.com\/fr\/wp-json\/wp\/v2\/media\/373189"}],"wp:attachment":[{"href":"https:\/\/www.europesays.com\/fr\/wp-json\/wp\/v2\/media?parent=457874"}],"wp:term":[{"taxonomy":"category","embeddable":true,"href":"https:\/\/www.europesays.com\/fr\/wp-json\/wp\/v2\/categories?post=457874"},{"taxonomy":"post_tag","embeddable":true,"href":"https:\/\/www.europesays.com\/fr\/wp-json\/wp\/v2\/tags?post=457874"}],"curies":[{"name":"wp","href":"https:\/\/api.w.org\/{rel}","templated":true}]}}