{"id":457875,"date":"2025-10-12T17:00:36","date_gmt":"2025-10-12T17:00:36","guid":{"rendered":"https:\/\/www.europesays.com\/fr\/457875\/"},"modified":"2025-10-12T17:00:36","modified_gmt":"2025-10-12T17:00:36","slug":"absence-daccord-sur-le-budget","status":"publish","type":"post","link":"https:\/\/www.europesays.com\/fr\/457875\/","title":{"rendered":"absence d\u2019accord sur le Budget\u2026"},"content":{"rendered":"<p><a href=\"https:\/\/blogger.googleusercontent.com\/img\/b\/R29vZ2xl\/AVvXsEgK5mZGRTueDiomlFT_WhuOw9htGg0aFryKY95dUlnxLdv4RFI8zfG1JU-Ues8vGoueEfCOEm1GrmsKuSETSkFU4ghJldO_3nLpjC5hec3hR0KUSHXstFytINX5WnDZ_wxN-dwV0f1C_l1-nKjxjR5Uqpc5O4vYeV5NpKBwb5JeXD0VOlJ-6Nhi8A\/s244\/propos%20centristes%20union%20europ%C3%A9enne%203.JPG\" imageanchor=\"1\" style=\"clear: left; float: left; margin-bottom: 1em; margin-right: 1em;\" rel=\"nofollow noopener\" target=\"_blank\"><img loading=\"lazy\" decoding=\"async\" border=\"0\" data-original-height=\"206\" data-original-width=\"244\" height=\"206\" src=\"https:\/\/www.europesays.com\/fr\/wp-content\/uploads\/2025\/10\/1760288436_905_propos centristes union europ\u00e9enne 3.JPG\" width=\"244\"\/><\/a><\/p>\n<p class=\"MsoNormal\" style=\"text-align: justify;\"><b>V<\/b>oici une s\u00e9lection, ce 12 octobre 2025, des derniers propos<br \/>\ntenus par des centristes dans les m\u00e9dias ou sur les r\u00e9seaux sociaux dans<br \/>\nl\u2019Union europ\u00e9enne.<\/p>\n<p class=\"MsoNormal\" style=\"text-align: justify;\"><b style=\"font-family: arial;\">\u25ba Institutions europ\u00e9ennes<br \/>\u25cf Commission europ\u00e9enne (commissaires centristes)<br \/><\/b>[Nota: les propos tenus par les commissaires europ\u00e9ens fran\u00e7ais sont \u00e0 lire<br \/>\ndans Propos centristes France] \u00a0<br \/>\n<b style=\"font-family: arial;\">Kaja Kallas (vice-pr\u00e9sidente, haute<br \/>\nrepr\u00e9sentante pour les affaires \u00e9trang\u00e8res et la politique de s\u00e9curit\u00e9)<br \/><\/b>&gt; La premi\u00e8re phase de l\u2019accord sur Gaza est une \u00e9tape majeure vers la<br \/>\npaix.<br \/>Nous devons maintenant planifier pour le lendemain.<br \/>L\u2019UE est pr\u00eate \u00e0 jouer son r\u00f4le, en red\u00e9ployant notre mission EUBAM Rafah et en<br \/>\ndiscutant de ce qui peut \u00eatre fait avec le mandat d\u2019EUPOL COPPS.<\/p>\n<p class=\"MsoNormal\" style=\"text-align: justify;\">&gt; L\u2019accord sur la premi\u00e8re phase de l\u2019accord de paix \u00e0<br \/>\nGaza marque une perc\u00e9e significative. C\u2019est une r\u00e9alisation diplomatique<br \/>\nmajeure et une v\u00e9ritable chance de mettre fin \u00e0 une guerre d\u00e9vastatrice et de<br \/>\nlib\u00e9rer tous les otages. L\u2019UE fera ce qu\u2019elle peut pour soutenir sa mise en<br \/>\n\u0153uvre.<\/p>\n<p class=\"MsoNormal\" style=\"text-align: justify;\">&gt; Aujourd\u2019hui, nous nous souvenons des victimes des<br \/>\nattaques odieuses du Hamas le 7\u00a0octobre\u00a02023. Les perspectives de<br \/>\npaix sont plus r\u00e9alistes aujourd\u2019hui que jamais auparavant. Cette guerre peut<br \/>\nse terminer. Avec tous les otages lib\u00e9r\u00e9s. Et une chance pour la souffrance<br \/>\nd\u2019arr\u00eater.<\/p>\n<p class=\"MsoNormal\" style=\"text-align: justify;\">&gt; Au Kowe\u00eft, j\u2019ai discut\u00e9 avec nos partenaires du Golfe<br \/>\ndes moyens de soutenir les efforts en cours pour parvenir \u00e0 un cessez-le-feu \u00e0<br \/>\nGaza, la lib\u00e9ration des otages et un horizon politique pour la paix. Mettre fin<br \/>\n\u00e0 la souffrance humaine est notre priorit\u00e9 absolue. Le cycle de la mort doit<br \/>\nprendre fin.<\/p>\n<p class=\"MsoNormal\" style=\"text-align: justify;\">&gt; La Russie masque son offensive d\u2019\u00e9t\u00e9 rat\u00e9e par des<br \/>\nattaques terroristes contre les civils et les infrastructures ukrainiennes. Nous<br \/>\ncontinuons \u00e0 soutenir l\u2019Ukraine aussi longtemps que n\u00e9cessaire\u00a0: finaliser<br \/>\nle prochain paquet de sanctions, assurer le financement, fournir des armes. La<br \/>\nRussie ne s\u2019arr\u00eatera pas tant qu\u2019elle n\u2019y sera pas oblig\u00e9e.<\/p>\n<p class=\"MsoNormal\" style=\"text-align: justify;\">\u00a0<\/p>\n<p class=\"MsoNormal\" style=\"text-align: justify;\"><b style=\"font-family: arial;\">Michael McGrath<br \/>\n(commissaire \u00e0 la d\u00e9mocratie, \u00e0 la justice et \u00e0 l\u2019\u00e9tat de droit)<br \/><\/b>&gt; La technologie et la<br \/>\nd\u00e9mocratie doivent progresser ensemble. Lors du sommet de Tallinn, j\u2019ai<br \/>\nsoulign\u00e9 notre ambition de faire de l\u2019Europe un centre de classe mondiale pour<br \/>\nl\u2019IA &#8211; o\u00f9 l\u2019innovation, l\u2019\u00e9quit\u00e9 et les droits fondamentaux vont de pair.<\/p>\n<p class=\"MsoNormal\" style=\"text-align: justify;\">&gt; Faire<br \/>\nprogresser une Union plus r\u00e9siliente &#8211; de la num\u00e9risation de la justice \u00e0 la<br \/>\nsauvegarde de la d\u00e9mocratie et de l\u2019\u00c9tat de droit.<\/p>\n<p class=\"MsoNormal\" style=\"text-align: justify;\">&gt; R\u00e9affirmant<br \/>\nnotre soutien ind\u00e9fectible \u00e0 l\u2019Ukraine et notre d\u00e9termination \u00e0 maintenir une<br \/>\nEurope r\u00e9siliente et unie.<\/p>\n<p class=\"MsoNormal\" style=\"text-align: justify;\">&gt; La d\u00e9mocratie<br \/>\nn\u2019est pas une destination &#8211; c\u2019est un engagement quotidien qui doit \u00eatre nourri.<br \/>\nRenforcer notre r\u00e9silience et lutter contre les FIMI et la d\u00e9sinformation sont<br \/>\nau c\u0153ur du bouclier de la d\u00e9mocratie de l\u2019UE.<\/p>\n<p class=\"MsoNormal\" style=\"text-align: justify;\">&gt; Une victoire<br \/>\npour la d\u00e9mocratie ! Le prix Nobel de la paix de cette ann\u00e9e rend hommage \u00e0<br \/>\nMaria Corina Machado &#8211; une championne intr\u00e9pide qui reste ferme contre<br \/>\nl\u2019oppression au Venezuela. Son combat acharn\u00e9 pour les libert\u00e9s d\u00e9mocratiques<br \/>\nnous inspire tous. F\u00e9licitations pour cette reconnaissance bien m\u00e9rit\u00e9e !<\/p>\n<p class=\"MsoNormal\" style=\"text-align: justify;\">&gt; Lier plus<br \/>\n\u00e9troitement l\u2019\u00c9tat de droit au budget de l\u2019UE est essentiel pour transformer<br \/>\nles principes en impact r\u00e9el.<\/p>\n<p class=\"MsoNormal\" style=\"text-align: justify;\">&gt; Une chose est<br \/>\nclaire\u00a0: l\u2019Europe a ce qu\u2019il faut pour mener la course technologique<br \/>\nmondiale.<\/p>\n<p class=\"MsoNormal\" style=\"text-align: justify;\">&gt; J\u2019ai \u00e9t\u00e9 tr\u00e8s<br \/>\nheureux de rencontrer le pr\u00e9sident du Parlement national de Lituanie, Juoaz<br \/>\nOlekas. Notre engagement commun est clair\u00a0: l\u2019avenir de l\u2019Ukraine est<br \/>\neurop\u00e9en. Nous soutiendrons l\u2019Ukraine aussi longtemps qu\u2019il le faudra.<\/p>\n<p class=\"MsoNormal\" style=\"text-align: justify;\">&gt; Nous avons<br \/>\npubli\u00e9 des lignes directrices pour soutenir la mise en \u0153uvre du r\u00e8glement sur<br \/>\nla transparence et le ciblage de la publicit\u00e9 politique. Ils visent \u00e0 soutenir<br \/>\nles acteurs politiques et les fournisseurs de services de publicit\u00e9 politique<br \/>\ndans l\u2019application des nouvelles r\u00e8gles. <\/p>\n<p class=\"MsoNormal\" style=\"text-align: justify;\">&gt; Nous devons<br \/>\nd\u00e9fendre la libert\u00e9 et le pluralisme des m\u00e9dias. Ce ne sont pas seulement des<br \/>\nvaleurs fondamentales, mais aussi des piliers essentiels des institutions<br \/>\nd\u00e9mocratiques, des \u00e9lections \u00e9quitables et des soci\u00e9t\u00e9s r\u00e9silientes. L\u2019avenir<br \/>\ndes d\u00e9mocraties europ\u00e9ennes en d\u00e9pend.<\/p>\n<p class=\"MsoNormal\" style=\"text-align: justify;\">&gt; Le R\u00e9seau<br \/>\njudiciaire europ\u00e9en connecte plus de 500 experts juridiques \u00e0 travers l\u2019UE. Il<br \/>\nrenforce la coop\u00e9ration en mati\u00e8re de justice civile en rationalisant les<br \/>\nproc\u00e9dures telles que la signification des documents et la collecte des preuves<br \/>\n&#8211; aidant ainsi les juges \u00e0 traiter les affaires transfrontali\u00e8res et<br \/>\ngarantissant que les citoyens peuvent acc\u00e9der \u00e0 la justice.<\/p>\n<p class=\"MsoNormal\" style=\"text-align: justify;\">\u00a0<\/p>\n<p class=\"MsoNormal\" style=\"text-align: justify;\"><b style=\"font-family: arial;\">Hadja Lahbib<br \/>\n(commissaire \u00e0 l\u2019\u00e9galit\u00e9 et \u00e0 la gestion des crises)<br \/><\/b>&gt; L\u2019accord entre Isra\u00ebl et le<br \/>\nHamas est une avanc\u00e9e cruciale pour soulager les souffrances humaines d\u2019une<br \/>\ntrag\u00e9die qui dure depuis 2 ans. Pour le mettre en \u0153uvre, un acc\u00e8s humanitaire<br \/>\ntotal et une aide massive, qui respectent les principes humanitaires, sont<br \/>\nindispensables \u00e0 Gaza.<br \/>Il est temps que les otages retrouvent leurs proches et que le cauchemar du<br \/>\npeuple palestinien cesse. Je r\u00e9it\u00e8re ma demande d\u2019acc\u00e8s humanitaire \u00e0 Gaza pour<br \/>\n\u00e9valuer les besoins et soulager la d\u00e9tresse de la population.<br \/>Je salue les efforts d\u00e9ploy\u00e9s par les \u00c9tats-Unis, le Qatar, l\u2019\u00c9gypte et la<br \/>\nTurquie. J\u2019esp\u00e8re que cette avanc\u00e9e marquera une \u00e9tape significative vers une<br \/>\npaix durable.<\/p>\n<p class=\"MsoNormal\" style=\"text-align: justify;\">&gt; Le progr\u00e8s ne<br \/>\npeut jamais \u00eatre consid\u00e9r\u00e9 comme acquis. \u00c0 travers l\u2019UE et au-del\u00e0, les<br \/>\npersonnes LGBTIQ+ font face \u00e0 une haine et une peur croissantes. Lorsque les<br \/>\ngens se sentent en ins\u00e9curit\u00e9, ils se tournent vers l\u2019UE. Nous devons \u00eatre leur<br \/>\nphare d\u2019espoir et sentinelle. Aujourd\u2019hui, nous lan\u00e7ons une nouvelle strat\u00e9gie<br \/>\nd\u2019\u00e9galit\u00e9 LGBTIQ+. Pour prot\u00e9ger, autonomiser et agir.<br \/>Notre nouvelle strat\u00e9gie d\u2019\u00e9galit\u00e9 LGBTIQ+ se concentre sur 3 objectifs cl\u00e9s.<br \/>1. Prot\u00e9ger<br \/>&#8211; R\u00e9pression des pratiques de conversion nuisibles.<br \/>&#8211; Lutter contre la haine en ligne.<br \/>2. Habiliter<br \/>&#8211; Des organismes nationaux de promotion de l\u2019\u00e9galit\u00e9 plus forts.<br \/>&#8211; Des lieux de travail plus s\u00fbrs et plus inclusifs gr\u00e2ce aux chartes<br \/>\neurop\u00e9ennes de la diversit\u00e9.<br \/>&#8211; De meilleures donn\u00e9es sur l\u2019\u00e9galit\u00e9 pour fa\u00e7onner nos politiques.<br \/>3. Engager toute la soci\u00e9t\u00e9<br \/>&#8211; Exhortant les \u00c9tats membres \u00e0 adopter des strat\u00e9gies nationales.<br \/>&#8211; Augmenter le financement des projets d\u2019\u00e9galit\u00e9.<br \/>&#8211; Impliquer la soci\u00e9t\u00e9 civile en lan\u00e7ant un \u00ab\u00a0Forum politique<br \/>\nLGBTIQ+\u00a0\u00bb.<br \/>Cette strat\u00e9gie est notre r\u00e9ponse. Claire, concr\u00e8te, urgente. Diversit\u00e9 et<br \/>\n\u00e9galit\u00e9 &#8211; c\u2019est le pouvoir de l\u2019UE.<\/p>\n<p class=\"MsoNormal\" style=\"text-align: justify;\">&gt; Le<br \/>\n7\u00a0octobre est une cicatrice profonde sur l\u2019histoire. Deux ans plus tard,<br \/>\nla douleur perdure. Tant de vies innocentes prises, des familles d\u00e9truites, des<br \/>\navenirs vol\u00e9s. Je pense encore \u00e0 ceux dont la vie a \u00e9t\u00e9 bris\u00e9e \u2014 et qui portent<br \/>\ncette douleur chaque jour.<\/p>\n<p class=\"MsoNormal\" style=\"text-align: justify;\">&gt; Cette semaine<br \/>\nau Soudan, les RSF ont attaqu\u00e9 \u00e0 deux reprises le dernier \u00e9tablissement m\u00e9dical<br \/>\nfonctionnel d\u2019El Fasher, une ville o\u00f9 des personnes sont pi\u00e9g\u00e9es et coup\u00e9es de<br \/>\ntoute aide depuis plus d\u2019un an. Cette violence aveugle doit cesser. Le peuple<br \/>\ndu Soudan m\u00e9rite un avenir ancr\u00e9 dans la paix.<\/p>\n<p class=\"MsoNormal\" style=\"text-align: justify;\">&gt; Tr\u00e8s bon<br \/>\npremier \u00e9change avec le Pr\u00e9sident du Guatemala. Nous sommes unis pour d\u00e9fendre<br \/>\nle multilat\u00e9ralisme, la d\u00e9mocratie et la paix. En ces temps sombres, le respect<br \/>\ndu DIH, le dialogue et la coop\u00e9ration internationale sont essentiels. <\/p>\n<p class=\"MsoNormal\" style=\"text-align: justify;\">&gt; Je condamne<br \/>\nfermement l\u2019attaque massive et calcul\u00e9e de la Russie, l\u2019une des plus lourdes<br \/>\nfrappes sur les infrastructures \u00e9nerg\u00e9tiques de l\u2019Ukraine depuis le d\u00e9but de la<br \/>\nguerre.<br \/>Pendant que la Russie plonge l\u2019Ukraine dans l\u2019obscurit\u00e9, l\u2019UE apporte lumi\u00e8re<br \/>\net solidarit\u00e9. Nous aidons dans les domaines de l\u2019\u00e9nergie, de la protection et<br \/>\nde la r\u00e9cup\u00e9ration. Toujours.<\/p>\n<p class=\"MsoNormal\" style=\"text-align: justify;\">&gt; J\u2019ai salu\u00e9 les<br \/>\nefforts de l\u2019\u00c9thiopie et son action humanitaire collective. Nous sommes<br \/>\nconvenus de l\u2019urgence d\u2019op\u00e9rationnaliser la r\u00e9initialisation humanitaire, de<br \/>\nrespecter le droit international humanitaire et d\u2019assurer un acc\u00e8s s\u00fbr \u00e0<br \/>\nl\u2019aide. L\u2019UE reste un partenaire fiable face \u00e0 des besoins croissants.<\/p>\n<p class=\"MsoNormal\" style=\"text-align: justify;\">&gt; Bonne et<br \/>\nfranche discussion avec Th\u00e9r\u00e8se Kayikwamba Wagner [ministre des Affaires<br \/>\n\u00e9trang\u00e8res de RDC] sur la situation humanitaire et politique difficile \u00e0 l\u2019est<br \/>\nde la RDC, les d\u00e9fis li\u00e9s \u00e0 la r\u00e9duction des financements, la n\u00e9cessit\u00e9 de<br \/>\ngarantir l\u2019acc\u00e8s humanitaire, de respecter le DIH et renforcer la diplomatie<br \/>\nhumanitaire.<\/p>\n<p class=\"MsoNormal\" style=\"text-align: justify;\">\u00a0<\/p>\n<p class=\"MsoNormal\" style=\"text-align: justify;\"><b>Marta Kos (commissaire \u00e0 l&rsquo;\u00e9largissement)<\/b><br \/>&gt; L\u2019UE apporte stabilit\u00e9 et prosp\u00e9rit\u00e9 en autonomisant les soci\u00e9t\u00e9s<br \/>\nind\u00e9pendantes. Nous investissons dans les infrastructures, la connectivit\u00e9<br \/>\nnum\u00e9rique et \u00e9nerg\u00e9tique. Nous apportons la s\u00e9curit\u00e9 juridique. Ainsi, nos<br \/>\npartenaires proches peuvent cro\u00eetre plus fortement et fa\u00e7onner leur propre<br \/>\navenir.<br \/>Avant la guerre d\u2019agression de la Russie, la plupart des \u00e9changes commerciaux<br \/>\nterrestres entre l\u2019Asie et l\u2019UE passaient par la Russie. Cette route est<br \/>\nmaintenant ferm\u00e9e.<br \/>Nous investissons dans la r\u00e9gion de la mer Noire pour ouvrir de nouveaux liens.<br \/>Aujourd\u2019hui, j\u2019ai sign\u00e9 quatre accords pour aider les investisseurs priv\u00e9s \u00e0<br \/>\nnous rejoindre.<\/p>\n<p class=\"MsoNormal\" style=\"text-align: justify;\">&gt; Global Gateway<br \/>\nest une Europe qui peut agir. Dans un monde o\u00f9 le pouvoir cr\u00e9e des d\u00e9pendances,<br \/>\nun continent uni a besoin d\u2019une int\u00e9gration de l\u2019\u00e9nergie, du transport et des<br \/>\nconnexions num\u00e9riques.<br \/>Nous investissons pour construire des \u00e9conomies plus fortes, soutenir les<br \/>\nr\u00e9formes et r\u00e9duire les d\u00e9pendances. Pour fa\u00e7onner notre avenir commun.<\/p>\n<p class=\"MsoNormal\" style=\"text-align: justify;\">&gt; \u00c0 partir de<br \/>\ncette semaine, les citoyens et entreprises moldaves b\u00e9n\u00e9ficieront du m\u00eame<br \/>\ntraitement que les citoyens de l\u2019UE lorsqu\u2019ils envoient de l\u2019argent ou<br \/>\nre\u00e7oivent des paiements de l\u2019UE. Plus de frais suppl\u00e9mentaires. Juste une seule<br \/>\nzone de paiement en euros. F\u00e9licitations \u00e0 l\u2019adh\u00e9sion SEPA.<\/p>\n<p class=\"MsoNormal\" style=\"text-align: justify;\">&gt; Des \u00e9lections<br \/>\nlocales en G\u00e9orgie ont eu lieu apr\u00e8s des mois de r\u00e9pression croissante. La<br \/>\nviolence n\u2019est pas acceptable, tout comme la d\u00e9sinformation sur le r\u00f4le de l\u2019UE<br \/>\nen G\u00e9orgie et les attaques personnelles contre l\u2019ambassadeur de l\u2019UE. Les<br \/>\ndroits des citoyens \u00e0 la libert\u00e9 de r\u00e9union et d\u2019expression doivent \u00eatre<br \/>\nrespect\u00e9s.<\/p>\n<p class=\"MsoNormal\" style=\"text-align: justify;\">\u00a0<\/p>\n<p class=\"MsoNormal\" style=\"text-align: justify;\"><b style=\"font-family: arial;\">\u25cf Parlement europ\u00e9en<\/b><br \/><b style=\"mso-bidi-font-weight: normal;\">\u2666 Renew Europe (groupe centriste<br \/>\net lib\u00e9ral au Parlement europ\u00e9en)\u00a0<br \/><\/b>[Nota: les propos tenus par les d\u00e9put\u00e9s europ\u00e9ens fran\u00e7ais sont \u00e0 lire dans<br \/>\nPropos centristes France] \u00a0<\/p>\n<p class=\"MsoNormal\" style=\"text-align: justify;\">&gt; [Prix Nobel de la paix] F\u00e9licitations \u00e0 Maria Corina<br \/>\nMachado, leader de notre parti lib\u00e9ral s\u0153ur Vente Venezuela ! Un honneur m\u00e9rit\u00e9<br \/>\npour son combat inlassable pour promouvoir la d\u00e9mocratie pour le peuple du<br \/>\nVenezuela. Sa position contre l\u2019autocratie est une inspiration pour tous ceux<br \/>\nqui valorisent la libert\u00e9. Les lib\u00e9raux continueront \u00e0 se battre !<\/p>\n<p class=\"MsoNormal\" style=\"text-align: justify;\">\u00a0<\/p>\n<p class=\"MsoNormal\" style=\"text-align: justify;\"><b style=\"font-family: arial;\">Billy Kelleher<br \/>\n(premier vice-pr\u00e9sident)<br \/><\/b>&gt; Isra\u00ebl agit avec impunit\u00e9<br \/>\nparce que nous lui avons accord\u00e9 l\u2019immunit\u00e9. L\u2019UE doit d\u00e9fendre le droit<br \/>\ninternational &#8211; peu importe qui le viole. Les attaques du 7\u00a0octobre<br \/>\n\u00e9taient un crime odieux\u00a0: cela ne signifie pas que les Gazaouis devraient<br \/>\n\u00eatre pers\u00e9cut\u00e9s. Une solution \u00e0 deux \u00c9tats est le seul espoir pour les<br \/>\nPalestiniens et les Isra\u00e9liens.<\/p>\n<p class=\"MsoNormal\" style=\"text-align: justify;\">\u00a0<\/p>\n<p class=\"MsoNormal\" style=\"text-align: justify;\"><b style=\"font-family: arial;\">Dan Barna<br \/>\n(vice-pr\u00e9sident)<br \/><\/b>&gt; Le Centre de s\u00e9curit\u00e9 de la mer Noire est un projet crucial par lequel<br \/>\nl\u2019Europe d\u00e9montre que les ressources sont dirig\u00e9es l\u00e0 o\u00f9 elles sont<br \/>\nn\u00e9cessaires.<br \/>La menace pour l\u2019Europe vient de la Russie, c\u2019est pourquoi ce centre de<br \/>\ns\u00e9curit\u00e9 en mer Noire, qui j\u2019esp\u00e8re sera h\u00e9berg\u00e9 en Roumanie, est l\u2019une des<br \/>\nraisons pour lesquelles nous organisons la conf\u00e9rence \u00ab\u00a0L\u2019approche<br \/>\nstrat\u00e9gique de la mer Noire\u00a0: il est temps d\u2019agir\u00a0\u00bb, avec mon<br \/>\ncoll\u00e8gue d\u00e9put\u00e9 europ\u00e9en, Ilhan Kyuchyuk (Bulgarie).<br \/>Il s\u2019agira d\u2019un dialogue politique de haut niveau, avec la participation de la<br \/>\ncommissaire europ\u00e9enne Marta Kos et du ministre roumain des Affaires<br \/>\n\u00e9trang\u00e8res, Oana \u021aoiu, aux c\u00f4t\u00e9s de membres du Parlement europ\u00e9en et de<br \/>\nrepr\u00e9sentants de la Commission europ\u00e9enne. Des experts, repr\u00e9sentants d\u2019ONG et<br \/>\nde prestigieux think tanks seront \u00e9galement pr\u00e9sents.<br \/>La guerre d\u2019agression de la Russie contre l\u2019Ukraine continue de perturber la<br \/>\ns\u00e9curit\u00e9 mondiale, et la mer Noire est devenue essentielle aux int\u00e9r\u00eats<br \/>\nstrat\u00e9giques et \u00e9conomiques de l\u2019Europe.<br \/>L\u2019UE agit pour renforcer la s\u00e9curit\u00e9 dans la r\u00e9gion.<\/p>\n<p class=\"MsoNormal\" style=\"text-align: justify;\">&gt; L\u2019espace a\u00e9rien de la Roumanie et du flanc oriental \u2013<br \/>\nc\u2019est-\u00e0-dire l\u2019espace de l\u2019OTAN et de l\u2019UE &#8211; est viol\u00e9 \u00e0 plusieurs reprises et<br \/>\nd\u00e9lib\u00e9r\u00e9ment par des drones russes.<br \/>Les drones russes sont une menace directe pour notre s\u00e9curit\u00e9 et la stabilit\u00e9<br \/>\nde la mer Noire.<br \/>L\u2019Europe doit faire plus et agir maintenant en finan\u00e7ant un \u00ab\u00a0Drone<br \/>\nWall\u00a0\u00bb europ\u00e9en et en transformant la solidarit\u00e9 en un bouclier efficace<br \/>\net imp\u00e9n\u00e9trable.<br \/>La Roumanie est en premi\u00e8re ligne, mais cette fronti\u00e8re appartient \u00e0 toute<br \/>\nl\u2019Europe. Nous devons prot\u00e9ger chaque centim\u00e8tre de notre territoire !<\/p>\n<p class=\"MsoNormal\" style=\"text-align: justify;\">\u00a0<\/p>\n<p class=\"MsoNormal\" style=\"text-align: justify;\"><b>Gerben-Jan Gerbrandy (vice-pr\u00e9sident)<br \/><\/b>&gt; Il est important que le Premier ministre du Groenland s\u2019adresse \u00e0 la<br \/>\nsession pl\u00e9ni\u00e8re du Parlement europ\u00e9en.<\/p>\n<p class=\"MsoNormal\" style=\"text-align: justify;\">&gt; Babis gagne aux \u00e9lections tch\u00e8ques une mauvaise<br \/>\nnouvelle pour l\u2019UE et l\u2019Ukraine. Un gouvernement majoritaire n\u00e9cessite<br \/>\n\u00e9galement un accord avec, entre autres, l\u2019Autopartij. Il a canonis\u00e9 la voiture<br \/>\n\u00e0 essence \/ diesel et veut supprimer toutes les pistes cyclables. Pourquoi<br \/>\nextr\u00e9miste?&#8230;<\/p>\n<p class=\"MsoNormal\" style=\"text-align: justify;\">\u00a0<\/p>\n<p class=\"MsoNormal\" style=\"text-align: justify;\"><b>Engin Eroglu (d\u00e9put\u00e9)<br \/><\/b>&gt; \u00abLe Groenland a besoin de l\u2019UE, et l\u2019UE a besoin du Groenland.\u00bb<br \/>C\u2019\u00e9tait le message cl\u00e9 du discours prononc\u00e9 aujourd\u2019hui par le Premier ministre<br \/>\ndu Groenland, M. Nielsen, devant l\u2019Assembl\u00e9e europ\u00e9enne. Les domaines de<br \/>\ncoop\u00e9ration avec la r\u00e9gion autonome du Royaume du Danemark vont bien au-del\u00e0 du<br \/>\nsecteur traditionnellement important de la p\u00eache\u00a0: outre la coop\u00e9ration<br \/>\ndans les domaines de la recherche, de la protection de l\u2019environnement, de<br \/>\nl\u2019\u00e9ducation et de la s\u00e9curit\u00e9, il y a de grandes opportunit\u00e9s dans les domaines<br \/>\ndes \u00e9nergies renouvelables et de l\u2019extraction de mat\u00e9riaux en particulier. Les<br \/>\nglaciers et les rivi\u00e8res puissants peuvent alimenter des centrales<br \/>\nhydro\u00e9lectriques efficaces et durables. Le paysage accident\u00e9 du Groenland<br \/>\nabrite 24 des 34 mati\u00e8res premi\u00e8res critiques d\u00e9finies par l\u2019UE. C\u2019est une<br \/>\nopportunit\u00e9 prometteuse pour diversifier les cha\u00eenes d\u2019approvisionnement,<br \/>\nsurtout si l\u2019on consid\u00e8re que 98\u00a0% des terres rares de l\u2019Union europ\u00e9enne<br \/>\nproviennent actuellement de la R\u00e9publique populaire de Chine. Le Groenland,<br \/>\nd\u2019autre part, a besoin de capitaux. Construire l\u2019infrastructure pour les<br \/>\nprojets miniers, \u00e9nerg\u00e9tiques et de t\u00e9l\u00e9communications est co\u00fbteux. Sur la base<br \/>\nde ces valeurs et int\u00e9r\u00eats communs, la coop\u00e9ration entre l\u2019UE et le Groenland<br \/>\ndoit progresser rapidement.<\/p>\n<p class=\"MsoNormal\" style=\"text-align: justify;\">\u00a0<\/p>\n<p class=\"MsoNormal\" style=\"text-align: justify;\"><b>Karin Karlsbro (d\u00e9put\u00e9e)<br \/><\/b>&gt; Incroyablement m\u00e9ritante la laur\u00e9ate du prix de la paix de cette ann\u00e9e<br \/>\npour sa lutte inlassable pour la d\u00e9mocratie et la libert\u00e9 au Venezuela. Maria<br \/>\nCorina Machado, \u00e9galement laur\u00e9ate du Prix Sakharov 2024 de l\u2019UE, est une<br \/>\nv\u00e9ritable inspiration et un exemple pour tous ceux qui luttent pour un monde<br \/>\nplus libre et plus juste.<\/p>\n<p class=\"MsoNormal\" style=\"text-align: justify;\">&gt; La proposition selon laquelle les produits v\u00e9g\u00e9tariens<br \/>\nne devraient pas \u00eatre commercialis\u00e9s avec des termes \u00ab\u00a0li\u00e9s \u00e0 la<br \/>\nviande\u00a0\u00bb dans l\u2019UE est bien s\u00fbr absurde. Comme le mandat pr\u00e9c\u00e9dent, je<br \/>\nvote non. Convaincu que les consommateurs europ\u00e9ens peuvent choisir eux-m\u00eames<br \/>\ns\u2019ils veulent une saucisse \u00e0 base de viande ou de plantes.<\/p>\n<p class=\"MsoNormal\" style=\"text-align: justify;\">\u00a0<\/p>\n<p class=\"MsoNormal\" style=\"text-align: justify;\"><b>Michal Kobosko (d\u00e9put\u00e9)<br \/><\/b>&gt; La commission des p\u00e9titions est l\u2019un des outils les plus importants de<br \/>\nla d\u00e9mocratie dans l\u2019Union europ\u00e9enne.<\/p>\n<p class=\"MsoNormal\" style=\"text-align: justify;\">&gt; Depuis plusieurs mois, j\u2019attire l\u2019attention de la<br \/>\nCommission europ\u00e9enne sur les effets du r\u00e8glement qui a introduit des limites<br \/>\npour la transformation des produits de la p\u00eache. Bien que les r\u00e8glements<br \/>\nsemblaient technologiquement neutres, dans la pratique ils touchent les plantes<br \/>\npolonaises qui sont essentielles \u00e0 la transformation du saumon dans des r\u00e9gions<br \/>\ntelles qu\u2019Ustka et S\u0142upsk.<br \/>Ces usines ne sont pas seulement des emplois pour des milliers de personnes,<br \/>\nmais aussi un pilier de l\u2019\u00e9conomie locale dans les r\u00e9gions avec des<br \/>\nopportunit\u00e9s de d\u00e9veloppement limit\u00e9es. Les nouvelles r\u00e9glementations ont forc\u00e9<br \/>\nune r\u00e9organisation co\u00fbteuse de la production. Ces dispositions ont \u00e9t\u00e9<br \/>\nabrog\u00e9es. En outre, la Commission a \u00e9t\u00e9 contrainte par la CJUE en premi\u00e8re<br \/>\ninstance de prendre en charge les co\u00fbts support\u00e9s par les entreprises qui<br \/>\n\u00e9taient tenues de proc\u00e9der \u00e0 cette r\u00e9organisation.<br \/>Aujourd\u2019hui, je salue la d\u00e9cision de la Cour, qui a abrog\u00e9 ces dispositions \u2013<br \/>\npour prouver qu\u2019il est logique de rechercher constamment l\u2019industrie polonaise<br \/>\net les communaut\u00e9s locales.<\/p>\n<p class=\"MsoNormal\" style=\"text-align: justify;\">&gt; Nous devons nous concentrer sur notre propre \u00e9conomie<br \/>\nnum\u00e9rique et une vision ambitieuse de la construction d\u2019un \u00e9cosyst\u00e8me<br \/>\nnum\u00e9rique.<\/p>\n<p class=\"MsoNormal\" style=\"text-align: justify;\">&gt; Prix Sakharov pour Andrzej Poczobut ! Dans un avenir<br \/>\nproche, les commissions AFET des affaires \u00e9trang\u00e8res et des droits de l\u2019homme<br \/>\nde DROI s\u00e9lectionneront trois personnes qui seront soumises au vote pour le<br \/>\nprix Sakharov en d\u00e9cembre. Je vais faire pression pour que le journaliste<br \/>\npolonais soit appr\u00e9ci\u00e9 pour la lutte pour une Bi\u00e9lorussie libre et<br \/>\nd\u00e9mocratique, pour les droits des Polonais dans ce pays dirig\u00e9 de mani\u00e8re<br \/>\nautoritaire.<br \/>Andrzej Poczobut a \u00e9t\u00e9 plac\u00e9 dans une cellule le 23\u00a0ao\u00fbt pour six mois \u2013<br \/>\njusqu\u2019en f\u00e9vrier\u00a02026. En septembre, la correspondance avec le journaliste<br \/>\npolonais a de nouveau \u00e9t\u00e9 interrompue pendant longtemps. Une cellule est un<br \/>\ntype de punition pour des violations de l\u2019ordre interne de la colonie.<br \/>Andrzej Poczobut &#8211; un symbole de fermet\u00e9 et de courage que l\u2019Europe devrait<br \/>\nconstamment nous rappeler.<\/p>\n<p class=\"MsoNormal\" style=\"text-align: justify;\">\u00a0<\/p>\n<p class=\"MsoNormal\" style=\"text-align: justify;\"><b>Barry  Andrews<br \/>\n(d\u00e9put\u00e9)<br \/><\/b>&gt; Le 7\u00a0octobre doit \u00eatre condamn\u00e9 \u00e0 plusieurs reprises et sans<br \/>\nambigu\u00eft\u00e9. Cependant, la r\u00e9ponse isra\u00e9lienne s\u2019est transform\u00e9e en vandalisme<br \/>\nr\u00e9gional et en g\u00e9nocide. Ce n\u2019est pas une strat\u00e9gie mais un affichage sans but<br \/>\nde la puissance militaire. La stature, la vision politique et un v\u00e9ritable<br \/>\nd\u00e9sir de paix sont absents. Des enfants sont tu\u00e9s par des drones d\u2019IA. Des<br \/>\nenfants sont tu\u00e9s par des tireurs d\u2019\u00e9lite de l\u2019IDF. Les enfants sont affam\u00e9s \u00e0<br \/>\nmort. Cette horreur doit cesser.<\/p>\n<p class=\"MsoNormal\" style=\"text-align: justify;\">\u00a0<\/p>\n<p class=\"MsoNormal\" style=\"text-align: justify;\"><b>Hilde Vautmans (d\u00e9put\u00e9e)<br \/><\/b>&gt; Nous saluons l&rsquo;accord de cessez-le-feu conclu entre Isra\u00ebl et le<br \/>\nHamas. Il s&rsquo;agit d&rsquo;une avanc\u00e9e importante, mais nous devons rester prudents,<br \/>\ncar il reste encore un long chemin \u00e0 parcourir. Comme nous l&rsquo;avons d\u00e9j\u00e0<br \/>\ndemand\u00e9, un cessez-le-feu imm\u00e9diat et permanent, la lib\u00e9ration de tous les<br \/>\notages et un acc\u00e8s humanitaire urgent pour sauver des vies \u00e0 Gaza doivent \u00eatre<br \/>\ngarantis et surveill\u00e9s de pr\u00e8s. La situation restant pr\u00e9caire, les termes de<br \/>\nl&rsquo;accord doivent \u00eatre respect\u00e9s par tous.<\/p>\n<p class=\"MsoNormal\" style=\"text-align: justify;\">\u00a0<\/p>\n<p class=\"MsoNormal\" style=\"text-align: justify;\"><b>Ana Vasconcelos (d\u00e9put\u00e9e)<\/b><br \/>&gt; Nous adressons nos plus chaleureuses f\u00e9licitations \u00e0 Mar\u00eda Corina Machado<br \/>\npour l\u2019obtention du Prix Nobel de la Paix 2025, une reconnaissance \u00e0 la fois<br \/>\njuste et profond\u00e9ment m\u00e9rit\u00e9e. Son engagement ind\u00e9fectible en faveur de la<br \/>\nd\u00e9mocratie, des droits humains et de la libert\u00e9 au Venezuela r\u00e9sonne bien<br \/>\nau-del\u00e0 des fronti\u00e8res de son pays, nous rappelant que la lutte pour la libert\u00e9<br \/>\nest une cause universelle. Cette distinction met en lumi\u00e8re le courage de tous<br \/>\nceux qui refusent de c\u00e9der face \u00e0 l\u2019oppression. (\u2026)<br \/>Le prix Nobel d\u00e9cern\u00e9 aujourd\u2019hui \u00e0 Mar\u00eda Corina est le prolongement de ce m\u00eame<br \/>\nesprit. Il souligne que la d\u00e9mocratie ne peut \u00eatre consid\u00e9r\u00e9e comme acquise et<br \/>\nque l\u2019Union europ\u00e9enne \u2013 aux c\u00f4t\u00e9s des voix lib\u00e9rales et pro-libert\u00e9 \u2013 doit<br \/>\ncontinuer \u00e0 soutenir ceux qui risquent tout pour la d\u00e9fendre. Nous sommes<br \/>\nrappel\u00e9s au fait que lorsque les forces politiques unissent leurs efforts, m\u00eame<br \/>\n\u00e0 travers les continents, les voix des opprim\u00e9s sont amplifi\u00e9es et les murs de<br \/>\nl\u2019autoritarisme peuvent \u00eatre \u00e9branl\u00e9s. Iniciativa Liberal et Renew continueront<br \/>\n\u00e0 d\u00e9fendre la cause de Mar\u00eda Corina et, plus largement, celle de la libert\u00e9 au<br \/>\nVenezuela. Nous nous engageons \u00e0 plaider pour une pression internationale<br \/>\naccrue, une surveillance des droits humains renforc\u00e9e et un soutien durable \u00e0<br \/>\nceux qui r\u00e9sistent avec courage face \u00e0 l\u2019oppression. \u00c0 ceux qui pers\u00e9v\u00e8rent<br \/>\ndans les heures les plus sombres : vous n\u2019\u00eates pas oubli\u00e9s. Les lib\u00e9raux<br \/>\neurop\u00e9ens se tiendront \u00e0 vos c\u00f4t\u00e9s.<\/p>\n<p class=\"MsoNormal\" style=\"text-align: justify;\">\u00a0<\/p>\n<p class=\"MsoNormal\" style=\"text-align: justify;\"><b>Oihane Agirregoitia Mart\u00ednez (d\u00e9put\u00e9e) <br \/><\/b>&gt; Aujourd\u2019hui est un jour de profonde joie et d\u2019\u00e9motion. Mar\u00eda Corina<br \/>\nMachado a re\u00e7u le Prix Nobel de la Paix, une reconnaissance qui confirme ce que<br \/>\nnous savons depuis longtemps : son courage et sa lutte pour la libert\u00e9 et la<br \/>\nd\u00e9mocratie du peuple v\u00e9n\u00e9zu\u00e9lien. C\u2019est quelque chose que nous avons eu le<br \/>\nprivil\u00e8ge de reconna\u00eetre il y a un an au Parlement europ\u00e9en lorsque nous lui<br \/>\navons d\u00e9cern\u00e9 le Prix Sakharov 2024, conjointement avec Edmundo Gonz\u00e1lez, en<br \/>\ntant que dirigeants des forces d\u00e9mocratiques au Venezuela. Aujourd\u2019hui, le<br \/>\nmonde c\u00e9l\u00e8bre le travail d\u2019une femme infatigable et d\u2019une combattante<br \/>\nd\u00e9termin\u00e9e qui a tout risqu\u00e9 pour la libert\u00e9 de son peuple et qui lutte<br \/>\ncourageusement contre l\u2019oppression. Nous serons toujours oppos\u00e9s \u00e0 la<br \/>\nr\u00e9pression et \u00e0 la dictature.<\/p>\n<p class=\"MsoNormal\" style=\"text-align: justify;\">\u00a0<\/p>\n<p class=\"MsoNormal\" style=\"text-align: justify;\"><b>Abir Al-Sahlani (d\u00e9put\u00e9e)<br \/><\/b>&gt; [Le Parlement europ\u00e9en a approuv\u00e9 aujourd\u2019hui la nouvelle Feuille de<br \/>\nroute de l\u2019UE pour les droits des femmes ainsi que sa d\u00e9claration de principes<br \/>\nen faveur d\u2019une soci\u00e9t\u00e9 fond\u00e9e sur l\u2019\u00e9galit\u00e9 entre les femmes et les hommes] Cette<br \/>\nd\u00e9claration d\u00e9finit les principes n\u00e9cessaires pour mettre fin aux in\u00e9galit\u00e9s<br \/>\nque les femmes subissent encore, mais les principes seuls ne changeront pas la<br \/>\nvie de femmes. Renew Europe continuera \u00e0 faire pression sur la Commission<br \/>\njusqu\u2019\u00e0 ce que les femmes constatent des changements r\u00e9els: dans leur<br \/>\nportefeuille, dans leur s\u00e9curit\u00e9 et dans la prise de d\u00e9cision. Car aujourd\u2019hui<br \/>\nencore, les femmes gagnent en moyenne 13 % de moins que les hommes, elles<br \/>\noccupent seulement 33 % des si\u00e8ges dans les parlements nationaux, et une femme<br \/>\nsur trois a \u00e9t\u00e9 victime de violence. Cette r\u00e9alit\u00e9 co\u00fbte \u00e0 nos soci\u00e9t\u00e9s quelque<br \/>\n289 milliards d\u2019euros par an.<\/p>\n<p class=\"MsoNormal\" style=\"text-align: justify;\">\u00a0<\/p>\n<p class=\"MsoNormal\" style=\"text-align: justify;\"><b>Urmas Paet (d\u00e9put\u00e9)<br \/><\/b>&gt; Les r\u00e9centes incursions d\u00e9lib\u00e9r\u00e9es dans l&rsquo;espace a\u00e9rien polonais,<br \/>\nestonien et roumain et les \u00e9v\u00e9nements r\u00e9cents au Danemark, en Norv\u00e8ge et en<br \/>\nSu\u00e8de constituent une escalade manifeste de la part de la Russie. La Russie<br \/>\nveut d\u00e9stabiliser l&rsquo;unit\u00e9 de l&rsquo;Europe et r\u00e9duire notre soutien \u00e0 l&rsquo;Ukraine.<br \/>\nNous ne pouvons pas laisser cela se produire. Au contraire, nous devons<br \/>\napporter une r\u00e9ponse forte et unie de la part de l&rsquo;UE et de l&rsquo;OTAN.<br \/>L&rsquo;Europe de l&rsquo;Est est actuellement confront\u00e9e au plus grand danger d&rsquo;agression,<br \/>\nla d\u00e9fense des fronti\u00e8res orientales et de l&rsquo;espace a\u00e9rien de l&rsquo;UE doit donc<br \/>\n\u00eatre un effort commun. Le moment est venu de faire preuve de volont\u00e9 politique<br \/>\nen signalant que tout \u00c9tat tiers qui tenterait de violer notre souverainet\u00e9<br \/>\nserait imm\u00e9diatement confront\u00e9 \u00e0 des repr\u00e9sailles. Nous devons \u00e9galement<br \/>\ncontinuer \u00e0 \u0153uvrer pour mettre un terme \u00e0 la flotte fant\u00f4me russe, car la<br \/>\nRussie utilise ces navires comme rampes de lancement pour les drones qui<br \/>\np\u00e9n\u00e8trent dans notre espace a\u00e9rien.<\/p>\n<p class=\"MsoNormal\" style=\"text-align: justify;\">\u00a0<\/p>\n<p class=\"MsoNormal\" style=\"text-align: justify;\"><b>&gt; Marie-Agnes Strack-Zimmermann (d\u00e9put\u00e9e)<br \/><\/b>Les violations r\u00e9p\u00e9t\u00e9es de l&rsquo;espace a\u00e9rien par la Russie ne sont pas une<br \/>\nco\u00efncidence, mais s&rsquo;inscrivent dans un sch\u00e9ma d\u00e9lib\u00e9r\u00e9 d&rsquo;intimidation hybride.<br \/>\nMoscou teste d\u00e9lib\u00e9r\u00e9ment la r\u00e9activit\u00e9, l&rsquo;unit\u00e9 et la d\u00e9termination de<br \/>\nl&rsquo;Europe. Chaque drone ou missile russe entrant dans l&rsquo;espace a\u00e9rien de l&rsquo;OTAN<br \/>\nou de l&rsquo;UE constitue une attaque contre la s\u00e9curit\u00e9 de tous, et pas seulement<br \/>\ncontre l&rsquo;\u00c9tat membre directement concern\u00e9.<br \/>Ces provocations soulignent que la s\u00e9curit\u00e9 de l&rsquo;Europe ne s&rsquo;arr\u00eate pas aux<br \/>\nfronti\u00e8res de chacune de nos nations. Nous devons renforcer nos capacit\u00e9s de<br \/>\nsurveillance a\u00e9rienne et de d\u00e9fense a\u00e9rienne sur tout le flanc Est, de la<br \/>\nBaltique \u00e0 la mer Noire. Dans le m\u00eame temps, l&rsquo;Europe doit enfin construire la<br \/>\nbase industrielle n\u00e9cessaire pour d\u00e9velopper et produire ses propres capacit\u00e9s<br \/>\nen mati\u00e8re de d\u00e9fense a\u00e9rienne, de reconnaissance et de technologie anti-drone.<br \/>\nCe n&rsquo;est qu&rsquo;alors que nous deviendrons v\u00e9ritablement ind\u00e9pendants et capables<br \/>\nd&rsquo;agir.<br \/>L&rsquo;UE et l&rsquo;OTAN doivent envoyer un message clair indiquant que de telles<br \/>\nviolations ne resteront pas sans r\u00e9ponse. Seule, la diplomatie d&rsquo;apaisement<br \/>\nn&rsquo;est pas suffisante. Ce qu&rsquo;il faut maintenant, c&rsquo;est de la clart\u00e9, de la<br \/>\ncoh\u00e9rence et de la dissuasion. Notre r\u00e9ponse ne doit pas \u00eatre r\u00e9active, mais<br \/>\nstrat\u00e9gique. La s\u00e9curit\u00e9 de l&rsquo;Europe exige une architecture de s\u00e9curit\u00e9<br \/>\na\u00e9rienne \u00e9troitement coordonn\u00e9e entre l&rsquo;UE et l&rsquo;OTAN qui prot\u00e8ge nos citoyens<br \/>\net indique clairement \u00e0 la Russie que nous ne nous laisserons pas intimider. Le<br \/>\ntemps de l&rsquo;h\u00e9sitation est r\u00e9volu.<\/p>\n<p class=\"MsoNormal\" style=\"text-align: justify;\">\u00a0<\/p>\n<p class=\"MsoNormal\" style=\"text-align: justify;\"><b style=\"font-family: arial;\">\u25ba Pays membres de<br \/>\nl\u2019Union europ\u00e9enne<br \/>\u25cf Allemagne\u00a0<br \/>\u2666 FDP\u00a0<br \/><\/b>&gt; La r\u00e9forme concernant l\u2019argent des citoyens est une grande tromperie.<br \/>\nLors de la campagne \u00e9lectorale, la CDU-CSU a dit qu\u2019elle devait \u00e9conomiser<br \/>\n30\u00a0milliards d\u2019euros, puis seulement cinq &#8211; et maintenant le gouvernement<br \/>\nparle d\u2019un seul. Au lieu de l\u2019automne des r\u00e9formes\u00a0: hibernation.<\/p>\n<p class=\"MsoNormal\" style=\"text-align: justify;\">&gt; Deux ans se sont \u00e9coul\u00e9s depuis que les terroristes du<br \/>\nHamas ont attaqu\u00e9 Isra\u00ebl le 7\u00a0octobre et perp\u00e9tr\u00e9 le plus grand massacre<br \/>\nde juifs depuis l\u2019Holocauste.<\/p>\n<p class=\"MsoNormal\" style=\"text-align: justify;\">\u00a0<\/p>\n<p class=\"MsoNormal\" style=\"text-align: justify;\"><b>Christian D\u00fcrr (pr\u00e9sident)<br \/><\/b>&gt; Le fait que les otages isra\u00e9liens puissent \u00eatre lib\u00e9r\u00e9s apr\u00e8s une<br \/>\np\u00e9riode trop longue donne l\u2019espoir d\u2019une paix durable dans la r\u00e9gion. Les<br \/>\nprochaines \u00e9tapes doivent toujours porter sur la s\u00e9curit\u00e9 d\u2019Isra\u00ebl.<\/p>\n<p class=\"MsoNormal\" style=\"text-align: justify;\">&gt; Dissimuler les probl\u00e8mes structurels avec l\u2019argent des<br \/>\ncontribuables &#8211; la m\u00eame politique arbitraire de la CDU que dans le pass\u00e9. La<br \/>\nCSU a \u00e9t\u00e9 achet\u00e9 avec la rente de maternit\u00e9, le SPD avec des primes d\u2019achat; les<br \/>\nd\u00e9cisions pour les \u00e9conomies et la croissance? \u00c9chec. On se souvient d\u2019Angela<br \/>\nMerkel.<\/p>\n<p class=\"MsoNormal\" style=\"text-align: justify;\">&gt; Il y a deux ans, le Hamas a attaqu\u00e9 Isra\u00ebl ; ce fut<br \/>\nl\u2019attaque la plus grave contre des juifs depuis la Shoah. Aujourd\u2019hui, nous<br \/>\npensons \u00e0 tous ceux qui ont perdu des \u00eatres chers &#8211; et aux otages toujours<br \/>\nd\u00e9tenus par le Hamas. Nous sommes proches d\u2019Isra\u00ebl.<\/p>\n<p class=\"MsoNormal\" style=\"text-align: justify;\">&gt; Ce qui est vraiment amer\u00a0: le gouvernement est<br \/>\ntr\u00e8s rapide quand il s\u2019agit de restreindre les droits fondamentaux, mot-cl\u00e9<br \/>\ncontr\u00f4le des conversations. Mais quand il s\u2019agit de l\u2019automne des r\u00e9formes,<br \/>\nrien ne se passe\u00a0: au lieu d\u2019interventions radicales dans la libert\u00e9, nous<br \/>\navons besoin de r\u00e9formes \u00e9conomiques radicales !<\/p>\n<p class=\"MsoNormal\" style=\"text-align: justify;\">\u00a0<\/p>\n<p class=\"MsoNormal\" style=\"text-align: justify;\"><b>Svenja Hahn (vice-pr\u00e9sidente)<br \/><\/b>&gt; L\u2019Europe nous sauve&#8230; des veggies burgers! Alors que le monde br\u00fble,<br \/>\nBruxelles discute de votre d\u00e9jeuner \u00e0 cause des politiciens conservateurs et de<br \/>\ndroite au lieu de r\u00e9soudre les grands probl\u00e8mes comme la d\u00e9fense ou l\u2019\u00e9conomie.<\/p>\n<p class=\"MsoNormal\" style=\"text-align: justify;\">&gt; Au lieu de 27 syst\u00e8mes juridiques diff\u00e9rents, nous<br \/>\navons besoin d\u2019un syst\u00e8me uniforme et non bureaucratique dans tous les pays de<br \/>\nl\u2019UE. Je me bats \u00e0 Bruxelles pour que les start-ups puissent continuer \u00e0<br \/>\nconcr\u00e9tiser leurs id\u00e9es chez nous !<\/p>\n<p class=\"MsoNormal\" style=\"text-align: justify;\">&gt; Ursula von der Leyen r\u00e9gule l\u2019UE en dehors du<br \/>\nnum\u00e9rique. L\u2019innovation doit pouvoir se d\u00e9velopper au sein de l\u2019UE et<br \/>\nl\u2019innovation doit pouvoir \u00eatre introduite sur notre march\u00e9 en dehors de<br \/>\nl\u2019Europe.<\/p>\n<p class=\"MsoNormal\" style=\"text-align: justify;\">&gt; Des r\u00e9formes au lieu de la r\u00e9glementation ! Alors que<br \/>\ndes \u00e9conomistes ont reconnu le probl\u00e8me du manque de croissance \u00e9conomique et<br \/>\nde la d\u00e9pendance vis-\u00e0-vis des USA\/Chine, Bruxelles n\u2019a pas le courage d\u2019agir.<br \/>\nCommen\u00e7ons par la d\u00e9r\u00e9glementation !<\/p>\n<p class=\"MsoNormal\" style=\"text-align: justify;\">\u00a0<\/p>\n<p class=\"MsoNormal\" style=\"text-align: justify;\"><b>Nicole Buettner (secr\u00e9taire g\u00e9n\u00e9rale)<br \/><\/b>&gt; La CDU-CSU et le SPD poursuivent sans rel\u00e2che leurs attaques contre<br \/>\nles libert\u00e9s civiles. Quiconque affaiblit ainsi le secret de la correspondance<br \/>\nnum\u00e9rique avec le contr\u00f4le des conversations et la conservation des donn\u00e9es &#8211;<br \/>\nafin de permettre l\u2019espionnage g\u00e9n\u00e9ral de tous les \u00eatres humains &#8211; met en<br \/>\ndanger notre d\u00e9mocratie lib\u00e9rale.<\/p>\n<p class=\"MsoNormal\" style=\"text-align: justify;\">&gt; \u00abJe n\u2019ai rien \u00e0 cacher.\u00bb C\u2019est exactement la phrase qui<br \/>\nabolit doucement la libert\u00e9. Ne pas \u00eatre soup\u00e7onn\u00e9 par l\u2019\u00c9tat &#8211; c\u2019est cela la<br \/>\nlibert\u00e9. <\/p>\n<p class=\"MsoNormal\" style=\"text-align: justify;\">&gt; Fouiller sans motif dans les communications priv\u00e9es<br \/>\nrappelle des chapitres sombres de notre histoire. Le contr\u00f4le des conversations<br \/>\nserait une atteinte massive \u00e0 notre libert\u00e9 et ne devrait pas avoir sa place<br \/>\ndans une d\u00e9mocratie.<\/p>\n<p class=\"MsoNormal\" style=\"text-align: justify;\">L\u2019Allemagne doit mettre un terme \u00e0 ce projet autoritaire au<br \/>\nsein du Conseil de l\u2019UE !<\/p>\n<p class=\"MsoNormal\" style=\"text-align: justify;\">&gt; Il y a deux ans aujourd\u2019hui, le Hamas a perp\u00e9tr\u00e9 un<br \/>\nmassacre barbare contre Isra\u00ebl\u00a0: plus de 1200 personnes ont \u00e9t\u00e9<br \/>\nassassin\u00e9es parce qu\u2019elles \u00e9taient juives. Nous pleurons avec les familles des<br \/>\nvictimes et n\u2019oublions pas celles qui sont toujours d\u00e9tenues, ramenez-les \u00e0 la<br \/>\nmaison maintenant !<\/p>\n<p class=\"MsoNormal\" style=\"text-align: justify;\">\u00a0<\/p>\n<p class=\"MsoNormal\" style=\"text-align: justify;\"><b>Wolfgang Kubicki (ancien vice-pr\u00e9sident du Bundestag)<br \/><\/b>&gt; L&rsquo;interdiction des moteurs \u00e0 combustion est une guerre culturelle<br \/>\nmen\u00e9e par la l\u00e9gislation \u2013 \u00e0 peu pr\u00e8s aussi intelligente que l&rsquo;interdiction de<br \/>\nl&rsquo;appellation \u00ab saucisse v\u00e9g\u00e9tarienne \u00bb, mais avec des cons\u00e9quences<br \/>\nd\u00e9sastreuses. La guerre culturelle contre l&rsquo;automobile menace de semer la<br \/>\nd\u00e9solation dans l&rsquo;\u00e9conomie allemande. Toute ing\u00e9rence purement id\u00e9ologique dans<br \/>\nla souverainet\u00e9 des consommateurs est \u00e9galement une attaque contre l&rsquo;\u00e9conomie<br \/>\nde march\u00e9. La d\u00e9sindustrialisation de l&rsquo;Allemagne n&rsquo;est pas un service rendu au<br \/>\nclimat mondial, mais une contribution active \u00e0 la d\u00e9stabilisation de notre<br \/>\nordre \u00e9conomique et social libre.<\/p>\n<p class=\"MsoNormal\" style=\"text-align: justify;\">&gt; Dans chaque coalition CDU-SPD, un nouveau cheval de<br \/>\nTroie gouvernemental pour espionner les services de messagerie \u2013 aujourd&rsquo;hui<br \/>\nencore dans le projet de loi du cabinet sur la police f\u00e9d\u00e9rale. C&rsquo;\u00e9tait<br \/>\nmalheureusement aussi pr\u00e9visible que triste.<br \/>Et comme toujours lors de l&rsquo;introduction de tels pouvoirs, on dira : \u00ab Oui,<br \/>\nmais cela ne s&rsquo;applique qu&rsquo;\u00e0 certains cas particuliers. \u00bb <br \/>Mais c&rsquo;est exactement ainsi que cet instrument a \u00e9t\u00e9 progressivement \u00e9tendu au<br \/>\nfil des ans, des poursuites p\u00e9nales aux services secrets en passant par les<br \/>\nmesures pr\u00e9ventives.<br \/>Jens Spahn a tent\u00e9, dans le cadre du contr\u00f4le des chats, de donner l&rsquo;impression<br \/>\nqu&rsquo;il avait compris le probl\u00e8me que posent de telles interventions pr\u00e9ventives.<br \/>\nMais la CDU et le SPD n&rsquo;ont rien compris. Absolument rien ! <\/p>\n<p class=\"MsoNormal\" style=\"text-align: justify;\">\u00a0<\/p>\n<p class=\"MsoNormal\" style=\"text-align: justify;\"><b style=\"font-family: arial;\">\u25cf Belgique\u00a0<br \/>\u2666 Gouvernement<br \/>Maxime Pr\u00e9vot (vice-premier ministre et ministre des Affaires \u00e9trang\u00e8res, des Affaires<br \/>\neurop\u00e9ennes et de la Coop\u00e9ration au d\u00e9veloppement de la Belgique)\u00a0<br \/><\/b>&gt; La Belgique s\u2019associe au n\u00e9gociateur am\u00e9ricain Massad Boulos pour<br \/>\nsaluer l\u2019appel de la RDC demandant aux FDLR \u00e0 se rendre et \u00e0 d\u00e9sarmer.<br \/>\nL\u2019interdiction de toute collaboration des FARDC avec les FDLR et l\u2019imposition<br \/>\nde sanctions s\u00e9v\u00e8res en cas de sa violation sont aussi cruciales. Il est<br \/>\nd\u00e9sormais essentiel que ces d\u00e9cisions sans \u00e9quivoque se traduisent par des<br \/>\nactions concr\u00e8tes sur le terrain et que toutes les parties contribuent<br \/>\npleinement aux objectifs de l\u2019Accord de paix de Washington.<\/p>\n<p class=\"MsoNormal\" style=\"text-align: justify;\">&gt; La nouvelle d\u2019un projet d\u2019attentat visant le Premier<br \/>\nministre Bart De Wever est profond\u00e9ment choquante. J\u2019exprime tout mon soutien<br \/>\nau Premier ministre, \u00e0 son \u00e9pouse et \u00e0 sa famille, ainsi que ma gratitude aux<br \/>\nservices de s\u00e9curit\u00e9 et de justice dont l\u2019action rapide a permis d\u2019\u00e9viter le<br \/>\npire. Cet \u00e9v\u00e9nement nous rappelle avec force que la menace terroriste reste<br \/>\nbien r\u00e9elle et que nous devons rester vigilants. La Belgique renforce<br \/>\nactivement ses capacit\u00e9s pour faire face aux nouvelles formes de terrorisme, notamment<br \/>\n\u00e0 travers la lutte contre l\u2019utilisation malveillante des drones.<\/p>\n<p class=\"MsoNormal\" style=\"text-align: justify;\">&gt; Je salue l\u2019accord entre Isra\u00ebl et le Hamas sur la<br \/>\npremi\u00e8re phase du plan pour Gaza propos\u00e9 par le pr\u00e9sident Trump. C\u2019est une<br \/>\n\u00e9tape cruciale vers un cessez-le-feu, qui est attendu avec impatience, en<br \/>\nparticulier pour permettre la fin du blocus de l\u2019aide et la lib\u00e9ration des<br \/>\notages. <br \/>J\u2019encourage toutes les parties \u00e0 maintenir leurs efforts pour vraiment saisir<br \/>\ncette opportunit\u00e9 d\u2019avancer rapidement sur le chemin de la paix. <br \/>La Belgique salue et soutient le travail de m\u00e9diation du Qatar, de l\u2019\u00c9gypte,<br \/>\ndes \u00c9tats-Unis et de la Turquie ainsi que l\u2019implication des partenaires<br \/>\nr\u00e9gionaux. Nous restons pr\u00eats \u00e0 contribuer \u00e0 la mise en \u0153uvre de ce plan.<\/p>\n<p class=\"MsoNormal\" style=\"text-align: justify;\">&gt; Deux ans apr\u00e8s les horribles attentats terroristes du<br \/>\n7\u00a0octobre\u00a02023, nous nous souvenons des victimes de cette trag\u00e9die<br \/>\nindicible.<br \/>Nos pens\u00e9es sont avec les familles qui ont perdu des \u00eatres chers, avec les<br \/>\notages qui restent en captivit\u00e9 et avec ceux qui ont \u00e9t\u00e9 lib\u00e9r\u00e9s mais portent<br \/>\nencore les cicatrices de ce jour. Leur douleur nous rappelle le besoin urgent<br \/>\nde restaurer l\u2019humanit\u00e9 et la justice.<br \/>Nous r\u00e9affirmons notre engagement ind\u00e9fectible \u00e0 lutter contre le terrorisme et<br \/>\nl\u2019antis\u00e9mitisme, partout et sous toutes ses formes.<\/p>\n<p class=\"MsoNormal\" style=\"text-align: justify;\">&gt; J\u2019ai eu le plaisir de rencontrer Yvette Cooper, ministre<br \/>\ndes Affaires \u00e9trang\u00e8res britannique \u00e0 Bruxelles pour r\u00e9affirmer les liens forts<br \/>\nentre la Belgique et le Royaume-Uni.<br \/>En cette p\u00e9riode de changements g\u00e9opolitiques majeurs &#8211; de l\u2019agression russe<br \/>\ncontre l\u2019Ukraine \u00e0 la situation au Moyen-Orient &#8211; une coop\u00e9ration \u00e9troite de<br \/>\npart et d\u2019autre de la Manche est plus essentielle que jamais.<br \/>La Belgique et le Royaume-Uni se tiennent c\u00f4te \u00e0 c\u00f4te pour d\u00e9fendre le droit<br \/>\ninternational, soutenir l\u2019Ukraine et assurer la s\u00e9curit\u00e9 de nos citoyens.<\/p>\n<p class=\"MsoNormal\" style=\"text-align: justify;\">Il est temps que la paix l\u2019emporte sur la haine, pour la<br \/>\ns\u00e9curit\u00e9 de tous et pour un avenir o\u00f9 les deux peuples pourront vivre c\u00f4te \u00e0<br \/>\nc\u00f4te dans la dignit\u00e9 et la s\u00e9curit\u00e9.<\/p>\n<p class=\"MsoNormal\" style=\"text-align: justify;\">&gt; Au lendemain des \u00e9lections locales qui se sont tenues<br \/>\nen G\u00e9orgie le 4\u00a0octobre, la Belgique s\u2019associe aux appels de l\u2019Union<br \/>\neurop\u00e9enne \u00e0 s\u2019abstenir de toute violence, \u00e0 respecter les normes d\u00e9mocratiques<br \/>\net \u00e0 lib\u00e9rer les personnes d\u00e9tenues arbitrairement.<br \/>Nous soulignons l\u2019importance de faire respecter les droits fondamentaux de tous<br \/>\nles citoyens, y compris la libert\u00e9 de r\u00e9union et d\u2019expression.<\/p>\n<p class=\"MsoNormal\" style=\"text-align: justify;\">\u00a0<\/p>\n<p class=\"MsoNormal\" style=\"text-align: justify;\"><b style=\"font-family: arial;\">\u2666 Les Engag\u00e9s\u00a0<br \/><\/b>&gt; Certains veulent vous faire croire n\u2019importe quoi ! Non, tous les<br \/>\n\u00e9tudiants ne vont pas devoir payer 1.200 euros pour leur minerval. <br \/>La vraie info, c\u2019est que d\u00e8s la rentr\u00e9e 2026, le nouveau minerval sera<br \/>\nprogressif pour mieux tenir compte de la situation r\u00e9elle des \u00e9tudiants et de<br \/>\nleurs familles. <br \/>A retenir : Le statut de boursier est int\u00e9gralement maintenu : les \u00e9tudiants<br \/>\nboursiers continueront \u00e0 \u00eatre exon\u00e9r\u00e9s de tout minerval. <br \/>Trois nouveaux paliers verront le jour, pour renforcer la justice sociale : un<br \/>\nstatut d\u2019\u00e9tudiant modeste, avec un minerval limit\u00e9 \u00e0 375 euros, \u00e9largi pour<br \/>\nconcerner davantage d\u2019\u00e9tudiants qu\u2019aujourd\u2019hui ; un statut interm\u00e9diaire, fix\u00e9<br \/>\n\u00e0 835 euros, introduit pour tenir compte des situations familiales de revenus<br \/>\nmoyens, sur base de l\u2019avertissement extrait de r\u00f4le ; \u2060<br \/>\nun minerval plein, d\u00e9sormais de 1.194 euros, correspondant \u00e0 la r\u00e9gularisation<br \/>\ndu gel non index\u00e9 depuis 2011. Ce nouveau syst\u00e8me est une r\u00e9forme d\u2019\u00e9quit\u00e9 et<br \/>\nde transparence : chacun contribue selon ses moyens, pour que l\u2019acc\u00e8s \u00e0<br \/>\nl\u2019universit\u00e9 et aux hautes \u00e9coles reste un droit, pas un privil\u00e8ge.<\/p>\n<p class=\"MsoNormal\" style=\"text-align: justify;\">&gt; Taxer les petits colis import\u00e9s hors de l\u2019Union<br \/>\neurop\u00e9enne. Il est temps de mettre fin au dumping low-cost qui ruine nos<br \/>\nemplois, nos valeurs et notre environnement. L\u2019Europe doit prot\u00e9ger, pas subir.<\/p>\n<p class=\"MsoNormal\" style=\"text-align: justify;\">&gt; Engagement tenu ! Conform\u00e9ment \u00e0 notre volont\u00e9<br \/>\nd\u2019asseoir les apprentissages de base et de mieux accompagner les jeunes dans<br \/>\nleur orientation, le Gouvernement de la F\u00e9d\u00e9ration Wallonie-Bruxelles a<br \/>\napprouv\u00e9 la note d\u2019orientation qui fixe les grandes lignes de la mise en \u0153uvre<br \/>\ndu tronc commun dans le secondaire inf\u00e9rieur. Cette r\u00e9forme, tr\u00e8s attendue par<br \/>\nles acteurs de l\u2019enseignement, s\u2019articule autour de trois grands axes : <br \/>1. Une continuit\u00e9 p\u00e9dagogique renforc\u00e9e Le passage entre le fondamental et le<br \/>\nsecondaire sera d\u00e9sormais mieux encadr\u00e9 : Mise en place d\u2019un dossier<br \/>\nd\u2019accompagnement de l\u2019\u00e9l\u00e8ve (DAccE) simplifi\u00e9 ; Meilleure collaboration entre<br \/>\nenseignants des deux niveaux ; Soutien accru pour les \u00e9l\u00e8ves en difficult\u00e9 ;<br \/>\nHarmonisation des pratiques d\u2019\u00e9valuation. Objectif : assurer une transition<br \/>\nfluide et coh\u00e9rente pour chaque \u00e9l\u00e8ve. <br \/>2. Une orientation progressive, concr\u00e8te et certifiante Le tronc commun vise \u00e0<br \/>\ndonner \u00e0 chaque jeune les outils pour mieux se conna\u00eetre et faire des choix<br \/>\n\u00e9clair\u00e9s : En 1re secondaire, deux journ\u00e9es de d\u00e9couvertes permettront<br \/>\nd\u2019explorer de nouvelles disciplines et m\u00e9thodes de travail. En 2e secondaire,<br \/>\nl\u2019orientation devient plus concr\u00e8te : 8 demi-jours (32 p\u00e9riodes) seront<br \/>\nconsacr\u00e9s \u00e0 des stages courts, visites d\u2019entreprises, ateliers professionnels<br \/>\nou projets collectifs. En 3e secondaire, l\u2019orientation devient certifiante : 8<br \/>\np\u00e9riodes hebdomadaires d\u2019activit\u00e9s orientantes dans deux domaines<br \/>\ndisciplinaires diff\u00e9rents ; Un stage de trois jours dans un domaine choisi ;<br \/>\nUne d\u00e9fense orale d\u2019un projet d\u2019orientation devant un jury pour l\u2019obtention du<br \/>\nCertificat d\u2019Enseignement Secondaire Inf\u00e9rieur (CESI). Ces activit\u00e9s visent \u00e0<br \/>\nfaire de l\u2019orientation un v\u00e9ritable levier de r\u00e9ussite et d\u2019\u00e9panouissement. <br \/>3. Un accompagnement renforc\u00e9 des enseignants Des dispositifs sp\u00e9cifiques<br \/>\nseront mis en place pour soutenir les \u00e9quipes \u00e9ducatives dans la mise en \u0153uvre<br \/>\ndu tronc commun, notamment en mati\u00e8re de pratiques p\u00e9dagogiques, d\u2019\u00e9valuation<br \/>\net d\u2019orientation. <br \/>Pr\u00e9cision importante : quelle que soit les activit\u00e9s d&rsquo;orientation choisies en<br \/>\n3e secondaire, chaque \u00e9l\u00e8ve reste libre de choisir sa fili\u00e8re (transition ou<br \/>\nqualifiante) \u00e0 partir de la 4e ann\u00e9e.<\/p>\n<p class=\"MsoNormal\" style=\"text-align: justify;\">\u00a0<\/p>\n<p class=\"MsoNormal\" style=\"text-align: justify;\"><b>Yvan Verougstraete (pr\u00e9sident, d\u00e9put\u00e9 europ\u00e9en)<br \/><\/b>&gt; C\u2019est lui qui tire les ficelles\u2026 et c\u2019est nous qui lui avons tiss\u00e9 sa<br \/>\ncorde. Ce n\u2019est pas seulement les tarifs qui sont une menace\u2026 C\u2019est la peur que<br \/>\nva g\u00e9n\u00e9rer Trump \u00e0 toutes nos entreprises europ\u00e9ennes! <br \/>Non seulement Trump remplit all\u00e8grement les caisses am\u00e9ricaines avec ces taxes<br \/>\nmais, en plus, il force les entreprises \u00e0 anticiper un potentiel probl\u00e8me et \u00e0<br \/>\ns\u2019implanter aux USA. La riposte europ\u00e9enne n\u2019est pas \u00e0 la hauteur. Il est temps<br \/>\nde changer de logiciel, sinon c\u2019est Trump qui \u00e9crira la mise \u00e0 jour. <br \/>La balance d\u00e9ficitaire sur les services (beaucoup plus g\u00e9n\u00e9rateurs de valeur<br \/>\najout\u00e9e) ne sera m\u00eame plus compens\u00e9e par une balance positive sur les biens. La<br \/>\nsolution ? S\u2019attaquer rapidement aux services am\u00e9ricains et aux flux financiers<br \/>\nqui sortent d\u2019Europe. <br \/>On a moins de 5 ans avant d\u2019\u00eatre au point de non-retour.<\/p>\n<p class=\"MsoNormal\" style=\"text-align: justify;\">&gt; F\u00e9licitations \u00e0 Mar\u00eda Corina Machado pour cette<br \/>\ndistinction exceptionnelle ! Son combat acharn\u00e9 pour la d\u00e9mocratie, la libert\u00e9<br \/>\net les droits humains au Venezuela est une source d\u2019inspiration pour toutes<br \/>\ncelles et ceux qui refusent de courber l\u2019\u00e9chine devant l\u2019autoritarisme.<\/p>\n<p class=\"MsoNormal\" style=\"text-align: justify;\">&gt; Choqu\u00e9 d\u2019apprendre qu\u2019une tentative d\u2019attentat a \u00e9t\u00e9<br \/>\nd\u00e9jou\u00e9e aujourd\u2019hui. Total soutien aux personnes vis\u00e9es, dont, il semblerait,<br \/>\nnotre Premier ministre Bart De Wever. Merci aux forces de l\u2019ordre et au parquet<br \/>\npour leur travail. Toute violence doit \u00eatre d\u00e9nonc\u00e9e et ses auteurs traqu\u00e9s.<\/p>\n<p class=\"MsoNormal\" style=\"text-align: justify;\">&gt; Ce midi, j\u2019ai particip\u00e9 \u00e0 la rencontre entre les<br \/>\nd\u00e9put\u00e9s f\u00e9d\u00e9raux Engag\u00e9s et la Coalition climat.<br \/>Objectif : \u00e9changer avec le secteur associatif sur les grands enjeux de<br \/>\ntransition et renforcer nos connaissances sur des sujets essentiels comme le ETS2<br \/>\nou le Tax shift. Un moment riche d\u2019\u00e9changes et d\u2019apprentissages sur la transition<br \/>\net sur le r\u00f4le essentiel du monde associatif dans nos politiques publiques. <br \/>Je suis convaincu que c\u2019est en associant environnement et \u00e9conomie qu\u2019on pourra<br \/>\ngarantir une transition juste, r\u00e9aliste et ancr\u00e9e dans le quotidien de chacun.<br \/>\nCes discussions nourrissent notre action et rappellent l\u2019urgence de faire vivre<br \/>\nla question climatique dans toutes les commissions.<\/p>\n<p class=\"MsoNormal\" style=\"text-align: justify;\">&gt; Donald Trump menace nos normes environnementales<br \/>\neurop\u00e9ennes et \u00e7a ne semble \u00e9mouvoir personne ?! Apr\u00e8s nous avoir extorqu\u00e9 600<br \/>\nmilliards de dollars dans un deal totalement d\u00e9s\u00e9quilibr\u00e9, le tyran r\u00e9clame<br \/>\nquoi \u00e0 pr\u00e9sent ? Des exemptions aux r\u00e8gles environnementales de l\u2019UE pour les<br \/>\nentreprises am\u00e9ricaines. En clair, il nous demande de donner un avantage aux<br \/>\nentreprises am\u00e9ricaines par rapport aux europ\u00e9ennes. Il n\u2019y a aucun doute, avec<br \/>\nDonald Trump, la diplomatie se pratique avec un ch\u00e9quier plut\u00f4t qu\u2019un trait\u00e9.<br \/>\nC\u2019est la nouvelle logique am\u00e9ricaine : accepter tout et n\u2019importe quoi pour<br \/>\ngagner des march\u00e9s. C\u00e9der aux pressions c\u2019est permettre au tricheur de tirer<br \/>\navantage de sa tricherie. Si on exon\u00e8re les entreprises am\u00e9ricaines de ces<br \/>\nr\u00e9gulations vertes, autant renoncer \u00e0 tout ! Si l\u2019Europe se soumet, elle est<br \/>\nperdante partout : au niveau environnemental, social, sanitaire et aussi au<br \/>\nniveau \u00e9conomique. Nos exigences environnementales ne sont pas des caprices :<br \/>\nelles sont la condition de notre survie collective. Aucun accord commercial ne<br \/>\ndevrait se faire au prix du renoncement des valeurs auxquelles nous croyons.<br \/>\nC\u2019est pourquoi je plaide pour oser passer du libre-\u00e9change au juste-\u00e9change. La<br \/>\nv\u00e9ritable comp\u00e9titivit\u00e9 se construira sur l\u2019innovation verte, pas sur le recul<br \/>\nenvironnemental. L\u2019Union europ\u00e9enne doit rester ferme : c\u2019est en assumant nos<br \/>\nstandards que nous prot\u00e9gerons \u00e0 la fois notre \u00e9conomie, nos citoyens et notre<br \/>\navenir.<\/p>\n<p class=\"MsoNormal\" style=\"text-align: justify;\">&gt; L\u2019annonce d\u2019un accord de cessez-le-feu entre Isra\u00ebl et<br \/>\nle Hamas nous rapproche enfin de la paix apr\u00e8s deux ans de guerre et de<br \/>\nsouffrances inou\u00efes. L\u2019espoir est immense. C\u2019est donc une avanc\u00e9e majeure mais<br \/>\nnous devons rester prudents : nous pourrons vraiment nous r\u00e9jouir une fois que<br \/>\nles bombes auront cess\u00e9 de tomber sur Gaza, que les otages auront tous pu<br \/>\nretrouver leurs familles et que les prisonniers palestiniens auront \u00e9t\u00e9<br \/>\nlib\u00e9r\u00e9s. Nous ne savons pas encore ce qui adviendra apr\u00e8s cette premi\u00e8re phase<br \/>\net si nous nous dirigeons vers une paix durable au Proche-Orient. Esp\u00e9rons que<br \/>\nles phases suivantes puissent \u00eatre mises en place pour non seulement arr\u00eater la<br \/>\nguerre mais construire la paix, durablement.<\/p>\n<p class=\"MsoNormal\" style=\"text-align: justify;\">&gt; T\u00e9moignage important du Premier Ministre groenlandais<br \/>\nJens-Frederik Nielsen : \u00abL\u2019UE est un partenaire stable et fiable. L\u2019UE nous a<br \/>\nsoutenus quand nous en avions besoin. Nous ne l\u2019oublierons jamais.\u00a0 <br \/>Nous saluons la volont\u00e9 de l\u2019UE de collaborer avec le Groenland, encore plus<br \/>\ndemain, y compris dans le secteur minier pour les mati\u00e8res premi\u00e8res critiques.<br \/>\nNous voulons aussi devenir un partenaire en mati\u00e8re d\u2019\u00e9nergies renouvelables.<br \/>\nNous pouvons par exemple collaborer, \u00e0 grande \u00e9chelle pour l\u2019hydro\u00e9lectricit\u00e9.<br \/>\nNous voulons continuer \u00e0 explorer les projets de collaboration, y compris en<br \/>\nmati\u00e8re d\u2019infrastructures. Le mot cl\u00e9 est cependant connectivit\u00e9. Groenland est<br \/>\nconnect\u00e9 au monde par satellites. Nous devons d\u2019urgence am\u00e9liorer cette<br \/>\nconnectivit\u00e9 num\u00e9rique avec l\u2019Europe. \u00bb <br \/>Le Groenland a besoin de l\u2019Union et l\u2019Union a besoin du Groenland. Merci pour<br \/>\nce partenariat.\u00bb<\/p>\n<p class=\"MsoNormal\" style=\"text-align: justify;\">&gt; Les discussions budg\u00e9taires se poursuivent. Chaque<br \/>\nparti a d\u00e9pos\u00e9 de nombreuses mesures sur la table. Le fait qu\u2019elles y soient ne<br \/>\nsignifie pas qu\u2019elles seront pour autant valid\u00e9es. Mais l\u2019exercice doit se<br \/>\nfaire sans tabou au vu de l\u2019immensit\u00e9 des d\u00e9ficits \u00e0 combler d\u2019ici 2029. <br \/>Les Engag\u00e9s participent \u00e0 l\u2019exercice avec sens des responsabilit\u00e9s, raison pour<br \/>\nlaquelle nous nous abstiendrons de commenter les mesures X ou Y qui sont<br \/>\n\u00e9voqu\u00e9es dans la presse. Tout positionnement en on ou en off sera uniquement de<br \/>\nnature \u00e0 compliquer l\u2019\u00e9quation et de fragiliser l\u2019atteinte d\u2019un r\u00e9sultat\u2026 Ce<br \/>\nserait irresponsable. <br \/>Nos balises principielles sont connues de longue date : la d\u00e9fense de la sant\u00e9,<br \/>\nde la juste solidarit\u00e9 et du pouvoir d\u2019achat, le climat et la libre initiative<br \/>\npour favoriser la croissance.<\/p>\n<p class=\"MsoNormal\" style=\"text-align: justify;\">&gt; j\u2019ai assist\u00e9 au d\u00e9bat sur les r\u00e9centes incursions<br \/>\nrusses en Europe en pr\u00e9sence d\u2019Ursula von der Leyen. <br \/>Estonie, Pologne, Roumanie\u2026 les violations de l\u2019espace a\u00e9rien europ\u00e9en se<br \/>\nmultiplient. Face \u00e0 cette guerre hybride, il est temps de b\u00e2tir une industrie<br \/>\neurop\u00e9enne de d\u00e9fense forte : c\u2019est l\u2019avenir de notre continent qui se joue.<br \/>\nChaque centim\u00e8tre carr\u00e9 de notre territoire doit \u00eatre prot\u00e9g\u00e9. Le projet<br \/>\neurop\u00e9en repose sur la paix : \u00e0 nous d\u2019en assumer la d\u00e9fense. R\u00e9agir ne suffit<br \/>\nplus, il faut dissuader : <br \/>&#8211; D\u00e9velopper nos propres capacit\u00e9s de production <br \/>&#8211; \u00c9tablir un mur anti-drones pour d\u00e9tecter et neutraliser rapidement <br \/>&#8211; Adopter une approche \u00e0 360\u00b0 : d\u00e9fendre l\u2019ensemble du continent <br \/>&#8211; Encourager les coalitions entre \u00c9tats membres <br \/>L\u2019Ukraine a beaucoup \u00e0 nous apprendre\u2026 notamment en mati\u00e8re de d\u00e9veloppement<br \/>\nd\u2019\u00e9cosyst\u00e8mes d\u2019innovation rapide. Au moins 65 % des projets financ\u00e9s par SAFE<br \/>\ndoivent \u00eatre \u00e9tablis en Europe. C\u2019est de l\u2019argent europ\u00e9en, il doit b\u00e9n\u00e9ficier<br \/>\n\u00e0 l\u2019\u00e9conomie europ\u00e9enne !<\/p>\n<p class=\"MsoNormal\" style=\"text-align: justify;\">&gt; Il y a deux ans, le 7 octobre, des vies innocentes<br \/>\n\u00e9taient fauch\u00e9es lors d\u2019attaques terroristes d\u2019une violence inou\u00efe. Nous nous<br \/>\nsouvenons des victimes et de leurs familles. Plus que jamais, refusons la haine<br \/>\net \u0153uvrons pour la paix, la justice et la dignit\u00e9 humaine.<\/p>\n<p class=\"MsoNormal\" style=\"text-align: justify;\">\u00a0<\/p>\n<p class=\"MsoNormal\" style=\"text-align: justify;\"><b style=\"font-family: arial;\">\u2666 D\u00e9FI\u00a0<br \/>Sophie Rohonyi (pr\u00e9sidente)<br \/><\/b>&gt; 7 octobre 2023 : le Hamas perp\u00e9trait le pire massacre de Juifs depuis<br \/>\nla Shoah. Nous pensons aux victimes, aux otages, \u00e0 leurs proches, et \u00e0 tous<br \/>\nceux que cette guerre d\u00e9vaste. Nous devons agir pour que la paix, la justice et<br \/>\nla s\u00e9curit\u00e9 triomphent enfin de la barbarie.<\/p>\n<p class=\"MsoNormal\" style=\"text-align: justify;\">\u00a0<\/p>\n<p class=\"MsoNormal\" style=\"text-align: justify;\"><b style=\"font-family: arial;\">Fran\u00e7ois de Smet<br \/>\n(d\u00e9put\u00e9)<\/b><br \/>&gt; La Justice est notre priorit\u00e9. Contre l\u2019arbitraire, la corruption et la<br \/>\ncriminalit\u00e9 organis\u00e9e, il nous faut des digues, pas des passoires!<\/p>\n<p class=\"MsoNormal\" style=\"text-align: justify;\">&gt; Bart De Wever propose des horreurs comme un saut<br \/>\nd&rsquo;index ou la hausse de la TVA sur les produits alimentaires. MR et Engag\u00e9s,<br \/>\npour l&rsquo;instant, ne s&rsquo;opposent pas vraiment&#8230; Faudra-t-il des efforts de tous ?<br \/>\nOui. Mais \u00e0 l&rsquo;heure actuelle, seuls les plus fragiles sont vis\u00e9s par l&rsquo;Arizona.<br \/>\nEt \u00e7a ne va pas.<\/p>\n<p class=\"MsoNormal\" style=\"text-align: justify;\">&gt; Le terrorisme constitue toujours une menace pour notre<br \/>\nd\u00e9mocratie ; elle doit rassembler tout le monde. Bravo aux services de police<br \/>\nayant d\u00e9mantel\u00e9 une cellule projetant de s&rsquo;en prendre \u00e0 Bart De Wever, et<br \/>\nsoutien au Premier et sa famille.<\/p>\n<p class=\"MsoNormal\" style=\"text-align: justify;\">&gt; Budget, saut d&rsquo;index et hausse de la TVA <br \/>Monsieur le Premier ministre, Une seule certitude \u00e0 ce stade: mardi prochain<br \/>\nvous vous pr\u00e9senterez devant ce parlement sans budget. A ce stade, vu ce qui<br \/>\ncircule, c\u2019est sans doute mieux comme \u00e7a. D\u2019abord, vous n\u2019\u00eates toujours pas<br \/>\nd\u2019accord entre vous sur l\u2019ampleur de l&rsquo;effort \u00e0 fournir sous cette l\u00e9gislature.<br \/>\nEntre 20 milliards (pour atteindre les 3%), 16 milliards, ce que demande votre<br \/>\nministre du budget et 10 milliards, on ne sait toujours pas. Quel est<br \/>\nexactement l&rsquo;objectif chiffr\u00e9 et la trajectoire budg\u00e9taire d\u00e9finitive que votre<br \/>\ngouvernement d\u00e9fend ? Ensuite, sans doute afin de cr\u00e9er un climat de consensus<br \/>\ndans votre coalition et pour calmer la rue, vous avez propos\u00e9 ces mesures tr\u00e8s<br \/>\nrassembleuses que sont le saut d\u2019index et la hausse de TVA sur les biens<br \/>\nalimentaires. On conna\u00eet bien cette technique, faire fuiter une s\u00e9rie de choses<br \/>\nqu\u2019on sait irrecevables pour les autres pour qu\u2019ils acceptent finalement. Sur<br \/>\nle saut d\u2019index: le MR est d&rsquo;accord tant que \u00e7a ne touche que les allocataires<br \/>\nsociaux, donc les plus pauvres. Quant aux Engag\u00e9s, c\u2019est encore mieux, ils ne<br \/>\nsont pas contre, ils ne sont pas pour non plus, c\u2019est ni oui ni non &#8211; comme<br \/>\nd\u2019habitude. Il faut donc consid\u00e9rer que cette mesure est toujours sur la table.<br \/>\nTout comme est sur la table la hausse de la TVA sur les biens de premi\u00e8re<br \/>\nn\u00e9cessit\u00e9. Ce qui p\u00e9nalisera lourdement le pouvoir d&rsquo;achat des m\u00e9nages<br \/>\nmodestes. Personne ne peut nier qu\u2019il faudra des efforts. Mais pour qu\u2019ils<br \/>\nsoient accept\u00e9s et compris, par la population ces efforts devront \u00eatre justes<br \/>\net ressentis comme tels. \u00c7a n&rsquo;en prend pas le chemin. \u00c7a en prend d&rsquo;autant<br \/>\nmoins le chemin que l\u2019Arizona n\u2019est m\u00eame pas fichue de faire rentrer<br \/>\ncorrectement les recettes pr\u00e9vues. On apprend en effet qu\u2019il y a une baisse<br \/>\nimportante des recettes fiscales. Votre ministre du budget pointe la fraude et<br \/>\nl\u2019ing\u00e9nierie fiscale mise en \u0153uvre pour \u00e9viter l\u2019imp\u00f4t. Avant de r\u00e9fl\u00e9chir \u00e0 de<br \/>\nnouvelles recettes sur le dos des plus pauvres, ne faudrait-il pas que vous<br \/>\nfassiez mieux rentrer les recettes actuelles ?<\/p>\n<p class=\"MsoNormal\" style=\"text-align: justify;\">&gt; A Dilbeek, le bourgmestre N-VA a une dr\u00f4le d&rsquo;id\u00e9e:<br \/>\nfaire le tour des commer\u00e7ants pour leur expliquer qu&rsquo;ils ne doivent parler que<br \/>\nle n\u00e9\u00e9rlandais avec leurs clients. L&rsquo;occasion de faire un rappel: en Belgique,<br \/>\ndans les rapports commerciaux et priv\u00e9s, l&#8217;emploi des langues est libre. Et le<br \/>\nrestera. L&rsquo;occasion aussi de d\u00e9battre des facilit\u00e9s, que la N-VA veut<br \/>\nsupprimer. Son nouveau parti fr\u00e8re, le MR, lui rappelera-t-il \u00e0 temps que les<br \/>\nfacilit\u00e9s font partie d&rsquo;un \u00e9quilibre de paix communautaire ? Les remettre en<br \/>\nquestion, c&rsquo;est remettre en question les fronti\u00e8res linguistiques. Tout<br \/>\nsimplement.<\/p>\n<p class=\"MsoNormal\" style=\"text-align: justify;\">&gt; Apr\u00e8s un d\u00e9bat retard\u00e9 d&rsquo;une heure pour que la majorit\u00e9<br \/>\nse mette d&rsquo;accord, les d\u00e9put\u00e9s Arizona ont &#8211; encore &#8211; rejet\u00e9 les propositions<br \/>\nlib\u00e9ralisant les conditions de l&rsquo;IVG.<\/p>\n<p class=\"MsoNormal\" style=\"text-align: justify;\">&gt; Les travailleurs ALE J&rsquo;ai \u00e9t\u00e9 contact\u00e9 par plusieurs<br \/>\ntravailleurs ALE, inquiets \u00e0 juste titre des cons\u00e9quences des r\u00e9formes Arizona<br \/>\nsur leur statut. Ces contrats de r\u00e9sinerions sont utilis\u00e9s par les pouvoirs<br \/>\nlocaux pour une s\u00e9rie de missions que chacun consid\u00e8re comme utiles (ex:<br \/>\ngardiens de la paix). Les d\u00e9tenteurs de ces contrats, qui b\u00e9n\u00e9ficiaient de<br \/>\ndispenses de l&rsquo;ONEM, seront frapp\u00e9s de plein fouet par la r\u00e9forme du ch\u00f4mage,<br \/>\nauquel ils n&rsquo;auront dans la majeure partie des cas pas droit. C&rsquo;est une fois<br \/>\nencore la preuve que cette r\u00e9forme touche surtout des travailleurs, qui en plus<br \/>\nsubiront une \u00e9vidente double-peine: la plupart des pouvoirs locaux, lessiv\u00e9s<br \/>\neux aussi par les r\u00e9formes MR-Engag\u00e9s-NVA, ne pourront pas continuer \u00e0 financer<br \/>\nces initiatives. J&rsquo;ai tent\u00e9 de confronter le ministre de l&rsquo;Emploi \u00e0 cette<br \/>\nr\u00e9alit\u00e9.<\/p>\n<p class=\"MsoNormal\" style=\"text-align: justify;\">\u00a0<\/p>\n<p class=\"MsoNormal\" style=\"text-align: justify;\"><b style=\"font-family: arial;\">\u25cf Espagne\u00a0<br \/>\u2666 Ciudadanos\u00a0<br \/><\/b>&gt; Aujourd\u2019hui nous c\u00e9l\u00e9brons tout ce qui nous unit.<br \/>Notre histoire, notre diversit\u00e9 et la fiert\u00e9 d\u2019appartenir \u00e0 un grand pays qui<br \/>\ncontinue de regarder vers l\u2019avenir.<br \/>Joyeuse f\u00eate nationale.<br \/>Fiers de l\u2019Espagne, engag\u00e9s pour son avenir.<\/p>\n<p class=\"MsoNormal\" style=\"text-align: justify;\">&gt; Le prix Nobel de la paix \u00e0 Maria Corina Machado est une<br \/>\nreconnaissance pour ceux qui ne se rendent pas aux dictatures.<br \/>Chez Ciudadanos, nous savons que la libert\u00e9 et la d\u00e9mocratie sont conquises<br \/>\nchaque jour, et son exemple nous rappelle pourquoi il vaut la peine de se<br \/>\nbattre pour elles.<\/p>\n<p class=\"MsoNormal\" style=\"text-align: justify;\">\u00a0<\/p>\n<p class=\"MsoNormal\" style=\"text-align: justify;\"><b style=\"font-family: arial;\">\u25cf Italie\u00a0<br \/>\u2666 Azione\u00a0<br \/>Carlo Calenda (secr\u00e9taire g\u00e9n\u00e9ral)\u00a0<br \/><\/b>&gt; Face \u00e0 un gouvernement largement d\u00e9ficitaire dans la capacit\u00e9 de faire<br \/>\narriver les choses, le soi-disant \u00ab\u00a0Campo Largo\u00a0\u00bb propose aujourd\u2019hui<br \/>\nun programme qui, tel qu\u2019il est, ne peut pas gagner en Italie. Il s\u2019agit d\u2019un<br \/>\nensemble de slogans et de suggestions, d\u00e9nu\u00e9 de solutions concr\u00e8tes, qui<br \/>\nn\u2019aborde pas les v\u00e9ritables urgences du pays\u00a0: le travail, l\u2019\u00e9nergie, la<br \/>\nd\u00e9sindustrialisation. On ne parle que de primes et de subventions, alors que la<br \/>\ncampagne contre le gouvernement est souvent superficielle et enfantine. Et<br \/>\nsurtout, il manque une politique \u00e9trang\u00e8re commune.<br \/>C\u2019est pourquoi le parti Azione reste l\u00e0 o\u00f9 les \u00e9lecteurs l\u2019ont plac\u00e9\u00a0: au<br \/>\ncentre, dans une zone lib\u00e9rale-d\u00e9mocrate que nous voulons continuer \u00e0 faire<br \/>\ngrandir. Nous le faisons par respect pour les \u00e9lecteurs et parce que nous<br \/>\ncroyons que l\u2019Italie ne peut pas continuer de cette fa\u00e7on.<\/p>\n<p class=\"MsoNormal\" style=\"text-align: justify;\">&gt; La gauche a profond\u00e9ment r\u00e9gress\u00e9 dans la culture de<br \/>\ngouvernement, \u00e0 cause de la pr\u00e9sence populiste de 5 \u00c9toiles et d\u2019Avs &#8211; capables<br \/>\nm\u00eame de se d\u00e9clarer contre le prix Nobel \u00e0 Machado &#8211; et qui portent d\u00e9sormais<br \/>\nau sein des \u00e9l\u00e9ments pro-russes et pro-chinois. \u00c0 droite, Salvini et Vannacci<br \/>\ncontinuent de regarder la Russie de Poutine. <br \/>Nous, au contraire, consid\u00e9rons la Chine et la Russie comme des ennemis de<br \/>\nl\u2019Occident et avons tr\u00e8s clairement la n\u00e9cessit\u00e9 de renforcer le positionnement<br \/>\ninternational europ\u00e9iste et atlantiste de notre pays. Le d\u00e9fi d\u2019un espace<br \/>\nlib\u00e9ral, r\u00e9formiste et populaire est aussi l\u00e0.<\/p>\n<p class=\"MsoNormal\" style=\"text-align: justify;\">&gt; Ce qui m\u2019est rest\u00e9 le plus dans mon exp\u00e9rience de<br \/>\nministre, c\u2019est la difficult\u00e9 d\u2019\u00e9viter que les usines ne ferment. C\u2019est quelque<br \/>\nchose qui vous marque, parce que derri\u00e8re chaque usine il y a des travailleurs,<br \/>\nleurs familles, des communaut\u00e9s enti\u00e8res. C\u2019est pour cela que depuis quatre ans<br \/>\nje continue \u00e0 me battre, dans une solitude totale et dans le silence m\u00e9diatique<br \/>\nimpos\u00e9 par Repubblica et La Stampa, propri\u00e9t\u00e9 de la famille Elkann.<br \/>Un v\u00e9ritable d\u00e9sespoir, parce que personne ne semble se soucier de voir un<br \/>\nmorceau si important de notre pays s\u2019\u00e9teindre dans l\u2019indiff\u00e9rence g\u00e9n\u00e9rale.<\/p>\n<p class=\"MsoNormal\" style=\"text-align: justify;\">&gt; Vous voulez savoir pourquoi il faut construire une zone<br \/>\nalternative au \u00abCampo largo\u00bb et \u00e0 ce gouvernement ?<br \/>Il suffit de regarder les politiques industrielles.<br \/>Avec Conte, Bonelli et Fratoianni au gouvernement, l\u2019industrie italienne<br \/>\nfermerait demain matin.<\/p>\n<p class=\"MsoNormal\" style=\"text-align: justify;\">Avec Urso, en revanche, on continue \u00e0 insister sur la<br \/>\nTransition 5.0, une mesure de faillite qui n\u2019a apport\u00e9 aucun b\u00e9n\u00e9fice aux<br \/>\nentreprises.<br \/>Nous avons besoin d\u2019une proposition politique qui puisse r\u00e9soudre les<br \/>\nprobl\u00e8mes, pas les raconter.<br \/>Qui a le courage de faire des choix s\u00e9rieux, en offrant des solutions<br \/>\ncourageuses au pays.<br \/>Nous travaillons pour cela.<\/p>\n<p class=\"MsoNormal\" style=\"text-align: justify;\">&gt; Chez Azione, nous avons toujours adopt\u00e9 un comportement<br \/>\nd\u2019opposition \u00abresponsable\u00bb, pr\u00eate \u00e0 voter les bonnes propositions, qu\u2019elles<br \/>\nproviennent des autres oppositions ou du gouvernement. Parce que c\u2019est la t\u00e2che<br \/>\nde la politique\u00a0: chercher des solutions aux probl\u00e8mes des citoyens, sans<br \/>\nse diviser continuellement sur tout. Pourtant, il ne semble pas possible de<br \/>\npoursuivre une telle attitude. Nous avons pr\u00e9sent\u00e9 au gouvernement un plan pour<br \/>\nl\u2019\u00e9nergie et un autre pour l\u2019automobile, sans qu\u2019aucun amendement ne soit<br \/>\nadopt\u00e9. Et aux autres oppositions je dis\u00a0: que voulons-nous faire dans les<br \/>\ndeux prochaines ann\u00e9es? Parler toujours et seulement du bruit de la politique<br \/>\nsans essayer de construire une alternative r\u00e9elle ? Sans offrir des solutions<br \/>\nconcr\u00e8tes aux citoyens ? La politique est telle si elle trouve des solutions,<br \/>\nsinon il ne reste que du bruit. <br \/>P.S. Je dis au gouvernement, si nous avons de l\u2019argent \u00e0 d\u00e9penser, mettons-le<br \/>\nsur la r\u00e9duction des imp\u00f4ts des jeunes pour arr\u00eater le saignement d\u2019enfants que<br \/>\nnous perdons chaque ann\u00e9e. Et ceux qui perdent leurs jeunes perdent leur<br \/>\navenir.<\/p>\n<p class=\"MsoNormal\" style=\"text-align: justify;\">&gt; Nous avions demand\u00e9 la semaine derni\u00e8re un engagement<br \/>\ncommun de toutes les forces du Parlement sur le soutien au lancement du plan de<br \/>\npaix \u00e0 Gaza. <br \/>Les autres oppositions ont dit non. Nous avons entendu dans la salle d\u2019audience<br \/>\nqualifier ce plan de \u00abn\u00e9ocolonialiste\u00bb et de \u00abrejet\u00bb par des forces populistes<br \/>\nde gauche qui ont \u00e9t\u00e9 d\u00e9pass\u00e9es par le Hamas en raison. Nous avons entendu<br \/>\nparler obsessionnellement de flottes et de places, instrumentalis\u00e9es d\u2019un c\u00f4t\u00e9<br \/>\ncomme de l\u2019autre. <br \/>Hier, le secr\u00e9taire du premier syndicat italien a parl\u00e9 de \u00abcomplicit\u00e9<br \/>\npolitique dans le g\u00e9nocide\u00bb. Maintenant il faut arr\u00eater tout ce bruit. Notre<br \/>\ntravail est la politique et la politique se fait aujourd\u2019hui dans cette<br \/>\nn\u00e9gociation. Personnellement, je continue \u00e0 penser que la tr\u00eave est \u00e0 port\u00e9e de<br \/>\nmain mais que la paix est encore loin. Il y aura un r\u00f4le \u00e0 jouer pour l\u2019Italie<br \/>\net pour l\u2019Europe. Un r\u00f4le politique non partisan ou de t\u00e9moignage. Le sujet<br \/>\nm\u00e9rite du s\u00e9rieux et de la mod\u00e9ration dans l\u2019utilisation des mots.<\/p>\n<p class=\"MsoNormal\" style=\"text-align: justify;\">\u00a0<\/p>\n<p class=\"MsoNormal\" style=\"text-align: justify;\"><b style=\"font-family: arial;\">\u25cf Pays-Bas<br \/>\u2666 D66<br \/><\/b>&gt; Une terre propre est la base de notre avenir. D66 investit<br \/>\n5,2\u00a0milliards nets par an dans le climat et la nature. Pour l\u2019\u00e9nergie<br \/>\nverte, la restauration de la nature et l\u2019air frais. C\u2019est possible.<\/p>\n<p class=\"MsoNormal\" style=\"text-align: justify;\">&gt; Une bonne \u00e9ducation est la cl\u00e9 de l\u2019\u00e9galit\u00e9 des<br \/>\nchances. C\u2019est pourquoi D66 investit massivement dans les enseignants, les<br \/>\n\u00e9coles et les \u00e9tudiants. Nous donnons \u00e0 chaque enfant l\u2019opportunit\u00e9 de grandir.<br \/>\nC\u2019est possible.<\/p>\n<p class=\"MsoNormal\" style=\"text-align: justify;\">&gt; Vous ne pouvez pas vivre dans la connerie. Ni dans les<br \/>\nchiffres. Mais ces chiffres montrent qui fait la diff\u00e9rence. Nous optons pour<br \/>\nde v\u00e9ritables perc\u00e9es, avec 10 nouvelles villes et des logements abordables<br \/>\npour tous ceux qui sont maintenant coinc\u00e9s sur le march\u00e9 du logement. C\u2019est<br \/>\npossible.<\/p>\n<p class=\"MsoNormal\" style=\"text-align: justify;\">\u00a0<\/p>\n<p class=\"MsoNormal\" style=\"text-align: justify;\"><b>Rob Jetten (pr\u00e9sident)<\/b><br \/>&gt; Les \u00e9lections, c\u2019est la d\u00e9mocratie. Je ne suis pas d\u2019accord avec Wilders<br \/>\nen tout, mais je d\u00e9fendrai toujours sa parole libre. La force pour lui et l\u2019espoir<br \/>\nqu\u2019il se sache en s\u00e9curit\u00e9.<\/p>\n<p class=\"MsoNormal\" style=\"text-align: justify;\">&gt; Une attaque d\u00e9jou\u00e9e contre le premier ministre belge.<br \/>\nCela aurait pu \u00eatre tr\u00e8s diff\u00e9rent si la police n\u2019\u00e9tait pas intervenue \u00e0 temps.<br \/>\nL\u2019extr\u00e9misme djihadiste semble \u00eatre le principal moteur ici et reste un danger<br \/>\ns\u00e9rieux en Europe. Nos voisins du sud m\u00e9ritent tout notre soutien.<\/p>\n<p class=\"MsoNormal\" style=\"text-align: justify;\">&gt; Dans mes Pays-Bas, Sylvana Simons, Fleur Agema et moi<br \/>\npouvons nous asseoir \u00e0 la table ensemble. Brillants dans le d\u00e9bat, mais avec du<br \/>\nrespect l\u2019un pour l\u2019autre. <br \/>Le drapeau n\u00e9erlandais n\u2019est pas celui d\u2019un parti, mais de quiconque veut<br \/>\navancer. C\u2019est possible !<\/p>\n<p class=\"MsoNormal\" style=\"text-align: justify;\">&gt; Apr\u00e8s deux ans de terreur, de guerre, de faim, de mort<br \/>\net de mis\u00e8re, il semble y avoir une tr\u00eave entre le Hamas et Isra\u00ebl.<br \/>Les Pays-Bas et l\u2019Europe doivent maintenant faire tout ce qu\u2019ils peuvent pour<br \/>\npromouvoir la paix. Et beaucoup plus d\u2019aide d\u2019urgence doit \u00eatre envoy\u00e9e \u00e0 Gaza<br \/>\naujourd\u2019hui.<\/p>\n<p class=\"MsoNormal\" style=\"text-align: justify;\">&gt; Aujourd\u2019hui, nous comm\u00e9morons toutes les victimes de<br \/>\nl\u2019attaque terroriste du 7\u00a0octobre par le Hamas. Et nous pensons aux<br \/>\nmembres de la famille qui attendent le retour des otages.<br \/>7\u00a0octobre. Un jour \u00e0 comm\u00e9morer. Et un jour pour fixer une limite. La<br \/>\nguerre doit s\u2019arr\u00eater.<\/p>\n<p class=\"MsoNormal\" style=\"text-align: justify;\">\u00a0<\/p>\n<p class=\"MsoNormal\" style=\"text-align: justify;\"><b>Jan Paternotte (d\u00e9put\u00e9)<br \/><\/b>&gt; Des bombes sur Gaza hier, enfin de l\u2019espoir aujourd\u2019hui. Espoir pour<br \/>\nune fin de l\u2019enfer que les Palestiniens et les otages essaient de survivre<br \/>\ndepuis deux ans.<br \/>L\u2019aide d\u2019urgence doit maintenant entrer \u00e0 Gaza \u00e0 une vitesse fulgurante. Et la<br \/>\npression de l\u2019Europe sera d\u00e9sesp\u00e9r\u00e9ment n\u00e9cessaire pour parvenir \u00e0 une paix<br \/>\nr\u00e9elle.<\/p>\n<p class=\"MsoNormal\" style=\"text-align: justify;\">&gt; [Crise de Gaza] Depuis pr\u00e8s d\u2019une semaine, le cabinet<br \/>\ndit\u00a0: nous \u00abregardons\u00bb si les enfants qui ont besoin de soins sp\u00e9ciaux<br \/>\npeuvent venir aux Pays-Bas.<br \/>Les h\u00f4pitaux n\u00e9erlandais et l\u2019ONU savent exactement quels enfants ont besoin de<br \/>\nsoins sp\u00e9cialis\u00e9s en urgence. Arr\u00eate de regarder et fais quelque chose !<\/p>\n<p class=\"MsoNormal\" style=\"text-align: justify;\">&gt; Trump a d\u00e9cid\u00e9 de fournir des missiles Tomahawk \u00e0<br \/>\nl\u2019Ukraine. Le prochain revers pour Poutine.<br \/>La Russie ne peut pas gagner, et essaie donc de tuer des civils en Ukraine et<br \/>\nde cr\u00e9er la peur avec des drones en Europe. Raison de plus pour soutenir<br \/>\npleinement l\u2019Ukraine !<\/p>\n<p class=\"MsoNormal\" style=\"text-align: justify;\">\u00a0<\/p>\n<p class=\"MsoNormal\" style=\"text-align: justify;\"><b style=\"font-family: arial;\">\u25cf Pologne<br \/>\u2666 Polska 2050<br \/><\/b>&gt; La loi sur la<br \/>\ntransparence des prix de l\u2019immobilier fonctionne.<\/p>\n<p class=\"MsoNormal\" style=\"text-align: justify;\">&gt; La plupart des<br \/>\nd\u00e9put\u00e9s soutiennent la s\u00e9curit\u00e9 \u00e9nerg\u00e9tique de la Pologne.<\/p>\n<p class=\"MsoNormal\" style=\"text-align: justify;\">&gt; La ministre Kpelczynska:<br \/>\n\u00abNous aidons les personnes handicap\u00e9es \u00e0 trouver un meilleur emploi. Gr\u00e2ce aux<br \/>\nfonds de la KPO, des milliers d\u2019emplois et un soutien pour 90\u00a0000<br \/>\npersonnes ont \u00e9t\u00e9 cr\u00e9\u00e9s\u00bb. La d\u00e9cision unanime de la Di\u00e8te d\u2019aujourd\u2019hui est un<br \/>\nvote pour la s\u00e9curit\u00e9, l\u2019ind\u00e9pendance et la dignit\u00e9 des personnes handicap\u00e9es<\/p>\n<p class=\"MsoNormal\" style=\"text-align: justify;\">&gt; Soutenir les<br \/>\npersonnes handicap\u00e9es fait partie de l\u2019ADN de la Pologne en 2050. <br \/>En Pologne, des milliers de personnes handicap\u00e9es veulent travailler, se<br \/>\nd\u00e9velopper et vivre de mani\u00e8re autonome. Mais trop souvent, au lieu de soutien,<br \/>\nils rencontrent un mur de r\u00e9glementations, de formalit\u00e9s et d\u2019absurdit\u00e9s.<br \/>La loi propos\u00e9e par Polska2050 et vot\u00e9e par la Di\u00e8te concernant le<br \/>\nfonctionnement des usines d\u2019activit\u00e9s professionnelles simplifie principalement<br \/>\nles r\u00e9glementations et supprime les absurdit\u00e9s bureaucratiques qui ont entrav\u00e9<br \/>\nleur fonctionnement pendant des ann\u00e9es.<br \/>Les gouvernements locaux b\u00e9n\u00e9ficient d\u2019une plus grande flexibilit\u00e9, et les<br \/>\nemploy\u00e9s et les personnes handicap\u00e9es \u2013 stabilit\u00e9 de l\u2019emploi et soutien<br \/>\nsp\u00e9cifique.<br \/>Cette loi ne concerne pas les institutions, mais les gens. Il ne peut pas \u00eatre<br \/>\nqu\u2019une loterie jurisprudentielle d\u00e9cide qui peut travailler.<\/p>\n<p class=\"MsoNormal\" style=\"text-align: justify;\">&gt; Un autre sujet<br \/>\nqui connecte plut\u00f4t que de diviser. Tout le monde s\u2019est tenu d\u2019un c\u00f4t\u00e9<br \/>\naujourd\u2019hui concernant les aci\u00e9ries polonaises !<\/p>\n<p class=\"MsoNormal\" style=\"text-align: justify;\">&gt; Les sources<br \/>\nd\u2019\u00e9nergie renouvelables ne concernent pas seulement l\u2019\u00e9cologie\u00a0: elles<br \/>\nnous offrent s\u00e9curit\u00e9 et r\u00e9sistance \u00e9nerg\u00e9tique.<\/p>\n<p class=\"MsoNormal\" style=\"text-align: justify;\">&gt; Il n\u2019y a pas de<br \/>\nprobl\u00e8me social majeur aujourd\u2019hui autre que l\u2019alcoolisme. C\u2019est lui qui<br \/>\nd\u00e9truit notre pays.<\/p>\n<p class=\"MsoNormal\" style=\"text-align: justify;\">&gt; De plus en plus<br \/>\nde gens ont l\u2019impression que l\u2019alcool est tout simplement partout aujourd\u2019hui.<br \/>\nL\u2019enqu\u00eate Rzeczpospolita le confirme \u2013 68,6\u00a0% des Polonais estiment que<br \/>\nl\u2019acc\u00e8s est trop facile.<br \/>Les Polonais en ont marre de voir des querelles d\u2019ivrognes, des trottoirs<br \/>\njonch\u00e9s de d\u00e9chets et des ambulances appel\u00e9es apr\u00e8s des libations nocturnes.<br \/>\nIls veulent des rues calmes et un sentiment de s\u00e9curit\u00e9.<br \/>Par cons\u00e9quent, notre projet suppose une interdiction de la publicit\u00e9 et de la<br \/>\npromotion de l\u2019alcool, une restriction des ventes nocturnes et la fin du<br \/>\ncommerce de l\u2019alcool dans les stations-service.<br \/>Nous fournissons une majorit\u00e9 \u00e0 ce gouvernement et dans ce gouvernement, nous<br \/>\nsommes \u2013 et nous voulons y \u00eatre et y rester.<\/p>\n<p class=\"MsoNormal\" style=\"text-align: justify;\">&gt; Clairement, il<br \/>\nn\u2019y a pas de gouvernement de la Coalition 15 X sans la Pologne 2050.<\/p>\n<p class=\"MsoNormal\" style=\"text-align: justify;\">&gt; La prochaine<br \/>\n\u00e9tape de la Pologne en 2050\u00a0: moins de bureaucratie, plus de flexibilit\u00e9<br \/>\npour les gouvernements locaux et les ONG.<br \/>Une bonne loi est celle qui ouvre des portes et ne cr\u00e9e pas de barri\u00e8res.<\/p>\n<p class=\"MsoNormal\" style=\"text-align: justify;\">\u00a0<\/p>\n<p class=\"MsoNormal\" style=\"text-align: justify;\"><b style=\"font-family: arial;\">\u25cf Portugal<\/b><br \/>\n<b style=\"font-family: arial;\">\u2666 Iniciativa liberal<br \/><\/b>&gt; Le gouvernement continue de ne pas mettre fin \u00e0 l\u2019imp\u00f4t Mort\u00e1gua,<br \/>\nqu\u2019attend-il ? L\u2019Initiative lib\u00e9rale exercera le pouvoir dans les municipalit\u00e9s<br \/>\nlocales et favorisera une \u00e9norme simplification des permis afin que nous<br \/>\npuissions r\u00e9soudre la crise du logement.<\/p>\n<p class=\"MsoNormal\" style=\"text-align: justify;\">&gt; Maria Corina Machado est le prix Nobel de la Paix. L\u2019Initiative<br \/>\nlib\u00e9rale a toujours \u00e9t\u00e9 \u00e0 ses c\u00f4t\u00e9s dans la lutte contre la tyrannie communiste<br \/>\nv\u00e9n\u00e9zu\u00e9lienne. <\/p>\n<p class=\"MsoNormal\" style=\"text-align: justify;\">&gt; D\u00e9clarer la guerre \u00e0 la bureaucratie <br \/>Il n\u2019y a qu\u2019une seule issue au fl\u00e9au national de la crise du logement\u00a0:<br \/>\nconstruire beaucoup plus. <br \/>Pour cela, les permis municipaux doivent \u00eatre beaucoup plus agiles, rapides et<br \/>\nsimples. <br \/>L\u2019Initiative lib\u00e9rale a dans toutes ses candidatures un programme pour r\u00e9former<br \/>\nadministrativement les municipalit\u00e9s, afin que tout processus qui entre ait une<br \/>\nconclusion tr\u00e8s rapide, de mani\u00e8re transparente. <br \/>Voter pour l\u2019Initiative lib\u00e9rale provoquera un choc de construction, qui est le<br \/>\nseul moyen d\u2019abaisser les prix des maisons. <\/p>\n<p class=\"MsoNormal\" style=\"text-align: justify;\">\u00a0<\/p>\n<p class=\"MsoNormal\" style=\"text-align: justify;\"><b style=\"font-family: arial;\">\u25cf Roumanie<br \/>\u2666 Gouvernement<br \/>Nicosur Dan (pr\u00e9sident)<br \/><\/b>&gt; J\u2019ai assist\u00e9 \u00e0 la c\u00e9r\u00e9monie<br \/>\nd\u00e9di\u00e9e \u00e0 la comm\u00e9moration des victimes de l\u2019Holocauste en Roumanie, un<br \/>\n\u00e9v\u00e9nement tragique de notre histoire au cours duquel de nombreuses personnes<br \/>\nont perdu la vie et de nombreuses familles ont \u00e9norm\u00e9ment souffert pour la<br \/>\nsimple raison qu\u2019elles avaient une autre appartenance ethnique. <br \/>\u00c0 un moment de l\u2019histoire o\u00f9 nous voyons des tensions croissantes et la m\u00eame<br \/>\ntentation de rejeter tout le temps les \u00e9checs personnels ou sociaux les uns sur<br \/>\nles autres, nous devons combattre par tous les moyens les discours antis\u00e9mites,<br \/>\nx\u00e9nophobes et haineux. <br \/>Nous avons l\u2019obligation dans nos manifestations publiques d\u2019encourager la<br \/>\ntol\u00e9rance et le discours inclusif, dans un contexte o\u00f9 les forces hostiles \u00e0 la<br \/>\nd\u00e9mocratie cherchent \u00e0 approfondir toutes les tensions et toutes les distances<br \/>\nentre les groupes sociaux, culturels, ethniques de notre soci\u00e9t\u00e9.<br \/>C\u2019est un devoir que nous avons envers la m\u00e9moire des victimes et de tous ceux<br \/>\nqui ont souffert. Pr\u00e9servons la m\u00e9moire de ces personnes, pr\u00e9servons la m\u00e9moire<br \/>\nde ces souffrances et agissons pour que ces choses ne se reproduisent plus<br \/>\njamais en Roumanie.<\/p>\n<p class=\"MsoNormal\" style=\"text-align: justify;\">&gt; Je me r\u00e9jouis<br \/>\nvivement de l\u2019accord pour un cessez-le-feu et le retour en toute s\u00e9curit\u00e9 de<br \/>\ntous les otages isra\u00e9liens de Gaza. Je salue les efforts et le leadership<br \/>\npr\u00e9cieux du pr\u00e9sident Donald Trump, ainsi que de l\u2019\u00c9gypte, du Qatar, de la<br \/>\nTurquie et de tous les partenaires impliqu\u00e9s dans cette perc\u00e9e importante des<br \/>\nn\u00e9gociations. Cela apporte un espoir bien n\u00e9cessaire pour la paix et la<br \/>\nstabilit\u00e9 dans la r\u00e9gion. La Roumanie reste engag\u00e9e \u00e0 soutenir les efforts<br \/>\nvisant \u00e0 parvenir \u00e0 une paix durable au Moyen-Orient.<\/p>\n<p class=\"MsoNormal\" style=\"text-align: justify;\">&gt; Aujourd\u2019hui<br \/>\nmarque le deuxi\u00e8me anniversaire des attaques odieuses perp\u00e9tr\u00e9es par le Hamas<br \/>\ncontre l\u2019\u00c9tat d\u2019Isra\u00ebl. Nous sommes solidaires avec toutes les victimes et<br \/>\nleurs familles, partageant leur douleur. La Roumanie r\u00e9it\u00e8re son appel \u00e0 un<br \/>\ncessez-le-feu imm\u00e9diat et \u00e0 la lib\u00e9ration inconditionnelle de tous les otages.<br \/>\nNous demandons \u00e9galement que l\u2019aide humanitaire soit achemin\u00e9e sans entrave \u00e0<br \/>\nla population civile de Gaza. La Roumanie salue la reprise des n\u00e9gociations de<br \/>\npaix, bas\u00e9e sur le cadre de l\u2019initiative de paix du pr\u00e9sident Trump.<\/p>\n<p class=\"MsoNormal\" style=\"text-align: justify;\">\u00a0<\/p>\n<p class=\"MsoNormal\" style=\"text-align: justify;\"><b style=\"font-family: arial;\">\u25cf Su\u00e8de<br \/>\u2666 Liberalerna<br \/>Simona Mohamsson (premi\u00e8re secr\u00e9taire)<br \/><\/b>&gt; F\u00e9licitations \u00e0 Laszlo Krasznahorkai, laur\u00e9at du prix Nobel de<br \/>\nlitt\u00e9rature cette ann\u00e9e ! La litt\u00e9rature joue un r\u00f4le crucial dans la formation<br \/>\ndes nouvelles g\u00e9n\u00e9rations et ouvre les portes \u00e0 de nouvelles perspectives qui<br \/>\nrenforcent la d\u00e9mocratie et suscitent l\u2019engagement. La lecture n\u2019a jamais \u00e9t\u00e9<br \/>\naussi importante.<\/p>\n<p class=\"MsoNormal\" style=\"text-align: justify;\">&gt; Je me f\u00e9licite qu\u2019Isra\u00ebl et le Hamas aient maintenant<br \/>\nconvenu d\u2019une premi\u00e8re \u00e9tape dans un plan de paix, \u00e0 savoir la lib\u00e9ration des<br \/>\notages et le retrait des troupes. La prochaine \u00e9tape doit \u00eatre de d\u00e9sarmer le<br \/>\nHamas, d\u2019autoriser l\u2019aide d\u2019urgence et de commencer la reconstruction de Gaza.<br \/>\nIl est important pour le monde entier qu\u2019un travail de paix plus durable ait<br \/>\nlieu maintenant pour une solution \u00e0 deux \u00c9tats o\u00f9 Isra\u00e9liens et Palestiniens<br \/>\npeuvent vivre c\u00f4te \u00e0 c\u00f4te, dans la paix et la s\u00e9curit\u00e9.<\/p>\n<p class=\"MsoNormal\" style=\"text-align: justify;\">&gt; Les sociaux-d\u00e9mocrates continuent d\u2019\u00eatre les derniers<br \/>\nsur la ligne dans la politique d\u2019int\u00e9gration. 23 ans apr\u00e8s la proposition des<br \/>\nlib\u00e9raux, S oscille maintenant sur les exigences linguistiques pour une<br \/>\nint\u00e9gration accrue. S\u2019ils n\u2019avaient pas pass\u00e9 plusieurs ann\u00e9es \u00e0 mettre les<br \/>\ncontributions en premier et la langue en dernier, plus d\u2019enfants auraient parl\u00e9<br \/>\nsu\u00e9dois dans notre pays. C\u2019est leur \u00e9chec que les lib\u00e9raux sont en train de<br \/>\nr\u00e9parer.<\/p>\n<p class=\"MsoNormal\" style=\"text-align: justify;\">&gt; Les murs porteurs de l\u2019\u00e9cole ont \u00e9t\u00e9 lim\u00e9s. Maintenant,<br \/>\nnous les restaurons gr\u00e2ce \u00e0 un contr\u00f4le gouvernemental accru.<\/p>\n<p class=\"MsoNormal\" style=\"text-align: justify;\">&gt; Aujourd\u2019hui, cela fait deux ans que le Hamas a perp\u00e9tr\u00e9<br \/>\nle pire pogrom sur les Juifs depuis la Seconde Guerre mondiale. C\u2019\u00e9tait une<br \/>\nattaque terroriste qui a co\u00fbt\u00e9 la vie \u00e0 plus de mille personnes et pris en<br \/>\notage plus de 250 enfants et adultes.<br \/>Le sept octobre\u00a02023 n\u2019\u00e9tait pas seulement une attaque contre les Juifs et<br \/>\nIsra\u00ebl. C\u2019\u00e9tait une d\u00e9claration de guerre contre la solution \u00e0 deux \u00c9tats et<br \/>\ntoutes les tentatives de paix entre Palestiniens et Isra\u00e9liens.<br \/>Mais c\u2019\u00e9tait aussi le d\u00e9but d\u2019une nouvelle vague mondiale d\u2019antis\u00e9mitisme.<br \/>Les menaces et la haine des Juifs se r\u00e9pandent non seulement dans les rues et<br \/>\nsur les places su\u00e9doises, mais aussi \u00e0 travers l\u2019Europe. L\u2019autre semaine, lors<br \/>\ndu jour le plus saint des Juifs, Yom Kippour, une attaque terroriste a \u00e9t\u00e9<br \/>\nmen\u00e9e contre une congr\u00e9gation juive en Grande-Bretagne.<br \/>Aucun juif ne devrait avoir \u00e0 craindre ou \u00eatre forc\u00e9 de c\u00e9l\u00e9brer les f\u00eates avec<br \/>\nsa famille et ses amis sous une protection polici\u00e8re lourdement arm\u00e9e. Nous<br \/>\navons tous le devoir de mettre fin \u00e0 la haine des juifs qui se r\u00e9pand dans la<br \/>\nsoci\u00e9t\u00e9 et d\u2019enlever les notions et valeurs antis\u00e9mites qui tentent de<br \/>\ns\u2019enraciner dans notre pays. <br \/>Une chose est s\u00fbre. Nous, les lib\u00e9raux, ne nous en sortirons jamais. La Su\u00e8de<br \/>\ndevrait \u00eatre un pays s\u00fbr pour tous les Juifs. <br \/>Aujourd\u2019hui, nous nous souvenons de toutes les vies qui ont \u00e9t\u00e9 \u00e9teintes le<br \/>\n7\u00a0octobre et de toutes celles qui sont encore d\u00e9tenues en otage par le<br \/>\nHamas. Ils doivent \u00eatre lib\u00e9r\u00e9s inconditionnellement et imm\u00e9diatement.<\/p>\n<p class=\"MsoNormal\" style=\"text-align: justify;\">&gt; En Su\u00e8de, les services sociaux sont \u00e0 l\u2019avant-garde<br \/>\npour aider les enfants vuln\u00e9rables \u00e0 ne pas rester coinc\u00e9s dans une vie de<br \/>\ncriminalit\u00e9 et d\u2019ins\u00e9curit\u00e9. Afin de soutenir ce travail important, les<br \/>\nlib\u00e9raux ont \u00e9t\u00e9 la force motrice pour, entre autres choses, obtenir une<br \/>\nnouvelle loi sur les services sociaux, une nouvelle formation des travailleurs<br \/>\nsociaux et des soins renforc\u00e9s \u00e0 la d\u00e9pendance.<br \/>C\u2019est \u00e0 la fois un \u00e9chec soci\u00e9tal quand les enfants tirent et quand nous<br \/>\ncontinuons \u00e0 croire que du jus de fruit et des brioches \u2013 ou des massages et<br \/>\ndes visites au restaurant \u2013briseront le recrutement dans les gangs.<br \/>Maintenant, un travail acharn\u00e9 est requis de la part de nous tous qui pouvons<br \/>\naider \u00e0 d\u00e9manteler les gangs. Un travail pr\u00e9ventif moderne.<\/p>\n<p class=\"MsoNormal\" style=\"text-align: justify;\">&gt; Le gouvernement a \u00e9cout\u00e9 les employeurs. Nous refaisons<br \/>\nce qui doit \u00eatre fait pour la migration de main-d\u2019\u0153uvre. D\u00e9barrassez-vous de<br \/>\nl\u2019id\u00e9e d\u2019une liste d\u2019exceptions compliqu\u00e9e. Des exigences salariales plus<br \/>\nfaibles pour que les jeunes talents puissent \u00e9galement venir ici. Une victoire<br \/>\npour la Su\u00e8de.<\/p>\n<p class=\"MsoNormal\" style=\"text-align: justify;\">\u00a0<\/p>\n<p class=\"MsoNormal\" style=\"text-align: justify;\">\u00a0<\/p>\n<p><\/p>\n","protected":false},"excerpt":{"rendered":"Voici une s\u00e9lection, ce 12 octobre 2025, des derniers propos tenus par des centristes dans les m\u00e9dias ou&hellip;\n","protected":false},"author":2,"featured_media":439247,"comment_status":"","ping_status":"","sticky":false,"template":"","format":"standard","meta":{"footnotes":""},"categories":[1586],"tags":[11,1777,674,1779,1011,27,12,25,1778,364],"class_list":{"0":"post-457875","1":"post","2":"type-post","3":"status-publish","4":"format-standard","5":"has-post-thumbnail","7":"category-europe","8":"tag-actualites","9":"tag-eu","10":"tag-europe","11":"tag-european-union","12":"tag-fr","13":"tag-france","14":"tag-news","15":"tag-republique-francaise","16":"tag-ue","17":"tag-union-europeenne"},"share_on_mastodon":{"url":"https:\/\/pubeurope.com\/@fr\/115362269210298707","error":""},"_links":{"self":[{"href":"https:\/\/www.europesays.com\/fr\/wp-json\/wp\/v2\/posts\/457875","targetHints":{"allow":["GET"]}}],"collection":[{"href":"https:\/\/www.europesays.com\/fr\/wp-json\/wp\/v2\/posts"}],"about":[{"href":"https:\/\/www.europesays.com\/fr\/wp-json\/wp\/v2\/types\/post"}],"author":[{"embeddable":true,"href":"https:\/\/www.europesays.com\/fr\/wp-json\/wp\/v2\/users\/2"}],"replies":[{"embeddable":true,"href":"https:\/\/www.europesays.com\/fr\/wp-json\/wp\/v2\/comments?post=457875"}],"version-history":[{"count":0,"href":"https:\/\/www.europesays.com\/fr\/wp-json\/wp\/v2\/posts\/457875\/revisions"}],"wp:featuredmedia":[{"embeddable":true,"href":"https:\/\/www.europesays.com\/fr\/wp-json\/wp\/v2\/media\/439247"}],"wp:attachment":[{"href":"https:\/\/www.europesays.com\/fr\/wp-json\/wp\/v2\/media?parent=457875"}],"wp:term":[{"taxonomy":"category","embeddable":true,"href":"https:\/\/www.europesays.com\/fr\/wp-json\/wp\/v2\/categories?post=457875"},{"taxonomy":"post_tag","embeddable":true,"href":"https:\/\/www.europesays.com\/fr\/wp-json\/wp\/v2\/tags?post=457875"}],"curies":[{"name":"wp","href":"https:\/\/api.w.org\/{rel}","templated":true}]}}