{"id":457876,"date":"2025-10-12T17:01:15","date_gmt":"2025-10-12T17:01:15","guid":{"rendered":"https:\/\/www.europesays.com\/fr\/457876\/"},"modified":"2025-10-12T17:01:15","modified_gmt":"2025-10-12T17:01:15","slug":"nicolas-sarkozy-pourrait-etre-place-a-lisolement-a-la-prison-de-la-sante","status":"publish","type":"post","link":"https:\/\/www.europesays.com\/fr\/457876\/","title":{"rendered":"Nicolas Sarkozy pourrait \u00eatre plac\u00e9 \u00e0 l\u2019isolement \u00e0 la prison de la Sant\u00e9"},"content":{"rendered":"<p>\n    L\u2019ancien pr\u00e9sident pourrait \u00eatre s\u00e9par\u00e9 des autres d\u00e9tenus pour assurer sa s\u00e9curit\u00e9.<\/p>\n<p class=\"fig-paragraph\">\u00ab\u00a0Je me vois mal lui faire son entretien arrivant et je ne suis pas certain que le directeur de la Sant\u00e9 le sera plus que moi.\u00a0\u00bb S\u2019il y a bien une chose qui ne fait pas rire les surveillants de prison en ce moment, c\u2019est bien<a href=\"http:\/\/www.lefigaro.fr\/actualite-france\/nicolas-sarkozy-questions-sur-la-severite-d-un-jugement-historique-20250925\" target=\"_blank\" data-fig-type=\"Article\" rel=\"noopener\" data-gtm-custom-categorie=\"navigation\" data-gtm-custom-action=\"crossclick\" data-gtm-custom-label=\"Contextuel\" data-gtm-event=\"customEventSPE\" data-fig-domain=\"LEFIGARO\">\u00a0l\u2019affaire Sarkozy\u00a0<\/a>et la perspective de l\u2019accueillir en d\u00e9tention dans les prochaines semaines. \u00ab\u00a0Qu\u2019on le veuille ou non, il reste un pr\u00e9sident de la R\u00e9publique\u00a0\u00bb, ajoute ce surveillant pour qui, comme pour tous ses coll\u00e8gues, cette fonction demeure la fonction supr\u00eame.<\/p>\n<p class=\"fig-paragraph\">Mais le personnel p\u00e9nitentiaire a aussi les yeux riv\u00e9s sur les chiffres de la\u00a0<a href=\"http:\/\/www.lefigaro.fr\/actualite-france\/location-de-cellules-a-l-etranger-requisitions-d-anciens-ehpad-face-a-la-surpopulation-carcerale-gerald-darmanin-cherche-des-solutions-a-tout-prix-20250708\" target=\"_blank\" data-fig-type=\"Article\" rel=\"noopener\" data-gtm-custom-categorie=\"navigation\" data-gtm-custom-action=\"crossclick\" data-gtm-custom-label=\"Contextuel\" data-gtm-event=\"customEventSPE\" data-fig-domain=\"LEFIGARO\">surpopulation carc\u00e9rale<\/a>. \u00c0 la\u00a0<a href=\"http:\/\/www.lefigaro.fr\/actualite-france\/notre-appartement-est-invendable-on-est-bloques-les-riverains-de-la-prison-de-la-sante-excedes-par-les-nuisances-20230806\" target=\"_blank\" data-fig-type=\"Article\" rel=\"noopener\" data-gtm-custom-categorie=\"navigation\" data-gtm-custom-action=\"crossclick\" data-gtm-custom-label=\"Contextuel\" data-gtm-event=\"customEventSPE\" data-fig-domain=\"LEFIGARO\">prison de la Sant\u00e9<\/a>, o\u00f9 devrait \u00eatre incarc\u00e9r\u00e9 l\u2019ex-chef de l\u2019\u00c9tat, la densit\u00e9 carc\u00e9rale atteint 176\u00a0%. \u00ab\u00a0Autant vous dire que, comme il faudra en permanence des agents pour veiller \u00e0 la s\u00e9curit\u00e9 de Nicolas Sarkozy, \u00e7a veut dire que l\u2019on va devoir d\u00e9peupler des coursives et donc suspendre des cong\u00e9s et multiplier les heures suppl\u00e9mentaires\u00a0\u00bb, souligne notre source.<\/p>\n<p>La s\u00e9curit\u00e9 en priorit\u00e9<\/p>\n<p class=\"fig-paragraph\">La s\u00e9curit\u00e9 de l\u2019ex-chef\u2026<\/p>\n<p class=\"fig-premium-paywall__infos\">\n        Cet article est r\u00e9serv\u00e9 aux abonn\u00e9s.        Il vous reste 69% \u00e0 d\u00e9couvrir.\n    <\/p>\n<p>                <img  data- alt=\"Le Figaro\" class=\"fig-img--complete fig-img\"\/><\/p>\n<p class=\"fig-premium-paywall__title\">J-100, Le Figaro f\u00eate ses 200 ans<\/p>\n<p class=\"fig-premium-paywall__subtitle\">Offre anniversaire : 2\u20ac\/mois pendant 200 semaines<\/p>\n<p class=\"fig-premium-paywall__connect\">\n                D\u00e9j\u00e0 abonn\u00e9\u00a0?                <a class=\"fig-premium-paywall__connect-link\" href=\"https:\/\/connect.lefigaro.fr\/login?client=horizon_web&amp;type=main&amp;redirect_uri=https%3A%2F%2Fwww.lefigaro.fr%2Factualite-france%2Ffinancement-libyen-nicolas-sarkozy-pourrait-etre-place-a-l-isolement-a-la-prison-de-la-sante-20251012\" data-js-gtm=\"{&quot;customCategorie&quot;: &quot;conversion&quot;, &quot;customAction&quot;: &quot;before_Landing_Connexion_paywall_auto&quot;, &quot;customLabel&quot;: &quot;bGVmaWdhcm8uZnJfXzFmMGE1MWYxLWE0NmQtNmM1Yy1hNTQxLWJkOGFhNjg1OTIzZl9fQXJ0aWNsZQ==_\u00ab\u00a0Financement libyen\u00a0\u00bb\u00a0: Nicolas Sarkozy pourrait \u00eatre plac\u00e9 \u00e0 l\u2019isolement \u00e0 la prison de la Sant\u00e9_15&quot;, &quot;customIDSPE&quot;: &quot;bGVmaWdhcm8uZnJfXzFmMGE1MWYxLWE0NmQtNmM1Yy1hNTQxLWJkOGFhNjg1OTIzZl9fQXJ0aWNsZQ==&quot;, &quot;event&quot;: &quot;customEventSPE&quot;}\" target=\"_blank\" rel=\"noopener\"><br \/>\n                    Connectez-vous<br \/>\n                <\/a>\n            <\/p>\n","protected":false},"excerpt":{"rendered":"L\u2019ancien pr\u00e9sident pourrait \u00eatre s\u00e9par\u00e9 des autres d\u00e9tenus pour assurer sa s\u00e9curit\u00e9. \u00ab\u00a0Je me vois mal lui faire&hellip;\n","protected":false},"author":2,"featured_media":457877,"comment_status":"","ping_status":"","sticky":false,"template":"","format":"standard","meta":{"footnotes":""},"categories":[2],"tags":[11,1011,27,12,3091,25],"class_list":{"0":"post-457876","1":"post","2":"type-post","3":"status-publish","4":"format-standard","5":"has-post-thumbnail","7":"category-actualites","8":"tag-actualites","9":"tag-fr","10":"tag-france","11":"tag-news","12":"tag-nicolas-sarkozy","13":"tag-republique-francaise"},"share_on_mastodon":{"url":"https:\/\/pubeurope.com\/@fr\/115362272657529764","error":""},"_links":{"self":[{"href":"https:\/\/www.europesays.com\/fr\/wp-json\/wp\/v2\/posts\/457876","targetHints":{"allow":["GET"]}}],"collection":[{"href":"https:\/\/www.europesays.com\/fr\/wp-json\/wp\/v2\/posts"}],"about":[{"href":"https:\/\/www.europesays.com\/fr\/wp-json\/wp\/v2\/types\/post"}],"author":[{"embeddable":true,"href":"https:\/\/www.europesays.com\/fr\/wp-json\/wp\/v2\/users\/2"}],"replies":[{"embeddable":true,"href":"https:\/\/www.europesays.com\/fr\/wp-json\/wp\/v2\/comments?post=457876"}],"version-history":[{"count":0,"href":"https:\/\/www.europesays.com\/fr\/wp-json\/wp\/v2\/posts\/457876\/revisions"}],"wp:featuredmedia":[{"embeddable":true,"href":"https:\/\/www.europesays.com\/fr\/wp-json\/wp\/v2\/media\/457877"}],"wp:attachment":[{"href":"https:\/\/www.europesays.com\/fr\/wp-json\/wp\/v2\/media?parent=457876"}],"wp:term":[{"taxonomy":"category","embeddable":true,"href":"https:\/\/www.europesays.com\/fr\/wp-json\/wp\/v2\/categories?post=457876"},{"taxonomy":"post_tag","embeddable":true,"href":"https:\/\/www.europesays.com\/fr\/wp-json\/wp\/v2\/tags?post=457876"}],"curies":[{"name":"wp","href":"https:\/\/api.w.org\/{rel}","templated":true}]}}