{"id":457878,"date":"2025-10-12T17:02:12","date_gmt":"2025-10-12T17:02:12","guid":{"rendered":"https:\/\/www.europesays.com\/fr\/457878\/"},"modified":"2025-10-12T17:02:12","modified_gmt":"2025-10-12T17:02:12","slug":"date-limite-dissolution-demission-ces-menaces-qui-planent-sur-ladoption-dun-budget-pour-2026","status":"publish","type":"post","link":"https:\/\/www.europesays.com\/fr\/457878\/","title":{"rendered":"Date limite, dissolution, d\u00e9mission&#8230; Ces menaces qui planent sur l&rsquo;adoption d&rsquo;un budget pour 2026"},"content":{"rendered":"<p>\n    Sans solution budg\u00e9taire au 31 d\u00e9cembre, l\u2019\u00c9tat se retrouverait th\u00e9oriquement dans l\u2019incapacit\u00e9 de lever l\u2019imp\u00f4t ou d\u2019engager des d\u00e9penses.<\/p>\n<p class=\"fig-paragraph\">Le pays s\u2019enfonce dans une crise politique chaque jour plus inextricable, et les finances publiques avec lui.\u00a0<a href=\"http:\/\/www.lefigaro.fr\/politique\/sebastien-lecornu-gagne-en-popularite-tandis-que-les-personnalites-du-socle-commun-sont-en-chute-libre-20251012\" data-fig-type=\"Article\" data-gtm-custom-categorie=\"navigation\" data-gtm-custom-action=\"crossclick\" data-gtm-custom-label=\"Contextuel\" data-gtm-event=\"customEventSPE\" data-fig-domain=\"LEFIGARO\" target=\"_blank\" rel=\"noopener\">\u00c0 peine (re)nomm\u00e9<\/a>, S\u00e9bastien Lecornu, premier ministre de plein exercice, est engag\u00e9 dans une course d\u2019obstacles pour doter la France d\u2019un budget avant le 31 d\u00e9cembre. \u00c0 d\u00e9faut, l\u2019\u00c9tat ne pourrait l\u00e9galement ni percevoir l\u2019imp\u00f4t, ni engager la moindre d\u00e9pense (salaires des fonctionnaires, retraites, etc.) \u00e0 partir du 1er janvier prochain.<\/p>\n<p class=\"fig-body-link\">\n            \u00c0 lire aussi<br \/>\n        <a class=\"fig-body-link__link fig-premium-mark\" href=\"http:\/\/www.lefigaro.fr\/economie\/que-se-passe-t-il-si-le-gouvernement-ne-presente-pas-de-budget-lundi-20251010\" data-fig-type=\"Article\" data-gtm-custom-categorie=\"navigation\" data-gtm-custom-action=\"crossclick\" data-gtm-custom-label=\"Contextuel\" data-gtm-event=\"customEventSPE\" data-fig-domain=\"LEFIGARO\" target=\"_blank\" rel=\"noopener\">Que se passe-t-il si le gouvernement ne pr\u00e9sente pas de budget lundi\u00a0?<br \/>\n    <\/a>\n<\/p>\n<p class=\"fig-paragraph\">Pour \u00e9viter ce sc\u00e9nario catastrophe, le locataire de Matignon devrait d\u00e9poser ce lundi \u2013 ou, \u00e0 l\u2019extr\u00eame limite, ce mardi \u2013 un projet de loi de finances (PLF) et un projet de loi de financement de la s\u00e9curit\u00e9 sociale (PLFSS). En effet, selon l\u2019article 47 de la Constitution, le Parlement doit disposer d\u2019un d\u00e9lai de 70 jours pour l\u2019examen du texte, et le Conseil constitutionnel, d\u2019un d\u00e9lai de huit jours. Un d\u00e9p\u00f4t post\u00e9rieur au 13 octobre compromettrait grandement l\u2019adoption et la promulgation des textes financiers dans le respect des d\u00e9lais constitutionnels<\/p>\n<p class=\"fig-premium-paywall__infos\">\n        Cet article est r\u00e9serv\u00e9 aux abonn\u00e9s.        Il vous reste 80% \u00e0 d\u00e9couvrir.\n    <\/p>\n<p>                <img  data- alt=\"Le Figaro\" class=\"fig-img--complete fig-img\"\/><\/p>\n<p class=\"fig-premium-paywall__title\">J-100, Le Figaro f\u00eate ses 200 ans<\/p>\n<p class=\"fig-premium-paywall__subtitle\">Offre anniversaire : 2\u20ac\/mois pendant 200 semaines<\/p>\n<p class=\"fig-premium-paywall__connect\">\n                D\u00e9j\u00e0 abonn\u00e9\u00a0?                <a class=\"fig-premium-paywall__connect-link\" href=\"https:\/\/connect.lefigaro.fr\/login?client=horizon_web&amp;type=main&amp;redirect_uri=https%3A%2F%2Fwww.lefigaro.fr%2Fconjoncture%2Fdate-limite-dissolution-demission-ces-menaces-qui-planent-sur-l-adoption-d-un-budget-pour-2026-20251012\" data-js-gtm=\"{&quot;customCategorie&quot;: &quot;conversion&quot;, &quot;customAction&quot;: &quot;before_Landing_Connexion_paywall_auto&quot;, &quot;customLabel&quot;: &quot;bGVmaWdhcm8uZnJfXzFmMGE3NWVkLTNiZWMtNjdjNi04N2QwLTRmMTA3ZjQ0YjYwNV9fQXJ0aWNsZQ==_Date limite, dissolution, d\u00e9mission... Ces menaces qui planent sur l&#039;adoption d&#039;un budget pour 2026_550&quot;, &quot;customIDSPE&quot;: &quot;bGVmaWdhcm8uZnJfXzFmMGE3NWVkLTNiZWMtNjdjNi04N2QwLTRmMTA3ZjQ0YjYwNV9fQXJ0aWNsZQ==&quot;, &quot;event&quot;: &quot;customEventSPE&quot;}\" target=\"_blank\" rel=\"noopener\"><br \/>\n                    Connectez-vous<br \/>\n                <\/a>\n            <\/p>\n","protected":false},"excerpt":{"rendered":"Sans solution budg\u00e9taire au 31 d\u00e9cembre, l\u2019\u00c9tat se retrouverait th\u00e9oriquement dans l\u2019incapacit\u00e9 de lever l\u2019imp\u00f4t ou d\u2019engager des&hellip;\n","protected":false},"author":2,"featured_media":457879,"comment_status":"","ping_status":"","sticky":false,"template":"","format":"standard","meta":{"footnotes":""},"categories":[2],"tags":[11,6329,1011,27,12,25],"class_list":{"0":"post-457878","1":"post","2":"type-post","3":"status-publish","4":"format-standard","5":"has-post-thumbnail","7":"category-actualites","8":"tag-actualites","9":"tag-finances-publiques","10":"tag-fr","11":"tag-france","12":"tag-news","13":"tag-republique-francaise"},"share_on_mastodon":{"url":"https:\/\/pubeurope.com\/@fr\/115362276711697556","error":""},"_links":{"self":[{"href":"https:\/\/www.europesays.com\/fr\/wp-json\/wp\/v2\/posts\/457878","targetHints":{"allow":["GET"]}}],"collection":[{"href":"https:\/\/www.europesays.com\/fr\/wp-json\/wp\/v2\/posts"}],"about":[{"href":"https:\/\/www.europesays.com\/fr\/wp-json\/wp\/v2\/types\/post"}],"author":[{"embeddable":true,"href":"https:\/\/www.europesays.com\/fr\/wp-json\/wp\/v2\/users\/2"}],"replies":[{"embeddable":true,"href":"https:\/\/www.europesays.com\/fr\/wp-json\/wp\/v2\/comments?post=457878"}],"version-history":[{"count":0,"href":"https:\/\/www.europesays.com\/fr\/wp-json\/wp\/v2\/posts\/457878\/revisions"}],"wp:featuredmedia":[{"embeddable":true,"href":"https:\/\/www.europesays.com\/fr\/wp-json\/wp\/v2\/media\/457879"}],"wp:attachment":[{"href":"https:\/\/www.europesays.com\/fr\/wp-json\/wp\/v2\/media?parent=457878"}],"wp:term":[{"taxonomy":"category","embeddable":true,"href":"https:\/\/www.europesays.com\/fr\/wp-json\/wp\/v2\/categories?post=457878"},{"taxonomy":"post_tag","embeddable":true,"href":"https:\/\/www.europesays.com\/fr\/wp-json\/wp\/v2\/tags?post=457878"}],"curies":[{"name":"wp","href":"https:\/\/api.w.org\/{rel}","templated":true}]}}