{"id":457882,"date":"2025-10-12T17:04:19","date_gmt":"2025-10-12T17:04:19","guid":{"rendered":"https:\/\/www.europesays.com\/fr\/457882\/"},"modified":"2025-10-12T17:04:19","modified_gmt":"2025-10-12T17:04:19","slug":"champion-despagne-marco-penge-entre-dans-la-troisieme-dimension","status":"publish","type":"post","link":"https:\/\/www.europesays.com\/fr\/457882\/","title":{"rendered":"Champion d&rsquo;Espagne, Marco Penge entre dans la troisi\u00e8me dimension"},"content":{"rendered":"<p>\t\t\t\t\t\t<img width=\"770\" height=\"556\" src=\"https:\/\/www.europesays.com\/fr\/wp-content\/uploads\/2025\/10\/1afp__20251012__2240591735__v2__highres__opendeespanapresentedbymadrid2025dayfour-e1760285767486-770.jpeg\" class=\"img-responsive wp-post-image\" alt=\"STUART FRANKLIN \/ GETTY IMAGES EUROPE \/ GETTY IMAGES VIA AFP\" decoding=\"async\" fetchpriority=\"high\"  \/>\t\t\t\t\t<\/p>\n<p>\t\t\t\t\t\t Partager cet article <\/p>\n<p class=\"screen-reader-text juiz_sps_maybe_hidden_text\">Partager la publication \u00ab\u00a0Champion d\u2019Espagne, Marco Penge entre dans la troisi\u00e8me dimension\u00a0\u00bb<\/p>\n<p><strong>Pour la deuxi\u00e8me ann\u00e9e de suite, l\u2019Open d\u2019Espagne s\u2019est d\u00e9cid\u00e9 en playoff, entre deux joueurs issus de la m\u00eame nation. Dans un duel 100% anglais, c\u2019est Marco Penge qui s\u2019est offert un succ\u00e8s de prestige, son 3e de la saison. Deux Fran\u00e7ais terminent dans le top 10.<\/strong><\/p>\n<p>Ce dimanche aurait du \u00eatre une formalit\u00e9. Ce fut en r\u00e9alit\u00e9 l\u2019une des journ\u00e9es de golf les plus anim\u00e9es de la saison sur le <strong>DP World Tour<\/strong>, au terme de laquelle l\u2019Anglais <strong>Marco Penge<\/strong>, 27 ans, est all\u00e9 chercher sa troisi\u00e8me victoire de la saison.<\/p>\n<p><a href=\"https:\/\/www.europeantour.com\/dpworld-tour\/open-de-espana-presented-by-madrid-2025\/leaderboard?round=4\" target=\"_blank\" rel=\"noopener nofollow\">Retrouvez le classement complet<\/a><\/p>\n<p>Au commencement \u00e9tait une avance, presque insurmontable. L\u2019<strong>Open d\u2019Espagne<\/strong> semblait d\u00e9j\u00e0 jou\u00e9 apr\u00e8s les trois premiers jours de comp\u00e9tition, tant l\u2019ind\u00e9boulonnable Penge et ses 4 coups d\u2019avance en t\u00eate du tournoi ib\u00e8re semblaient intouchables.<\/p>\n<p>Seulement voil\u00e0, <strong>Daniel Brown<\/strong> toucher velours et touch\u00e9 par la gr\u00e2ce en derni\u00e8re partie et sur les greens, revenait sur lui apr\u00e8s seulement 4 trous au b\u00e9n\u00e9fice de deux putts de plus de 20 m\u00e8tres rentr\u00e9s pour birdie au 3 puis pour eagle au 4.\u00a0 On se dit alors que le duel va nous tenir en haleine toute la journ\u00e9e. Mais une grosse erreur de Brown, doubl\u00e9 d\u2019une grosse g\u00eane au cou vont rebattre les cartes.<\/p>\n<blockquote class=\"twitter-tweet\"><p>&#13;<\/p>\n<p dir=\"ltr\" lang=\"en\">An injured Dan Brown receives treatment on the course and then makes a birdie \ud83e\udd2f<a href=\"https:\/\/twitter.com\/hashtag\/OpenEspana?src=hash&amp;ref_src=twsrc%5Etfw\" rel=\"nofollow noopener\" target=\"_blank\">#OpenEspana<\/a> <a href=\"https:\/\/t.co\/eQXcdzebLI\" rel=\"nofollow\">pic.twitter.com\/eQXcdzebLI<\/a><\/p>\n<p>&#13;<br \/>\n&#13;<br \/>\n\u2014 DP World Tour (@DPWorldTour) <a href=\"https:\/\/twitter.com\/DPWorldTour\/status\/1977384453996449948?ref_src=twsrc%5Etfw\" rel=\"nofollow noopener\" target=\"_blank\">October 12, 2025<\/a><\/p><\/blockquote>\n<p>Malgr\u00e9 3 coups de retard, et un corps endolori, le joueur de 31 ans, revient de nulle part avec un birdie au 18 pour forcer le playoff avec Penge, qui n\u2019a su faire mieux qu\u2019un 72 (+1) dominical. Dans la m\u00eame configuration que sur le 72e trou de cet Open d\u2019Espagne, le 1er trou de playoff tourne cette fois \u00e0 l\u2019avantage de Marco Penge, qui en signant le birdie, s\u2019offre le plus beau titre de sa carri\u00e8re.\u00a0<\/p>\n<blockquote class=\"twitter-tweet\"><p>&#13;<\/p>\n<p dir=\"ltr\" lang=\"en\">The moment Marco Penge won the Open de Espa\u00f1a presented by Madrid, qualified for the 154th Open Championship and qualified for the Masters \ud83e\udd29<a href=\"https:\/\/twitter.com\/hashtag\/OpenEspana?src=hash&amp;ref_src=twsrc%5Etfw\" rel=\"nofollow noopener\" target=\"_blank\">#OpenEspana<\/a> <a href=\"https:\/\/t.co\/uVh0ERd6gp\" rel=\"nofollow\">pic.twitter.com\/uVh0ERd6gp<\/a><\/p>\n<p>&#13;<br \/>\n&#13;<br \/>\n\u2014 DP World Tour (@DPWorldTour) <a href=\"https:\/\/twitter.com\/DPWorldTour\/status\/1977399794319466791?ref_src=twsrc%5Etfw\" rel=\"nofollow noopener\" target=\"_blank\">October 12, 2025<\/a><\/p><\/blockquote>\n<p>Cerises sur le g\u00e2teau, le n\u00e9o 31e joueur mondial s\u2019offre un ticket pour le <strong>Masters<\/strong> en 2026 ainsi que pour <strong>The Open<\/strong> la m\u00eame ann\u00e9e tout en retrouvant la 2e place de la <strong>Race to Duba\u00ef.<\/strong><\/p>\n<p>\t\t\t\t<img loading=\"lazy\" decoding=\"async\" src=\"data:image\/svg+xml,%3Csvg%20xmlns=\" http:=\"\" attributionsrc=\"\" border=\"0\" height=\"1\" width=\"1\" alt=\"Advertisement\" data-lazy-src=\"https:\/\/www.europesays.com\/fr\/wp-content\/uploads\/2025\/04\/B33178636.416304989;dc_trk_aid=608750596;dc_trk_cid=231836907;ord=[timestamp];dc_lat=;dc_rdid=;tag_f.gif\"\/><\/p>\n<p>\t\t\t\t\t<a id=\"166236\" href=\"https:\/\/ad.doubleclick.net\/ddm\/trackclk\/N1153799.3770024GOLFPLANATE\/B33178636.416304989;dc_trk_aid=608750596;dc_trk_cid=231836907;dc_lat=;dc_rdid=;tag_for_child_directed_treatment=;tfua=;gdpr=${GDPR};gdpr_consent=${GDPR_CONSENT_755};ltd=;dc_tdv=1\" target=\"_blank\" rel=\"sponsorised nofollow noopener\"><img decoding=\"async\" src=\"data:image\/svg+xml,%3Csvg%20xmlns=\" http:=\"\" class=\"img-responsive\" alt=\"\" data-lazy-src=\"https:\/\/www.europesays.com\/fr\/wp-content\/uploads\/2025\/04\/cleveland-e02-wedges-rtz-1170x275-1.jpg\"\/><\/a><br \/>\nBelle semaine pour Levy et Coussaud<\/p>\n<p>Commen\u00e7ons par mentionner que la 5e place d\u2019<strong>Ugo Coussaud<\/strong>, et la 9e d\u2019<strong>Alexander Levy<\/strong> constituent pour l\u2019un, comme pour l\u2019autre, le meilleur r\u00e9sultat de leur saison. Une belle satisfaction d\u2019embl\u00e9e.<\/p>\n<p>Entrons dans les d\u00e9tails, puisque le top 5 d\u2019Ugo Coussaud en -11 total, lui ouvre d\u00e9sormais les portes des playoffs du DP World Tour, depuis la 61e place de la Race qu\u2019il occupe. Il a rendez-vous \u00e0 <strong>Abu Dhabi<\/strong> pour la premi\u00e8re \u00e9tape dans quelques semaines, et devra int\u00e9grer le top 50 d\u00e9sormais pour jouer la finale.<\/p>\n<p>Pour Alexander Levy, ce r\u00e9sultat reste toutefois insuffisant pour le faire basculer du bon c\u00f4t\u00e9 de la ligne de flottaison. Ce fameux top 115 lui \u00e9chappe encore (il est 138e), mais au b\u00e9n\u00e9fice de ce top 10, le Fran\u00e7ais s\u2019invite dans le champ du prestigieux tournoi en Inde la semaine prochaine et s\u2019offre une nouvelle finale pour sauver sa saison.<\/p>\n<p>Le Leaderboard<\/p>\n<p>\u00a0<img loading=\"lazy\" decoding=\"async\" class=\"alignnone size-full wp-image-189042\" src=\"data:image\/svg+xml,%3Csvg%20xmlns=\" http:=\"\" alt=\"\" width=\"1318\" height=\"751\" data-lazy- data-lazy- data-lazy-src=\"https:\/\/www.europesays.com\/fr\/wp-content\/uploads\/2025\/10\/classdp-2.png\"\/><\/p>\n<p><img loading=\"lazy\" decoding=\"async\" class=\"alignnone size-imagelargeur770 wp-image-189041\" src=\"data:image\/svg+xml,%3Csvg%20xmlns=\" http:=\"\" alt=\"\" width=\"1318\" height=\"376\" data-lazy- data-lazy- data-lazy-src=\"https:\/\/www.europesays.com\/fr\/wp-content\/uploads\/2025\/10\/classdp2-2.png\"\/><br \/>\nLe Leaderboard des Fran\u00e7ais<\/p>\n<p><img loading=\"lazy\" decoding=\"async\" class=\"alignnone size-full wp-image-189040\" src=\"data:image\/svg+xml,%3Csvg%20xmlns=\" http:=\"\" alt=\"\" width=\"1323\" height=\"747\" data-lazy- data-lazy- data-lazy-src=\"https:\/\/www.europesays.com\/fr\/wp-content\/uploads\/2025\/10\/classfr.png\"\/><\/p>\n<p>Photo : STUART FRANKLIN \/ GETTY IMAGES EUROPE \/ GETTY IMAGES VIA AFP<\/p>\n<p>\t\t\t\t\t<a id=\"187700\" href=\"https:\/\/golfplus.fr\/promotion-footjoy-c1528\" target=\"_blank\" rel=\"sponsorised nofollow noopener\"><img fetchpriority=\"high\" decoding=\"async\" src=\"https:\/\/www.europesays.com\/fr\/wp-content\/uploads\/2025\/10\/golfplus-e27-promo-footjoy-prolongation-1170x275-1.jpg\" class=\"img-responsive\" alt=\"\"\/><\/a>\t\t\t\t<\/p>\n<p>\t\t\t<script async src=\"https:\/\/platform.twitter.com\/widgets.js\" charset=\"utf-8\"><\/script><\/p>\n","protected":false},"excerpt":{"rendered":"Partager cet article Partager la publication \u00ab\u00a0Champion d\u2019Espagne, Marco Penge entre dans la troisi\u00e8me dimension\u00a0\u00bb Pour la deuxi\u00e8me&hellip;\n","protected":false},"author":2,"featured_media":457883,"comment_status":"","ping_status":"","sticky":false,"template":"","format":"standard","meta":{"footnotes":""},"categories":[1418],"tags":[1011,27,1472,60],"class_list":{"0":"post-457882","1":"post","2":"type-post","3":"status-publish","4":"format-standard","5":"has-post-thumbnail","7":"category-golf","8":"tag-fr","9":"tag-france","10":"tag-golf","11":"tag-sports"},"share_on_mastodon":{"url":"https:\/\/pubeurope.com\/@fr\/115362284870300303","error":""},"_links":{"self":[{"href":"https:\/\/www.europesays.com\/fr\/wp-json\/wp\/v2\/posts\/457882","targetHints":{"allow":["GET"]}}],"collection":[{"href":"https:\/\/www.europesays.com\/fr\/wp-json\/wp\/v2\/posts"}],"about":[{"href":"https:\/\/www.europesays.com\/fr\/wp-json\/wp\/v2\/types\/post"}],"author":[{"embeddable":true,"href":"https:\/\/www.europesays.com\/fr\/wp-json\/wp\/v2\/users\/2"}],"replies":[{"embeddable":true,"href":"https:\/\/www.europesays.com\/fr\/wp-json\/wp\/v2\/comments?post=457882"}],"version-history":[{"count":0,"href":"https:\/\/www.europesays.com\/fr\/wp-json\/wp\/v2\/posts\/457882\/revisions"}],"wp:featuredmedia":[{"embeddable":true,"href":"https:\/\/www.europesays.com\/fr\/wp-json\/wp\/v2\/media\/457883"}],"wp:attachment":[{"href":"https:\/\/www.europesays.com\/fr\/wp-json\/wp\/v2\/media?parent=457882"}],"wp:term":[{"taxonomy":"category","embeddable":true,"href":"https:\/\/www.europesays.com\/fr\/wp-json\/wp\/v2\/categories?post=457882"},{"taxonomy":"post_tag","embeddable":true,"href":"https:\/\/www.europesays.com\/fr\/wp-json\/wp\/v2\/tags?post=457882"}],"curies":[{"name":"wp","href":"https:\/\/api.w.org\/{rel}","templated":true}]}}