{"id":457884,"date":"2025-10-12T17:05:15","date_gmt":"2025-10-12T17:05:15","guid":{"rendered":"https:\/\/www.europesays.com\/fr\/457884\/"},"modified":"2025-10-12T17:05:15","modified_gmt":"2025-10-12T17:05:15","slug":"la-legende-vivante-victoria-ravva-evoque-ses-nouvelles-fonctions-et-ses-ambitions","status":"publish","type":"post","link":"https:\/\/www.europesays.com\/fr\/457884\/","title":{"rendered":"la l\u00e9gende vivante Victoria Ravva \u00e9voque ses nouvelles fonctions et ses ambitions"},"content":{"rendered":"<p class=\"fs-5 \">Avec un pr\u00e9nom pareil et des parents sportifs, pas \u00e9tonnant que Victoria Ravva soit devenue cette immense championne, \u00e0 l\u2019exceptionnelle long\u00e9vit\u00e9 (elle a mis un terme \u00e0 sa carri\u00e8re \u00e0 quarante ans en 2015). Et pourtant, le destin de cette G\u00e9orgienne n\u00e9e au sein de l\u2019ex-URSS n\u2019\u00e9tait pas tout trac\u00e9. La belle a d\u00fb fuir la guerre et s\u2019exiler \u00e0 deux reprises (en Azerba\u00efdjan puis en France). Se pointer parfois \u00e0 l\u2019entra\u00eenement en n\u2019ayant pas grand-chose dans le ventre si ce n\u2019est la rage de vaincre, avant d\u2019accompagner l\u2019immense \u00e9pop\u00e9e du RC Cannes (19 titres de champions de France, 18 Coupes de France, deux Ligues des champions) sous la pr\u00e9sidence d\u2019Anny Courtade.<\/p>\n<p class=\"fs-5 \">\u00ab Anny est unique, elle a structur\u00e9 le RC Cannes pour en faire un grand club, et sa force de caract\u00e8re m\u2019a beaucoup inspir\u00e9e, confie Victoria, invit\u00e9e des d\u00e9jeuners Cannes Radio\/Nice-Matin au Bistrot des Anges du Cannet. Elle me disait : Victoria, si les portes ne s\u2019ouvrent pas, tu les pousses, et si elles ne s\u2019ouvrent toujours pas, tu les d\u00e9fonces ! \u00bb<\/p>\n<p>                                                                                Sa photo encadr\u00e9e au Palais des victoires, de son vivant<\/p>\n<p class=\"fs-5 \">Hier capitaine embl\u00e9matique du RC Cannes sur le parquet, Victoria est rest\u00e9e la belle figure de proue du volley, tant pour les hommes que les femmes. \u00ab Ah, c\u2019est gentil de me dire \u00e7a ! C\u2019est vrai que j\u2019ai d\u00e9j\u00e0 ma photo au Palais des Victoires, alors que je suis encore vivante, en rigole l\u2019int\u00e9ress\u00e9e, toujours aussi fra\u00eeche et enjou\u00e9e. Je suis tr\u00e8s fi\u00e8re d\u2019avoir marqu\u00e9 l\u2019histoire du volley cannois et fran\u00e7ais [naturalis\u00e9e, elle a \u00e9videmment jou\u00e9 en \u00e9quipe nationale], dans ce pays qui m\u2019a adopt\u00e9e et que j\u2019aime \u00e9norm\u00e9ment. \u00bb<\/p>\n<p class=\"fs-5 \">Apr\u00e8s \u00eatre mont\u00e9 au filet pour smasher la balle, Victoria a repris ses \u00e9tudes au rebond pour gagner aussi la partie, au-del\u00e0 des lignes blanches du terrain.<\/p>\n<p class=\"fs-5 \">\u00ab Au sein du holding qui chapeaute les deux clubs (AS Cannes pour les hommes, Racing pour les filles), je suis responsable de tout l\u2019extra-sportif, l\u2019\u00e9v\u00e9nementiel, le marketing, le d\u00e9veloppement commercial. C\u2019est tr\u00e8s int\u00e9ressant car c\u2019est aussi un challenge de trouver de nouveaux investisseurs pour notre sport, qui doit \u00eatre aussi du business et du spectacle. Avec l\u2019\u00e9quipe dirigeante, on veut que le volley cannois retrouve toute la place qu\u2019il m\u00e9rite \u00e0 Cannes ! \u00bb<\/p>\n<p>                                                                                Cr\u00e9er l\u2019\u00e9v\u00e8nement avec les matches \u00ab \u00e0 la maison \u00bb<\/p>\n<p class=\"fs-5 \">Une image de marque \u00e0 reconqu\u00e9rir, un d\u00e9fi comme elle les aime, apr\u00e8s une saison sportive calamiteuse chez les filles.<\/p>\n<p class=\"fs-5 \">\u00ab Les gar\u00e7ons ont bien march\u00e9, ils venaient de remonter et sont all\u00e9s jusqu\u2019aux play-off. En revanche, les filles ont fini avant-derni\u00e8re, c\u2019est un tr\u00e8s mauvais r\u00e9sultat, conc\u00e8de Victoria. Mais le choix \u00e9tait avant tout d\u2019\u00e9ponger les dettes pour que le club reste en vie. Cette ann\u00e9e, le recrutement est meilleur. L\u2019\u00e9quipe ne sera peut-\u00eatre pas championne mais on vise la 5e ou 6e place. L\u2019objectif fix\u00e9 par l\u2019investisseur [le businessman australien Craig Carracher] est d\u2019attendre la finale du championnat de France d\u2019ici trois ans, et de figurer parmi les meilleurs d\u2019Europe dans cinq ans. \u00bb En attendant, il s\u2019agit de faire venir des supporters au Palais.<\/p>\n<p class=\"fs-5 \">\u00ab C\u2019est pas facile, mais on a dix dates coupl\u00e9es hommes-femmes \u00e0 la maison cette saison, on va essayer de cr\u00e9er l\u2019\u00e9v\u00e8nement afin que le public assiste aux deux matches ! \u00bb Et pour cela, \u00e0 Victoria de jouer.<\/p>\n","protected":false},"excerpt":{"rendered":"Avec un pr\u00e9nom pareil et des parents sportifs, pas \u00e9tonnant que Victoria Ravva soit devenue cette immense championne,&hellip;\n","protected":false},"author":2,"featured_media":457885,"comment_status":"","ping_status":"","sticky":false,"template":"","format":"standard","meta":{"footnotes":""},"categories":[1417],"tags":[1011,27,60,1470,1469],"class_list":{"0":"post-457884","1":"post","2":"type-post","3":"status-publish","4":"format-standard","5":"has-post-thumbnail","7":"category-volley","8":"tag-fr","9":"tag-france","10":"tag-sports","11":"tag-volley","12":"tag-volleyball"},"share_on_mastodon":{"url":"https:\/\/pubeurope.com\/@fr\/115362288398665769","error":""},"_links":{"self":[{"href":"https:\/\/www.europesays.com\/fr\/wp-json\/wp\/v2\/posts\/457884","targetHints":{"allow":["GET"]}}],"collection":[{"href":"https:\/\/www.europesays.com\/fr\/wp-json\/wp\/v2\/posts"}],"about":[{"href":"https:\/\/www.europesays.com\/fr\/wp-json\/wp\/v2\/types\/post"}],"author":[{"embeddable":true,"href":"https:\/\/www.europesays.com\/fr\/wp-json\/wp\/v2\/users\/2"}],"replies":[{"embeddable":true,"href":"https:\/\/www.europesays.com\/fr\/wp-json\/wp\/v2\/comments?post=457884"}],"version-history":[{"count":0,"href":"https:\/\/www.europesays.com\/fr\/wp-json\/wp\/v2\/posts\/457884\/revisions"}],"wp:featuredmedia":[{"embeddable":true,"href":"https:\/\/www.europesays.com\/fr\/wp-json\/wp\/v2\/media\/457885"}],"wp:attachment":[{"href":"https:\/\/www.europesays.com\/fr\/wp-json\/wp\/v2\/media?parent=457884"}],"wp:term":[{"taxonomy":"category","embeddable":true,"href":"https:\/\/www.europesays.com\/fr\/wp-json\/wp\/v2\/categories?post=457884"},{"taxonomy":"post_tag","embeddable":true,"href":"https:\/\/www.europesays.com\/fr\/wp-json\/wp\/v2\/tags?post=457884"}],"curies":[{"name":"wp","href":"https:\/\/api.w.org\/{rel}","templated":true}]}}