{"id":457886,"date":"2025-10-12T17:06:10","date_gmt":"2025-10-12T17:06:10","guid":{"rendered":"https:\/\/www.europesays.com\/fr\/457886\/"},"modified":"2025-10-12T17:06:10","modified_gmt":"2025-10-12T17:06:10","slug":"top-14-jai-reduit-mon-salaire-de-50-jai-estime-que-je-preferais-gagner-des-titres-que-de-largent-cameron-woki-justifie-son-retour-a-lubb","status":"publish","type":"post","link":"https:\/\/www.europesays.com\/fr\/457886\/","title":{"rendered":"Top 14 \u2013 \u00ab\u00a0J\u2019ai r\u00e9duit mon salaire de 50\u00a0%, j\u2019ai estim\u00e9 que je pr\u00e9f\u00e9rais gagner des titres que de l\u2019argent\u00a0\u00bb : Cameron Woki justifie son retour \u00e0 l&rsquo;UBB"},"content":{"rendered":"<p>\n                Apr\u00e8s trois saisons pass\u00e9es sous les couleurs du Racing 92, Cameron Woki a fait son retour \u00e0 l\u2019UBB cet \u00e9t\u00e9. L\u2019international fran\u00e7ais est revenu sur ce transfert pour Canal +.\n            <\/p>\n<p>Ce dimanche soir, Cameron Woki portera sur les \u00e9paules le maillot floqu\u00e9 du num\u00e9ro huit face au Stade toulousain. Le troisi\u00e8me ou deuxi\u00e8me ligne va disputer son sixi\u00e8me match de la saison avec l\u2019UBB, qu\u2019il a retrouv\u00e9e cet \u00e9t\u00e9. Lors d\u2019un reportage r\u00e9alise par Canal + (\u00ab\u00a0Briller plus fort\u00a0\u00bb), l\u2019international fran\u00e7ais (33 s\u00e9lections) est revenu sur cette signature. L\u2019ancien joueur de Massy a expliqu\u00e9 que ce retour avait \u00e9t\u00e9 motiv\u00e9\u00a0par son envie de faire gonfler son palmar\u00e8s\u00a0: \u00ab\u00a0J\u2019ai r\u00e9duit mon salaire de 50\u00a0% parce que j\u2019estimais qu\u2019aujourd\u2019hui, \u00e0 26 ans, je pr\u00e9f\u00e9rais gagner des titres que gagner de l\u2019argent. Je veux gagner un titre de champion de France avec Bordeaux.\u00a0\u00bb<\/p>\n<p>Matthieu Jalibert, son \u00ab\u00a0fr\u00e8re\u00a0\u00bb<\/p>\n<p>En Gironde, Woki a retrouv\u00e9 une personne dont il est tr\u00e8s proche\u00a0: Matthieu Jalibert. \u00ab\u00a0Matthieu, pour moi, c\u2019est\u00a0mon fr\u00e8re, j\u2019avais cette envie de rejouer avec lui. On est toujours fourr\u00e9s ensemble\u00a0\u00bb, explique l\u2019Unioniste.<\/p>\n<p>Face au Stade toulousain, Cameron Woki devra \u00e9voluer sans Jalibert puisque le demi d\u2019ouverture n\u2019a pas fait le d\u00e9placement en Haute-Garonne, tout comme Louis Bielle-Biarrey. Avec cette rencontre, les deux \u00e9quipes comptent le m\u00eame nombre de points en championnat (14). Le vainqueur terminera ce sixi\u00e8me \u00e9pisode de la saison dans les six premi\u00e8res places.<\/p>\n","protected":false},"excerpt":{"rendered":"Apr\u00e8s trois saisons pass\u00e9es sous les couleurs du Racing 92, Cameron Woki a fait son retour \u00e0 l\u2019UBB&hellip;\n","protected":false},"author":2,"featured_media":457887,"comment_status":"","ping_status":"","sticky":false,"template":"","format":"standard","meta":{"footnotes":""},"categories":[1416],"tags":[1011,27,479,1468,60],"class_list":{"0":"post-457886","1":"post","2":"type-post","3":"status-publish","4":"format-standard","5":"has-post-thumbnail","7":"category-rugby","8":"tag-fr","9":"tag-france","10":"tag-rugby","11":"tag-rugby-football","12":"tag-sports"},"share_on_mastodon":{"url":"https:\/\/pubeurope.com\/@fr\/115362292344170199","error":""},"_links":{"self":[{"href":"https:\/\/www.europesays.com\/fr\/wp-json\/wp\/v2\/posts\/457886","targetHints":{"allow":["GET"]}}],"collection":[{"href":"https:\/\/www.europesays.com\/fr\/wp-json\/wp\/v2\/posts"}],"about":[{"href":"https:\/\/www.europesays.com\/fr\/wp-json\/wp\/v2\/types\/post"}],"author":[{"embeddable":true,"href":"https:\/\/www.europesays.com\/fr\/wp-json\/wp\/v2\/users\/2"}],"replies":[{"embeddable":true,"href":"https:\/\/www.europesays.com\/fr\/wp-json\/wp\/v2\/comments?post=457886"}],"version-history":[{"count":0,"href":"https:\/\/www.europesays.com\/fr\/wp-json\/wp\/v2\/posts\/457886\/revisions"}],"wp:featuredmedia":[{"embeddable":true,"href":"https:\/\/www.europesays.com\/fr\/wp-json\/wp\/v2\/media\/457887"}],"wp:attachment":[{"href":"https:\/\/www.europesays.com\/fr\/wp-json\/wp\/v2\/media?parent=457886"}],"wp:term":[{"taxonomy":"category","embeddable":true,"href":"https:\/\/www.europesays.com\/fr\/wp-json\/wp\/v2\/categories?post=457886"},{"taxonomy":"post_tag","embeddable":true,"href":"https:\/\/www.europesays.com\/fr\/wp-json\/wp\/v2\/tags?post=457886"}],"curies":[{"name":"wp","href":"https:\/\/api.w.org\/{rel}","templated":true}]}}