{"id":457893,"date":"2025-10-12T17:11:09","date_gmt":"2025-10-12T17:11:09","guid":{"rendered":"https:\/\/www.europesays.com\/fr\/457893\/"},"modified":"2025-10-12T17:11:09","modified_gmt":"2025-10-12T17:11:09","slug":"au-lendemain-de-sa-victoire-sur-le-tour-de-lombardie-tadej-pogacar-battu-par-un-amateur-chez-lui-lors-du-pogi-challenge-en-slovenie-lequipe","status":"publish","type":"post","link":"https:\/\/www.europesays.com\/fr\/457893\/","title":{"rendered":"Au lendemain de sa victoire sur le Tour de Lombardie, Tadej Pogacar \u00ab battu \u00bb par un amateur, chez lui, lors du \u00ab Pogi Challenge \u00bb en Slov\u00e9nie &#8211; L&#039;\u00c9quipe"},"content":{"rendered":"<ol>\n<li><a href=\"https:\/\/news.google.com\/rss\/articles\/CBMinAJBVV95cUxQZDFLbFVoMlJzU0kzd0MyR1loVmRRcWMyQktrcHpyczBRMWxoODVya3g4UnFVeFVOQkd6OTM0WEtQYXZ6MVhQTllaYlZ1Q2pBUENORS00aWJyeVRHZkM3V3p0dDZRMDNzVFdqWmZISk9VM0ItNlNQWkgxWFU5aFBPNW9HaERsR1dKRVVPb0FsaGNnRjJBbVljZ0hhOElYc0E1UEpaR2g4bnBMUnJnTDNJWEVMLW9WNFVERnFSWVBUS05WdE8zUXNua19XQjAtLW42YUlETWlBRl94ZkdOa3hBb2VibGxady1JdFk2REQtNmRKWWlvZHljLTNxN1ZDTW1TcGFNNUIybGV6T0t4WnhIcjVZSmo1b3ZvRlpKMQ?oc=5\" target=\"_blank\" rel=\"nofollow noopener\">Au lendemain de sa victoire sur le Tour de Lombardie, Tadej Pogacar \u00ab battu \u00bb par un amateur, chez lui, lors du \u00ab Pogi Challenge \u00bb en Slov\u00e9nie<\/a>&nbsp;&nbsp;L&rsquo;\u00c9quipe<\/li>\n<li><a href=\"https:\/\/news.google.com\/rss\/articles\/CBMi_gFBVV95cUxOOW5lSGt3ZWVvU29wMXFnMnpYMG1PNFROTm1rWWRsQmdyeHhJX0htV3J2Q0k0ZS1KODFHLTRyRkFxaHZwaUtfMDFSY213eG9Vb0F1SDAzSUtnX3lEeTNpV1V3eUhuUm5TcE9oYV96bUZsSGIxeTk1c1hHLWdDZERWRU5mdFdNVUZPWFJPMkQtUWZkcDhabHBqQWcyTW9JeVRoUXhaa2JBV2xNdXQ0TmNGRFRTTmNYVlh5aWRVYnQxME1vNDZoTERoWERfazdRZ0NpY1VBRmlyMWVRNjJRa2F0R2htMENEbDN0X2lpS25MUzg2NHFYa1daVDVVOXp1UQ?oc=5\" target=\"_blank\" rel=\"nofollow noopener\">Cyclisme. Tadej Pogacar devanc\u00e9 par un coureur amateur sur le \u00ab Pogi Challenge \u00bb<\/a>&nbsp;&nbsp;Ouest-France<\/li>\n<li><a href=\"https:\/\/news.google.com\/rss\/articles\/CBMi3AFBVV95cUxQakZwVFl2YW51bm0zSHgyV2VnVy1scURiZERVQVRwNEVwd0lsbFdYelpBU2ZoT1k3VE9NcFc2dENJVWR3X01CNmVXM2xDZmtPNlFtSm5QQWhLTE1Qc1pSYUd1U05FUUMwQ1JiNEQxRDREcFFBZ3VzZDI4WGMwOGJpOHF5RmZnNkpXczF3bzJ2YnVmLVVSVW5BeWVNcTktczNUZTRrTTFzWXZSV0lpcG14eG9xTVlucUZqa0JYVDFkQkkwT3VpYkVDaWZDMGdWTUxiZFV5Z1JiV2ZvejRX?oc=5\" target=\"_blank\" rel=\"nofollow noopener\">Tadej Pogacar remporte le Tour de Lombardie, Julian Alaphilippe en bon \u00e9quipier<\/a>&nbsp;&nbsp;La Montagne<\/li>\n<li><a href=\"https:\/\/news.google.com\/rss\/articles\/CBMi9AFBVV95cUxOVGRjNlFrcndidmhxT2x2dzNlbWZWM2FsdElHZkFmQWxqaWRXdS1WZ3g5ajFFQ185d1BOVlRidm5zTVRVMzhEek1Ba08tNzRaQy1QNUNVeklBSnN1TG0td0VzZFYyWDF0cFd3VkRMRnRwMTVQUGdTdmVRdkt2aDR3VEJkdGRjMTJWcUVMNDhZUnBIdUxCS2lKNUFKNnlRWUg0M1NhLUF3cmdKa1prRG8tRUVoNmVTWmpSMUc4MGlGdzZiNHRBcFhhZnFVTDBMWkVmVE9ydEVqb0JheVBtaWVGZDVRN01vWkxiZW0zZHhSSDgySXR3?oc=5\" target=\"_blank\" rel=\"nofollow noopener\">RECIT. Le Tour de France, trois Monuments, les Mondiaux&#8230; L&rsquo;ann\u00e9e 2025 mill\u00e9sim\u00e9e de Tadej Pogacar<\/a>&nbsp;&nbsp;France Info<\/li>\n<li><a href=\"https:\/\/news.google.com\/rss\/articles\/CBMiiwJBVV95cUxNZGZudi00Y2tOaUpMdlJ6Z2tZOV9WWHFfRHFOMXIzNzN1T1JMNXo1Q2hBQ3N5N3d1bE13OTBoMWdBVml4U2Rwek9OWWZUcDJTWGpfV1JZT3JyWWN2aFRyUVczVFdMVVVIZFZ5dklJS3luS0lRTlVrYWpNR1RhcWp0VlpBeVpwdnNuSU5LVEVHakZCTTRFS3NfMWstRnhpYUJsVG1PQW9pQ1FJa0Rld3BTT2lyTzhfQ2VMdjVHV1Z4NVhFMjNZYWdFek9iTE9VR2tSX0syX2NjSTJibUI1RW1ZekQzQnduRm02V2I3dTZMNTNTb19lclhObVE4UFdNOUJ4Q2dlMlV1OTFPSkU?oc=5\" target=\"_blank\" rel=\"nofollow noopener\">En Slov\u00e9nie, Pogacar a l\u2019aura d\u2019une rock star et une course \u00e0 sa gloire : \u00ab Le pays est si fier de lui<\/a>&nbsp;&nbsp;Le Parisien<\/li>\n<\/ol>\n","protected":false},"excerpt":{"rendered":"Au lendemain de sa victoire sur le Tour de Lombardie, Tadej Pogacar \u00ab battu \u00bb par un amateur,&hellip;\n","protected":false},"author":2,"featured_media":457894,"comment_status":"","ping_status":"","sticky":false,"template":"","format":"standard","meta":{"footnotes":""},"categories":[1411],"tags":[1154,207,1011,27,60],"class_list":{"0":"post-457893","1":"post","2":"type-post","3":"status-publish","4":"format-standard","5":"has-post-thumbnail","7":"category-cyclisme","8":"tag-cycling","9":"tag-cyclisme","10":"tag-fr","11":"tag-france","12":"tag-sports"},"share_on_mastodon":{"url":"https:\/\/pubeurope.com\/@fr\/115362311954368705","error":""},"_links":{"self":[{"href":"https:\/\/www.europesays.com\/fr\/wp-json\/wp\/v2\/posts\/457893","targetHints":{"allow":["GET"]}}],"collection":[{"href":"https:\/\/www.europesays.com\/fr\/wp-json\/wp\/v2\/posts"}],"about":[{"href":"https:\/\/www.europesays.com\/fr\/wp-json\/wp\/v2\/types\/post"}],"author":[{"embeddable":true,"href":"https:\/\/www.europesays.com\/fr\/wp-json\/wp\/v2\/users\/2"}],"replies":[{"embeddable":true,"href":"https:\/\/www.europesays.com\/fr\/wp-json\/wp\/v2\/comments?post=457893"}],"version-history":[{"count":0,"href":"https:\/\/www.europesays.com\/fr\/wp-json\/wp\/v2\/posts\/457893\/revisions"}],"wp:featuredmedia":[{"embeddable":true,"href":"https:\/\/www.europesays.com\/fr\/wp-json\/wp\/v2\/media\/457894"}],"wp:attachment":[{"href":"https:\/\/www.europesays.com\/fr\/wp-json\/wp\/v2\/media?parent=457893"}],"wp:term":[{"taxonomy":"category","embeddable":true,"href":"https:\/\/www.europesays.com\/fr\/wp-json\/wp\/v2\/categories?post=457893"},{"taxonomy":"post_tag","embeddable":true,"href":"https:\/\/www.europesays.com\/fr\/wp-json\/wp\/v2\/tags?post=457893"}],"curies":[{"name":"wp","href":"https:\/\/api.w.org\/{rel}","templated":true}]}}