{"id":457895,"date":"2025-10-12T17:12:15","date_gmt":"2025-10-12T17:12:15","guid":{"rendered":"https:\/\/www.europesays.com\/fr\/457895\/"},"modified":"2025-10-12T17:12:15","modified_gmt":"2025-10-12T17:12:15","slug":"ce-prodige-affole-la-premier-league-encore-une-enorme-vente-en-vue","status":"publish","type":"post","link":"https:\/\/www.europesays.com\/fr\/457895\/","title":{"rendered":"Ce prodige affole la Premier League, encore une \u00e9norme vente en vue"},"content":{"rendered":"<p><b>Le FC Nantes sait que cette saison de Ligue 1 sera difficile \u00e0 g\u00e9rer. Mais les Canaris peuvent n\u00e9anmoins se f\u00e9liciter de l&rsquo;\u00e9closion de certains de leurs joueurs au plus haut niveau.\u00a0<\/b><\/p>\n<p>Le FC <a href=\"https:\/\/www.foot01.com\/nantes\/une-pepite-francaise-booste-lattaque-de-nantes\" target=\"_self\" rel=\"nofollow noopener\">Nantes<\/a> esp\u00e8re sauver sa peau le plus rapidement possible en Ligue 1 cette saison. La mission sera dure mais les Canaris ont de bonnes raisons de penser qu&rsquo;ils pourront le faire. Certains joueurs nantais affichent un niveau plus que satisfaisant. C&rsquo;est notamment le cas de Tylel Tati. Le d\u00e9fenseur du FC Nantes ne manque d&rsquo;ailleurs pas de courtisans sur le march\u00e9 des transferts. Il pourrait finir par ramener un tr\u00e8s joli ch\u00e8que aux dirigeants nantais. R\u00e9cemment, le Bar\u00e7a s&rsquo;est positionn\u00e9 sur Tati. Mais les Catalans sont tr\u00e8s loin d&rsquo;\u00eatre les seuls \u00e0 appr\u00e9cier le profil du natif de\u00a0Champigny-sur-Marne.\u00a0Tati fait tourner des t\u00eates en Angleterre\u00a0<\/p>\n<p>Selon les informations de Caught Offside, Tati affole en effet la Premier League.\u00a0Arsenal, Tottenham, Liverpool, Manchester United, Brighton, Brentford et Aston Villa l&rsquo;ont d&rsquo;ailleurs tous supervis\u00e9 ces derni\u00e8res semaines. Sa polyvalence est l&rsquo;un de ses atouts majeurs pour tous ces clubs cit\u00e9s. Arsenal et Manchester United seraient les deux clubs les plus avanc\u00e9s pour signer le joueur du FC Nantes. A seulement 17 ans, Tati ne devra pas se faire trop d\u00e9stabiliser par ces rumeurs \u00e0 son sujet. Mais il aura l&#8217;embarras du choix dans quelque temps pour continuer sa carri\u00e8re au plus haut niveau. Une bonne nouvelle pour son club et pour lui-m\u00eame.\u00a0<\/p>\n<p>Cette saison avec les Canaris, Tylel Tati a pris part \u00e0 6 matchs de Ligue 1. Malheureusement pour lui, il doit composer avec une blessure aux adducteurs. Au sortir de la tr\u00eave internationale, les pensionnaires de La Beaujoire recevront le LOSC. Du lourd au menu pour des Nantais 15es du championnat apr\u00e8s 7 journ\u00e9es disput\u00e9es.\u00a0<\/p>\n","protected":false},"excerpt":{"rendered":"Le FC Nantes sait que cette saison de Ligue 1 sera difficile \u00e0 g\u00e9rer. Mais les Canaris peuvent&hellip;\n","protected":false},"author":2,"featured_media":457896,"comment_status":"","ping_status":"","sticky":false,"template":"","format":"standard","meta":{"footnotes":""},"categories":[1410],"tags":[63,1011,27,60],"class_list":{"0":"post-457895","1":"post","2":"type-post","3":"status-publish","4":"format-standard","5":"has-post-thumbnail","7":"category-football","8":"tag-football","9":"tag-fr","10":"tag-france","11":"tag-sports"},"share_on_mastodon":{"url":"https:\/\/pubeurope.com\/@fr\/115362315976052169","error":""},"_links":{"self":[{"href":"https:\/\/www.europesays.com\/fr\/wp-json\/wp\/v2\/posts\/457895","targetHints":{"allow":["GET"]}}],"collection":[{"href":"https:\/\/www.europesays.com\/fr\/wp-json\/wp\/v2\/posts"}],"about":[{"href":"https:\/\/www.europesays.com\/fr\/wp-json\/wp\/v2\/types\/post"}],"author":[{"embeddable":true,"href":"https:\/\/www.europesays.com\/fr\/wp-json\/wp\/v2\/users\/2"}],"replies":[{"embeddable":true,"href":"https:\/\/www.europesays.com\/fr\/wp-json\/wp\/v2\/comments?post=457895"}],"version-history":[{"count":0,"href":"https:\/\/www.europesays.com\/fr\/wp-json\/wp\/v2\/posts\/457895\/revisions"}],"wp:featuredmedia":[{"embeddable":true,"href":"https:\/\/www.europesays.com\/fr\/wp-json\/wp\/v2\/media\/457896"}],"wp:attachment":[{"href":"https:\/\/www.europesays.com\/fr\/wp-json\/wp\/v2\/media?parent=457895"}],"wp:term":[{"taxonomy":"category","embeddable":true,"href":"https:\/\/www.europesays.com\/fr\/wp-json\/wp\/v2\/categories?post=457895"},{"taxonomy":"post_tag","embeddable":true,"href":"https:\/\/www.europesays.com\/fr\/wp-json\/wp\/v2\/tags?post=457895"}],"curies":[{"name":"wp","href":"https:\/\/api.w.org\/{rel}","templated":true}]}}