{"id":457905,"date":"2025-10-12T17:17:11","date_gmt":"2025-10-12T17:17:11","guid":{"rendered":"https:\/\/www.europesays.com\/fr\/457905\/"},"modified":"2025-10-12T17:17:11","modified_gmt":"2025-10-12T17:17:11","slug":"aujourdhui-ce-qui-me-peine-un-peu-exclu","status":"publish","type":"post","link":"https:\/\/www.europesays.com\/fr\/457905\/","title":{"rendered":"\u00ab\u00a0Aujourd&rsquo;hui, ce qui me peine un peu&#8230;\u00a0\u00bb (Exclu)"},"content":{"rendered":"<p>\n                De retour dans la 20e saison de \u00ab\u00a0Incroyable Talent\u00a0\u00bb, sur M6, la chanteuse H\u00e9l\u00e8ne S\u00e9gara nous a fait des confidences sur l&rsquo;\u00e9mission, sa carri\u00e8re et ses projets. Interview.            <\/p>\n<p>Le retour de La France a un Incroyable Talent aura lieu le 14\u00a0octobre, sur M6. Les quatre jur\u00e9s embl\u00e9matiques &#8211;\u00a0\u00c9ric Antoine, Sugar Sammy, Marianne James et <a href=\"https:\/\/www.journaldesfemmes.fr\/people\/personnalites\/2857015-helene-segara-vie-privee-compagnon-maladie-sante-biographie\/\" title=\"H\u00e9l\u00e8ne Rizzo\" rel=\"nofollow noopener\" target=\"_blank\">H\u00e9l\u00e8ne S\u00e9gara<\/a> &#8211;\u00a0seront de nouveau r\u00e9unis et, \u00e0\u00a0cette occasion, l&rsquo;interpr\u00e8te du tube\u00a0Il y a trop de gens qui t&rsquo;aiment nous a partag\u00e9 ses impressions sur cette nouvelle saison. Mais elle a aussi multipli\u00e9 les confidences.<\/p>\n<p>Dix ans\u00a0que vous \u00eates jur\u00e9e\u00a0dans \u00ab\u00a0Incroyable Talent\u00a0\u00bb, est-ce que vous ressentez une lassitude ?\u00a0<\/p>\n<p>Alors vraiment non. Je pense qu&rsquo;aujourd&rsquo;hui, si on me proposait de signer pour dix autres saisons, je dirais\u00a0: &lsquo;Je signe.&rsquo; Mais par contre, la seule r\u00e9serve que j&rsquo;aurais, c&rsquo;est de me dire\u00a0: &lsquo;J&rsquo;esp\u00e8re que l&rsquo;\u00e9mission ne changera pas.&rsquo; Elle a un ADN qui reste bienveillant, familial, et \u00e0 la fois pointu\u00a0parce que je trouve que\u00a0les artistes se challengent de plus en plus pour nous offrir des nouvelles choses. Et je trouve que le niveau monte \u00e0 chaque fois.<\/p>\n<p>Comment vous abordez votre r\u00f4le dans l&rsquo;\u00e9mission ?<\/p>\n<p>Dans La\u00a0France a un Incroyable talent,\u00a0je refuse de savoir quoi que ce soit ! Je ne veux rien voir, je ne veux rien savoir avant. Je veux arriver compl\u00e8tement neutre pour avoir ma spontan\u00e9it\u00e9. Je ne pr\u00e9pare rien, rien de rien.\u00a0Dans cette saison, il y a des surprises auxquelles\u00a0je n&rsquo;\u00e9tais absolument pas au courant. Il y a un prank\u00a0qu&rsquo;ils ont fait avec \u00c9ric Antoine [qui nous a \u00e9galement accord\u00e9 une interview, ndlr], j&rsquo;ai plong\u00e9 dedans\u2026<\/p>\n<p>Apr\u00e8s, j&rsquo;en ai voulu \u00e0 \u00c9ric\u00a0! Je lui ai dit\u00a0: &lsquo;Tu me fais passer pour une idiote quand m\u00eame.&rsquo; Mais tant pis, c&rsquo;est ce qui fait, je pense, qu&rsquo;il reste un c\u00f4t\u00e9 vrai et authentique dans cette \u00e9mission.\u00a0<\/p>\n<p>Votre camarade Eric Antoine est devenu animateur. Vous aimeriez animer un programme, peut-\u00eatre musical\u00a0?<\/p>\n<p>Pas forc\u00e9ment de la musique. Apr\u00e8s, bien s\u00fbr que s&rsquo;il y avait une touche musicale, \u00e7a me plairait. Mais j&rsquo;aimerais surtout avoir une \u00e9mission o\u00f9 je peux aider les gens \u00e0 rester positifs et \u00e0 reprendre confiance en eux. Et surtout, \u00e0 leur r\u00e9p\u00e9ter que les valeurs positives et les valeurs de gentillesse ne sont pas encore \u00e0 jeter \u00e0 la poubelle&#8230;\u00a0<\/p>\n<p>Dans une toute autre cat\u00e9gorie, ma passion, c&rsquo;est la cuisine [elle a d&rsquo;ailleurs publi\u00e9 le livre Mes recettes 100\u00a0% plaisir et bien-\u00eatre en 2018, ndlr]. En dehors de la musique, je suis passionn\u00e9e de cuisine parce que j&rsquo;estime qu&rsquo;une table avec un bon repas, \u00e7a r\u00e9unit tout le monde.\u00a0J&rsquo;ai toujours cuisin\u00e9 pour mes enfants. La cuisine, \u00e7a a toujours \u00e9t\u00e9 ma fa\u00e7on d&rsquo;aimer.\u00a0Avant le Covid, on m&rsquo;avait contact\u00e9, on m&rsquo;avait propos\u00e9 de faire une \u00e9mission de cuisine et j&rsquo;avais plein d&rsquo;id\u00e9es parce que justement j&rsquo;ai appris \u00e0 faire de la cuisine du monde. Je peux faire du wok, comme un plat oriental ou de la cuisine italienne. Mais malheureusement apr\u00e8s le Covid, la cha\u00eene a d\u00e9pos\u00e9 le bilan donc \u00e7a n&rsquo;a pas \u00e9t\u00e9 fait.\u00a0Mais oui, je me verrais tr\u00e8s bien animer\u00a0une \u00e9mission.<\/p>\n<p>Quel regard\u00a0portez-vous sur le monde de la musique aujourd&rsquo;hui ?<\/p>\n<p>Je trouve que c&rsquo;est extr\u00eamement dur aujourd&rsquo;hui. On a \u00e9norm\u00e9ment de plateformes pour se faire conna\u00eetre et en m\u00eame temps, on est noy\u00e9 dans la masse&#8230;\u00a0Parfois, il y a des gens qui \u00e9mergent qui n&rsquo;ont pas \u00e9tudi\u00e9 la musique et pourtant c&rsquo;est inn\u00e9 en eux. Ils ont quelque chose en eux et il n&rsquo;aurait pas fallu que l&rsquo;on passe\u00a0\u00e0 c\u00f4t\u00e9.<\/p>\n<p>Mais aujourd&rsquo;hui, ce qui me peine un peu\u2026 C&rsquo;est que parfois, les opportunistes obtiennent plus de choses que les humbles et les talentueux. Moi, j&rsquo;ai envie de dire aux humbles et aux talentueux que je me situe dans cette cat\u00e9gorie et que finalement, c&rsquo;est peut-\u00eatre pour \u00e7a que je suis l\u00e0 toujours 30\u00a0ans apr\u00e8s parce que je suis rest\u00e9e sinc\u00e8re et que je n&rsquo;ai pas vendu mon \u00e2me au diable, tout simplement.\u00a0<\/p>\n<p>Vous avez des chouchous dans la nouvelle g\u00e9n\u00e9ration ?<\/p>\n<p>Je pr\u00e9pare mes 30\u00a0ans de carri\u00e8re. Je pr\u00e9pare un album et l&rsquo;ann\u00e9e derni\u00e8re, j&rsquo;ai \u00e9t\u00e9 contact\u00e9e par un rappeur qui s&rsquo;appelle Dinos et que je ne connaissais absolument pas. \u00c7a a \u00e9t\u00e9 un vrai coup de c\u0153ur parce que c&rsquo;est un gar\u00e7on extr\u00eamement solaire, extr\u00eamement gentil. Moi, j&rsquo;ai ce d\u00e9faut de m\u00e9langer les deux, c&rsquo;est-\u00e0-dire que je peux \u00eatre en admiration artistiquement pour quelqu&rsquo;un et si en coulisses, je vois un truc qui n&rsquo;est pas beau, \u00e7a baisse un peu mon appr\u00e9ciation pour l&rsquo;artiste. Je vais avoir plus de mal \u00e0 \u00e9couter sa musique apr\u00e8s. \u00c7a m&rsquo;est arriv\u00e9 avec un artiste que j&rsquo;admirais et c&rsquo;est extr\u00eamement compliqu\u00e9.\n<\/p>\n<p>Par contre, inversement, si j&rsquo;ai un artiste que je n&rsquo;ai pas encore d\u00e9couvert \u00e0 1000% et que, justement, je trouve que la personne est formidable, alors l\u00e0, je vais m&rsquo;attacher \u00e0 tout ce qu&rsquo;il fait et essayer de comprendre sa d\u00e9marche, y compris si c&rsquo;est du rap.\u00a0<\/p>\n","protected":false},"excerpt":{"rendered":"De retour dans la 20e saison de \u00ab\u00a0Incroyable Talent\u00a0\u00bb, sur M6, la chanteuse H\u00e9l\u00e8ne S\u00e9gara nous a fait&hellip;\n","protected":false},"author":2,"featured_media":457906,"comment_status":"","ping_status":"","sticky":false,"template":"","format":"standard","meta":{"footnotes":""},"categories":[1355],"tags":[3723,58290,51761,58,59,51763,1011,27,38075,51766,1361,873,51767],"class_list":{"0":"post-457905","1":"post","2":"type-post","3":"status-publish","4":"format-standard","5":"has-post-thumbnail","7":"category-musique","8":"tag-actus","9":"tag-cms-journaldesfemmes-3242656","10":"tag-controller-content","11":"tag-divertissement","12":"tag-entertainment","13":"tag-format-papier","14":"tag-fr","15":"tag-france","16":"tag-helene-segara","17":"tag-les-histoires-du-jdf","18":"tag-music","19":"tag-musique","20":"tag-parallaxeinfeed"},"share_on_mastodon":{"url":"https:\/\/pubeurope.com\/@fr\/115362335611610160","error":""},"_links":{"self":[{"href":"https:\/\/www.europesays.com\/fr\/wp-json\/wp\/v2\/posts\/457905","targetHints":{"allow":["GET"]}}],"collection":[{"href":"https:\/\/www.europesays.com\/fr\/wp-json\/wp\/v2\/posts"}],"about":[{"href":"https:\/\/www.europesays.com\/fr\/wp-json\/wp\/v2\/types\/post"}],"author":[{"embeddable":true,"href":"https:\/\/www.europesays.com\/fr\/wp-json\/wp\/v2\/users\/2"}],"replies":[{"embeddable":true,"href":"https:\/\/www.europesays.com\/fr\/wp-json\/wp\/v2\/comments?post=457905"}],"version-history":[{"count":0,"href":"https:\/\/www.europesays.com\/fr\/wp-json\/wp\/v2\/posts\/457905\/revisions"}],"wp:featuredmedia":[{"embeddable":true,"href":"https:\/\/www.europesays.com\/fr\/wp-json\/wp\/v2\/media\/457906"}],"wp:attachment":[{"href":"https:\/\/www.europesays.com\/fr\/wp-json\/wp\/v2\/media?parent=457905"}],"wp:term":[{"taxonomy":"category","embeddable":true,"href":"https:\/\/www.europesays.com\/fr\/wp-json\/wp\/v2\/categories?post=457905"},{"taxonomy":"post_tag","embeddable":true,"href":"https:\/\/www.europesays.com\/fr\/wp-json\/wp\/v2\/tags?post=457905"}],"curies":[{"name":"wp","href":"https:\/\/api.w.org\/{rel}","templated":true}]}}