{"id":457911,"date":"2025-10-12T17:20:12","date_gmt":"2025-10-12T17:20:12","guid":{"rendered":"https:\/\/www.europesays.com\/fr\/457911\/"},"modified":"2025-10-12T17:20:12","modified_gmt":"2025-10-12T17:20:12","slug":"matteo-trentin-frustre-les-francais-sur-paris-tours-arnaud-demare-finit-65%e1%b5%89-pour-la-derniere-course-de-sa-carriere","status":"publish","type":"post","link":"https:\/\/www.europesays.com\/fr\/457911\/","title":{"rendered":"Matteo Trentin frustre les Fran\u00e7ais sur Paris-Tours, Arnaud D\u00e9mare finit 65\u1d49 pour la derni\u00e8re course de sa carri\u00e8re"},"content":{"rendered":"<p>                          <img loading=\"lazy\" decoding=\"async\" src=\"https:\/\/www.europesays.com\/fr\/wp-content\/uploads\/2025\/10\/1af896f_ftp-import-images-1-gfyszn74q7mi-5147045-01-06.jpg\" alt=\"Matteo Trentin s\u2019impose au sprint devant Christophe Laporte \u00e0 l\u2019issue de la course Paris-Tours, le 12\u00a0octobre 2025.\"   width=\"664\" height=\"443\"\/>    Matteo Trentin s\u2019impose au sprint devant Christophe Laporte \u00e0 l\u2019issue de la course Paris-Tours, le 12\u00a0octobre 2025.  GUILLAUME SOUVANT \/ AFP                          <\/p>\n<p class=\"article__paragraph  \">Vainqueur \u00e0 deux reprises de Paris-Tours dans sa carri\u00e8re, en\u00a02015\u00a0et 2017, Matteo Trentin avait dompt\u00e9 l\u2019ancienne mouture de la classique fran\u00e7aise. Depuis 2018\u00a0et l\u2019introduction des chemins de vigne, plusieurs secteurs caillouteux dispers\u00e9s en fin de parcours, l\u2019Italien de l\u2019\u00e9quipe Tudor n\u2019avait plus r\u00e9ussi \u00e0 s\u2019y imposer malgr\u00e9 trois nouvelles participations. Dix ans et un jour apr\u00e8s son premier succ\u00e8s dans l\u2019Indre-et-Loire, il y est finalement parvenu, dimanche 12\u00a0octobre, en s\u2019imposant au sprint dans le final devant Christophe Laporte (2\u1d49, Visma Lease-a-bike) et Albert Philipsen (3\u1d49, Lidl-Trek).<\/p>\n<p>                                            Lire aussi |  <a href=\"https:\/\/www.lemonde.fr\/sport\/article\/2025\/10\/11\/tadej-pogacar-remporte-un-cinquieme-tour-de-lombardie-d-affilee-ultime-maillon-de-son-exceptionnelle-saison-de-classiques_6645778_3242.html\" class=\"js-article-read-also catcher--favoris__link\" data-premium=\"\" id=\"article-title-3441918\" rel=\"nofollow noopener\" target=\"_blank\">Tadej Pogacar remporte un cinqui\u00e8me Tour de Lombardie d\u2019affil\u00e9e, ultime maillon de son exceptionnelle saison de classiques<\/a>    <\/p>\n<p>   Lire plus tard  <\/p>\n<p class=\"article__paragraph  \">\u00ab\u00a0C\u2019est une course totalement diff\u00e9rente de celle que j\u2019ai gagn\u00e9e il y a dix ans. Maintenant, j\u2019ai remport\u00e9 les deux versions\u00a0\u00bb, a r\u00e9agi, amus\u00e9, le coureur de 36\u00a0ans, au terme de cette 119\u1d49\u00a0\u00e9dition de Paris-Tours, longue de 211\u00a0kilom\u00e8tres au d\u00e9part de Chartres. Matteo Trentin, champion d\u2019Europe 2018\u00a0et vainqueur de trois \u00e9tapes sur le Tour de France, n\u2019\u00e9tait pourtant pas bien parti pour s\u2019imposer, car Paul Lapeira (4\u1d49, Decathlon-AG2R La Mondiale) et Thibaud Gruel (5\u1d49, Groupama-FDJ) semblaient filer vers un duel pour la victoire.<\/p>\n<p class=\"article__paragraph  \">Les deux Fran\u00e7ais avaient attaqu\u00e9 \u00e0 36\u00a0kilom\u00e8tres de l\u2019arriv\u00e9e et, malgr\u00e9 une dizaine de secondes d\u2019avance, ont temporis\u00e9 \u00e0 la flamme rouge. Une erreur d\u2019appr\u00e9ciation et une aubaine pour le groupe de quatre poursuivants, dont faisait partie Matteo Trentin. \u00ab\u00a0On savait qu\u2019ils pouvaient se regarder et c\u2019est ce qui s\u2019est pass\u00e9. On est revenu dans le dernier virage et j\u2019ai ensuite pu lancer mon sprint\u00a0\u00bb, a expliqu\u00e9 l\u2019Italien, qui devient le cinqui\u00e8me coureur \u00e0 remporter trois fois la \u00ab\u00a0classique des feuilles mortes\u00a0\u00bb, record \u00e9gal\u00e9.<\/p>\n<p>                    Arnaud D\u00e9mare salu\u00e9 par le peloton et le public                    <\/p>\n<p class=\"article__paragraph  \">Plus proche de la fin que du d\u00e9but de sa carri\u00e8re, Matteo Trentin n\u2019a pas encore pr\u00e9vu de prendre sa retraite. \u00ab\u00a0Je me sens encore jeune\u00a0\u00bb, a-t-il assur\u00e9, \u00e0 trois jours de disputer sa derni\u00e8re course de la saison lors du Tour de V\u00e9n\u00e9tie. De deux ans son cadet, Arnaud D\u00e9mare (Ark\u00e9a-B &amp;\u00a0B Hotels) avait, lui, annonc\u00e9 la fin de sa carri\u00e8re \u00e0 l\u2019issue de ce Paris-Tours, course qu\u2019il avait remport\u00e9e en\u00a02021\u00a0et 2022.<\/p>\n<p>                                       Lire aussi |  <a href=\"https:\/\/www.lemonde.fr\/sport\/article\/2025\/10\/09\/arnaud-demare-le-cycliste-francais-aux-97-victoires-prend-sa-retraite_6645487_3242.html\" class=\"js-article-read-also catcher--favoris__link\" data-premium=\"\" id=\"article-title-3441635\" rel=\"nofollow noopener\" target=\"_blank\">Arnaud D\u00e9mare, le cycliste fran\u00e7ais aux 97\u00a0victoires, prend sa retraite<\/a>    <\/p>\n<p>   Lire plus tard  <\/p>\n<p class=\"article__paragraph  \">Le sprinteur fran\u00e7ais, aux 97\u00a0victoires en professionnel, a rapidement \u00e9t\u00e9 distanc\u00e9, \u00e0 100\u00a0kilom\u00e8tres de l\u2019arriv\u00e9e. Mais il a profit\u00e9 de ce dernier rendez-vous pour \u00eatre salu\u00e9 par le peloton d\u2019une belle haie d\u2019honneur avant le d\u00e9part, avec deux autres n\u00e9oretrait\u00e9s, les Espagnols Omar Fraile et Jonathan Castroviejo. Arriv\u00e9 65\u1d49 \u00e0 plus de cinq minutes de Matteo Trentin, Arnaud D\u00e9mare a savour\u00e9 sa toute derni\u00e8re ligne droite, acclam\u00e9 par le public tourangeau.<\/p>\n<p class=\"article__author-container\"> <a class=\"article__author-link\" href=\"https:\/\/www.lemonde.fr\/signataires\/denis-menetrier\/\" rel=\"nofollow noopener\" target=\"_blank\"> Denis M\u00e9n\u00e9trier<\/a>  <\/p>\n<p>                  <a href=\"https:\/\/www.lemonde.fr\/syndication\/\" class=\"reuse__content\" title=\"R\u00e9utiliser ce contenu\" target=\"_blank\" rel=\"nofollow noopener\">R\u00e9utiliser ce contenu<\/a>      <\/p>\n","protected":false},"excerpt":{"rendered":"Matteo Trentin s\u2019impose au sprint devant Christophe Laporte \u00e0 l\u2019issue de la course Paris-Tours, le 12\u00a0octobre 2025. GUILLAUME&hellip;\n","protected":false},"author":2,"featured_media":457912,"comment_status":"","ping_status":"","sticky":false,"template":"","format":"standard","meta":{"footnotes":""},"categories":[9],"tags":[1011,27,60],"class_list":{"0":"post-457911","1":"post","2":"type-post","3":"status-publish","4":"format-standard","5":"has-post-thumbnail","7":"category-sports","8":"tag-fr","9":"tag-france","10":"tag-sports"},"share_on_mastodon":{"url":"https:\/\/pubeurope.com\/@fr\/115362347429985647","error":""},"_links":{"self":[{"href":"https:\/\/www.europesays.com\/fr\/wp-json\/wp\/v2\/posts\/457911","targetHints":{"allow":["GET"]}}],"collection":[{"href":"https:\/\/www.europesays.com\/fr\/wp-json\/wp\/v2\/posts"}],"about":[{"href":"https:\/\/www.europesays.com\/fr\/wp-json\/wp\/v2\/types\/post"}],"author":[{"embeddable":true,"href":"https:\/\/www.europesays.com\/fr\/wp-json\/wp\/v2\/users\/2"}],"replies":[{"embeddable":true,"href":"https:\/\/www.europesays.com\/fr\/wp-json\/wp\/v2\/comments?post=457911"}],"version-history":[{"count":0,"href":"https:\/\/www.europesays.com\/fr\/wp-json\/wp\/v2\/posts\/457911\/revisions"}],"wp:featuredmedia":[{"embeddable":true,"href":"https:\/\/www.europesays.com\/fr\/wp-json\/wp\/v2\/media\/457912"}],"wp:attachment":[{"href":"https:\/\/www.europesays.com\/fr\/wp-json\/wp\/v2\/media?parent=457911"}],"wp:term":[{"taxonomy":"category","embeddable":true,"href":"https:\/\/www.europesays.com\/fr\/wp-json\/wp\/v2\/categories?post=457911"},{"taxonomy":"post_tag","embeddable":true,"href":"https:\/\/www.europesays.com\/fr\/wp-json\/wp\/v2\/tags?post=457911"}],"curies":[{"name":"wp","href":"https:\/\/api.w.org\/{rel}","templated":true}]}}