{"id":457917,"date":"2025-10-12T17:23:10","date_gmt":"2025-10-12T17:23:10","guid":{"rendered":"https:\/\/www.europesays.com\/fr\/457917\/"},"modified":"2025-10-12T17:23:10","modified_gmt":"2025-10-12T17:23:10","slug":"voici-ce-qui-attend-les-retraites-en-novembre","status":"publish","type":"post","link":"https:\/\/www.europesays.com\/fr\/457917\/","title":{"rendered":"voici ce qui attend les retrait\u00e9s en novembre"},"content":{"rendered":"<p>Dans une p\u00e9riode o\u00f9 ils\u00a0se trouvent r\u00e9guli\u00e8rement cibl\u00e9s par des projets d&rsquo;\u00e9conomies budg\u00e9taires visant \u00e0 r\u00e9duire le d\u00e9ficit de l&rsquo;Etat, les bonnes nouvelles se font rares pour les retrait\u00e9s. Pourtant, deux mesures \u00e0 venir dans quelques semaines vont leur \u00eatre favorables. Voici lesquelles.<\/p>\n<p>La premi\u00e8re mesure repose sur une hausse des pensions imminente pour 14 millions de retrait\u00e9s. Sont ici concern\u00e9s les pensionn\u00e9s qui touchent un versement du r\u00e9gime de retraite compl\u00e9mentaire Agirc-Arrco. Ces pensions vers\u00e9es aux retrait\u00e9s du priv\u00e9 sont en principe revaloris\u00e9es tous les ans au 1er novembre afin de tenir compte de l&rsquo;inflation. Le premier virement revaloris\u00e9 interviendra d\u00e8s le versement de novembre. Il sera visible sur les comptes bancaires des pensionn\u00e9s \u00e0 partir du lundi 3 novembre.<\/p>\n<p>Le taux d&rsquo;augmentation n&rsquo;est pas encore officiel. Il sera toutefois tr\u00e8s faible, avec un pourcentage qui ne devrait pas d\u00e9passer le 1 %. Si le taux exact n&rsquo;est pas encore connu, c&rsquo;est parce qu&rsquo;il ne d\u00e9pendra pas que de l&rsquo;inflation. Les partenaires sociaux, qui sont les gestionnaires du r\u00e9gime Agirc-Arrco &#8211; ont en effet la possibilit\u00e9 de modifier le taux de revalorisation dans une marge de 0,4 point. Le pourcentage de hausse sera annonc\u00e9 \u00e0 l&rsquo;issue de la r\u00e9union du conseil d&rsquo;administration du r\u00e9gime, qui aura lieu le 17 octobre.<\/p>\n<p>Malgr\u00e9 un taux faible, cette revalorisation reste une bonne nouvelle dans un contexte o\u00f9 le gel total des pensions de retraite de base \u00e9tait l&rsquo;une des mesures que\u00a0les anciens gouvernements Bayrou et Barnier comptaient mettre en oeuvre pour r\u00e9duire le d\u00e9ficit.<\/p>\n<p>Une seconde bonne nouvelle attend \u00e9galement les retrait\u00e9s dans quelques jours. Elle est cette fois li\u00e9e au calendrier de versement de leurs pensions de retraite du r\u00e9gime g\u00e9n\u00e9ral de l&rsquo;assurance vieillesse. Habituellement, cette pension est vers\u00e9e sur leur compte bancaire le 9 du mois. Mais ce virement ne peut pas intervenir le week-end ou un jour f\u00e9ri\u00e9. Or, le 9 novembre tombe un dimanche cette ann\u00e9e.<\/p>\n<p>Par cons\u00e9quent, les 17 millions de retrait\u00e9s du r\u00e9gime g\u00e9n\u00e9ral b\u00e9n\u00e9ficieront d&rsquo;un versement avanc\u00e9 de quelques jours en novembre. Le virement sur leur compte bancaire interviendra ainsi d\u00e8s le vendredi 7 novembre.<\/p>\n<p>Contrairement au virement des pensions Agirc-Arrco pr\u00e9vu le 3 novembre, le versement du 7 novembre ne sera pas revaloris\u00e9. Il sera donc du m\u00eame montant que celui per\u00e7u en octobre. La prochaine hausse des pensions du r\u00e9gime g\u00e9n\u00e9ral n&rsquo;aura en effet lieu au plus t\u00f4t qu&rsquo;en janvier 2026. Une date qui reste toutefois encore incertaine, le projet de\u00a0gel des pensions de base l&rsquo;an prochain \u00e9tant susceptible\u00a0d&rsquo;\u00eatre reconduit\u00a0par un futur gouvernement d&rsquo;ici la fin de l&rsquo;ann\u00e9e.<\/p>\n","protected":false},"excerpt":{"rendered":"Dans une p\u00e9riode o\u00f9 ils\u00a0se trouvent r\u00e9guli\u00e8rement cibl\u00e9s par des projets d&rsquo;\u00e9conomies budg\u00e9taires visant \u00e0 r\u00e9duire le d\u00e9ficit&hellip;\n","protected":false},"author":2,"featured_media":457918,"comment_status":"","ping_status":"","sticky":false,"template":"","format":"standard","meta":{"footnotes":""},"categories":[6],"tags":[58292,35,58291,51761,33,34,51763,1011,27,58293,51767],"class_list":{"0":"post-457917","1":"post","2":"type-post","3":"status-publish","4":"format-standard","5":"has-post-thumbnail","7":"category-economie","8":"tag-actualite-juridique-et-financiere","9":"tag-business","10":"tag-cms-droit-finances-5763","11":"tag-controller-content","12":"tag-economie","13":"tag-economy","14":"tag-format-papier","15":"tag-fr","16":"tag-france","17":"tag-les-histoires-de-droit-finances","18":"tag-parallaxeinfeed"},"share_on_mastodon":{"url":"https:\/\/pubeurope.com\/@fr\/115362359136228873","error":""},"_links":{"self":[{"href":"https:\/\/www.europesays.com\/fr\/wp-json\/wp\/v2\/posts\/457917","targetHints":{"allow":["GET"]}}],"collection":[{"href":"https:\/\/www.europesays.com\/fr\/wp-json\/wp\/v2\/posts"}],"about":[{"href":"https:\/\/www.europesays.com\/fr\/wp-json\/wp\/v2\/types\/post"}],"author":[{"embeddable":true,"href":"https:\/\/www.europesays.com\/fr\/wp-json\/wp\/v2\/users\/2"}],"replies":[{"embeddable":true,"href":"https:\/\/www.europesays.com\/fr\/wp-json\/wp\/v2\/comments?post=457917"}],"version-history":[{"count":0,"href":"https:\/\/www.europesays.com\/fr\/wp-json\/wp\/v2\/posts\/457917\/revisions"}],"wp:featuredmedia":[{"embeddable":true,"href":"https:\/\/www.europesays.com\/fr\/wp-json\/wp\/v2\/media\/457918"}],"wp:attachment":[{"href":"https:\/\/www.europesays.com\/fr\/wp-json\/wp\/v2\/media?parent=457917"}],"wp:term":[{"taxonomy":"category","embeddable":true,"href":"https:\/\/www.europesays.com\/fr\/wp-json\/wp\/v2\/categories?post=457917"},{"taxonomy":"post_tag","embeddable":true,"href":"https:\/\/www.europesays.com\/fr\/wp-json\/wp\/v2\/tags?post=457917"}],"curies":[{"name":"wp","href":"https:\/\/api.w.org\/{rel}","templated":true}]}}