{"id":457919,"date":"2025-10-12T17:24:12","date_gmt":"2025-10-12T17:24:12","guid":{"rendered":"https:\/\/www.europesays.com\/fr\/457919\/"},"modified":"2025-10-12T17:24:12","modified_gmt":"2025-10-12T17:24:12","slug":"20-blesses-dans-des-affrontements-lors-dune-manifestation-propalestinienne","status":"publish","type":"post","link":"https:\/\/www.europesays.com\/fr\/457919\/","title":{"rendered":"20 bless\u00e9s dans des affrontements lors d&rsquo;une manifestation propalestinienne"},"content":{"rendered":"<p>\n    Plus de 5000 personnes ont pris part \u00e0 cette manifestation non autoris\u00e9e, dont de nombreuses personnes v\u00eatues de noir et portant des masques. Certaines ont affront\u00e9 les forces de l\u2019ordre et d\u00e9grad\u00e9 des biens.<\/p>\n<p class=\"fig-paragraph\">De violents affrontements lors d&rsquo;une manifestation propalestinienne samedi \u00e0\u00a0<a href=\"http:\/\/www.lefigaro.fr\/flash-actu\/suisse-l-universite-de-berne-suspend-un-professeur-qui-avait-celebre-le-hamas-20231011\" target=\"_blank\" data-fig-type=\"NewsFlash\" rel=\"noopener\" data-gtm-custom-categorie=\"navigation\" data-gtm-custom-action=\"crossclick\" data-gtm-custom-label=\"Contextuel\" data-gtm-event=\"customEventSPE\" data-fig-domain=\"LEFIGARO\">Berne<\/a>\u00a0ont fait 20 bless\u00e9s dont 18 policiers, et \u00abdes millions\u00bb d&rsquo;euros de d\u00e9g\u00e2ts, a indiqu\u00e9 dimanche dans un communiqu\u00e9 la police bernoise. Plus de 5000 personnes ont pris part \u00e0 cette manifestation non autoris\u00e9e dans les rues de la capitale suisse, dont de nombreuses personnes v\u00eatues de noir et portant des masques, qui ont affront\u00e9 les forces de l&rsquo;ordre et d\u00e9grad\u00e9 des biens.<\/p>\n<p class=\"fig-paragraph\">La \u00abmanifestation a d\u00e9g\u00e9n\u00e9r\u00e9, causant d&rsquo;importants d\u00e9g\u00e2ts mat\u00e9riels\u00bb, a indiqu\u00e9 la police bernoise, pr\u00e9cisant que 536 personnes avaient \u00e9t\u00e9 interpell\u00e9es, leurs identit\u00e9s v\u00e9rifi\u00e9es, puis rel\u00e2ch\u00e9es. \u00abLes forces de l&rsquo;ordre ont \u00e9t\u00e9 attaqu\u00e9es \u00e0 plusieurs reprises avec des objets dangereux\u00bb dont des engins de chantier, des meubles, des pierres, des bouteilles, des extincteurs ou encore des feux d&rsquo;artifice, selon le communiqu\u00e9.<\/p>\n<p>                                    <a class=\"fig-a11y-skip a11y-hidden\" href=\"#fig-a11y-skip-main-inarticle\"><br \/>\n        Passer la publicit\u00e9<br \/>\n    <\/a><\/p>\n<p>18 policiers bless\u00e9s<\/p>\n<p class=\"fig-paragraph\">La police a ripost\u00e9 \u00abavec force\u00bb, en faisant usage de canons \u00e0 eau, gaz lacrymog\u00e8nes, balles en caoutchouc et matraques. Au total, 18 policiers ont \u00e9t\u00e9 bless\u00e9s, dont deux femmes. Quatre d&rsquo;entre eux ont \u00e9t\u00e9 hospitalis\u00e9s. La police a aussi connaissance des cas de deux autres personnes qui ont d\u00fb \u00eatre soign\u00e9es.<\/p>\n<p class=\"fig-paragraph\">Les d\u00e9g\u00e2ts mat\u00e9riels sont \u00abimportants\u00bb, pr\u00e9cise le communiqu\u00e9, qui fait \u00e9tat de vitrines et d&rsquo;\u00e9crans de distributeurs automatiques bris\u00e9s, de fa\u00e7ades tagu\u00e9es et d\u00e9grad\u00e9es, et de neuf v\u00e9hicules de police \u00ablourdement endommag\u00e9s ou tagu\u00e9s\u00bb. La police chiffre le pr\u00e9judice total \u00aben millions\u00bb de francs suisses, soit un montant quasiment \u00e9quivalent en euros.<\/p>\n<p class=\"fig-paragraph\">Parmi les personnes interpell\u00e9es, l&rsquo;une faisait d\u00e9j\u00e0 l&rsquo;objet d&rsquo;un mandat d&rsquo;arr\u00eat, selon la police. Les autres risquent des poursuites pour diverses infractions, notamment pour dommages mat\u00e9riels, violation de domicile, coups et blessures, incendie volontaire et violences ou menaces contre les autorit\u00e9s.<\/p>\n","protected":false},"excerpt":{"rendered":"Plus de 5000 personnes ont pris part \u00e0 cette manifestation non autoris\u00e9e, dont de nombreuses personnes v\u00eatues de&hellip;\n","protected":false},"author":2,"featured_media":457920,"comment_status":"","ping_status":"","sticky":false,"template":"","format":"standard","meta":{"footnotes":""},"categories":[5],"tags":[259,11,260,1011,27,14,261,12,262,28],"class_list":{"0":"post-457919","1":"post","2":"type-post","3":"status-publish","4":"format-standard","5":"has-post-thumbnail","7":"category-international","8":"tag-actualite-internationale","9":"tag-actualites","10":"tag-affaires-etrangeres","11":"tag-fr","12":"tag-france","13":"tag-international","14":"tag-ministere-des-affaires-etrangeres","15":"tag-news","16":"tag-politique-etrangere","17":"tag-world"},"share_on_mastodon":{"url":"https:\/\/pubeurope.com\/@fr\/115362363121334910","error":""},"_links":{"self":[{"href":"https:\/\/www.europesays.com\/fr\/wp-json\/wp\/v2\/posts\/457919","targetHints":{"allow":["GET"]}}],"collection":[{"href":"https:\/\/www.europesays.com\/fr\/wp-json\/wp\/v2\/posts"}],"about":[{"href":"https:\/\/www.europesays.com\/fr\/wp-json\/wp\/v2\/types\/post"}],"author":[{"embeddable":true,"href":"https:\/\/www.europesays.com\/fr\/wp-json\/wp\/v2\/users\/2"}],"replies":[{"embeddable":true,"href":"https:\/\/www.europesays.com\/fr\/wp-json\/wp\/v2\/comments?post=457919"}],"version-history":[{"count":0,"href":"https:\/\/www.europesays.com\/fr\/wp-json\/wp\/v2\/posts\/457919\/revisions"}],"wp:featuredmedia":[{"embeddable":true,"href":"https:\/\/www.europesays.com\/fr\/wp-json\/wp\/v2\/media\/457920"}],"wp:attachment":[{"href":"https:\/\/www.europesays.com\/fr\/wp-json\/wp\/v2\/media?parent=457919"}],"wp:term":[{"taxonomy":"category","embeddable":true,"href":"https:\/\/www.europesays.com\/fr\/wp-json\/wp\/v2\/categories?post=457919"},{"taxonomy":"post_tag","embeddable":true,"href":"https:\/\/www.europesays.com\/fr\/wp-json\/wp\/v2\/tags?post=457919"}],"curies":[{"name":"wp","href":"https:\/\/api.w.org\/{rel}","templated":true}]}}