{"id":457924,"date":"2025-10-12T17:27:54","date_gmt":"2025-10-12T17:27:54","guid":{"rendered":"https:\/\/www.europesays.com\/fr\/457924\/"},"modified":"2025-10-12T17:27:54","modified_gmt":"2025-10-12T17:27:54","slug":"steel-150-nouvelles-places-de-parking-et-une-allee-vegetalisee-pour-2026","status":"publish","type":"post","link":"https:\/\/www.europesays.com\/fr\/457924\/","title":{"rendered":"Steel : 150 nouvelles places de parking et une all\u00e9e v\u00e9g\u00e9talis\u00e9e pour 2026"},"content":{"rendered":"<p>Le centre commercial Steel, \u00e0 Saint-\u00c9tienne, se transforme pour accueillir toujours plus de visiteurs. Depuis quelques semaines, des travaux ont commenc\u00e9 pour agrandir le parking et r\u00e9am\u00e9nager les espaces.<\/p>\n<p>Les travaux se d\u00e9roulent en deux \u00e9tapes. \u00ab On fait des travaux en plusieurs parties, parce que notre priorit\u00e9 est de ne pas g\u00eaner les clients, surtout pendant les f\u00eates \u00bb, souligne Josselin Durand, le directeur de Steel.\u00a0<\/p>\n<p><strong>Phase 1 (en cours jusqu\u2019au Black Friday) :<\/strong><\/p>\n<ul>&#13;<\/p>\n<li>D\u00e9molition du trottipark au milieu des parking.\u00a0<\/li>\n<p>&#13;<\/p>\n<li>Suppression de l\u2019ensemble du terre-plein central<\/li>\n<p>&#13;\n<\/ul>\n<p><strong>Phase 2 (d\u00e9but 2026) :<\/strong><\/p>\n<ul>&#13;<\/p>\n<li>La cr\u00e9ation des 150 nouvelles places de parking au niveau du terre-plein central (livraison pr\u00e9vue premier trimestre 2026).<\/li>\n<p>&#13;<\/p>\n<li>Am\u00e9nagement paysager de la grande all\u00e9e pi\u00e9tonne, de la place du grand ch\u00eane \u00e0 la place de la grande promenade. Ce sera une all\u00e9e plus v\u00e9g\u00e9talis\u00e9e.<\/li>\n<p>&#13;\n<\/ul>\n<p><strong>Une r\u00e9ponse au besoins des clients\u00a0<\/strong><\/p>\n<p>Depuis son ouverture en 2020, Steel a accueilli plus de 28 millions de visiteurs. Face \u00e0 un chiffre en augmentation des travaux s\u2019impos\u00e9e au centre commercial. \u00ab\u00a0C\u2019\u00e9tait la premi\u00e8re demande de nos client\u00a0\u00bb, explique le directeur, dont 70% viennent de l\u2019ext\u00e9rieur de Saint-\u00c9tienne, \u00ab\u00a0mais aussi des boutiques, car il y en a de plus en plus, et donc plus de salari\u00e9e\u00a0\u00bb.<\/p>\n<p style=\"text-align: left;\">T.RIVIERE<\/p>\n","protected":false},"excerpt":{"rendered":"Le centre commercial Steel, \u00e0 Saint-\u00c9tienne, se transforme pour accueillir toujours plus de visiteurs. Depuis quelques semaines, des&hellip;\n","protected":false},"author":2,"featured_media":457925,"comment_status":"","ping_status":"","sticky":false,"template":"","format":"standard","meta":{"footnotes":""},"categories":[9653],"tags":[1111,11,2430,1777,674,1011,27,12,25,4001],"class_list":{"0":"post-457924","1":"post","2":"type-post","3":"status-publish","4":"format-standard","5":"has-post-thumbnail","7":"category-saint-etienne","8":"tag-actu","9":"tag-actualites","10":"tag-auvergne-rhone-alpes","11":"tag-eu","12":"tag-europe","13":"tag-fr","14":"tag-france","15":"tag-news","16":"tag-republique-francaise","17":"tag-saint-etienne"},"share_on_mastodon":{"url":"https:\/\/pubeurope.com\/@fr\/115362378806259042","error":""},"_links":{"self":[{"href":"https:\/\/www.europesays.com\/fr\/wp-json\/wp\/v2\/posts\/457924","targetHints":{"allow":["GET"]}}],"collection":[{"href":"https:\/\/www.europesays.com\/fr\/wp-json\/wp\/v2\/posts"}],"about":[{"href":"https:\/\/www.europesays.com\/fr\/wp-json\/wp\/v2\/types\/post"}],"author":[{"embeddable":true,"href":"https:\/\/www.europesays.com\/fr\/wp-json\/wp\/v2\/users\/2"}],"replies":[{"embeddable":true,"href":"https:\/\/www.europesays.com\/fr\/wp-json\/wp\/v2\/comments?post=457924"}],"version-history":[{"count":0,"href":"https:\/\/www.europesays.com\/fr\/wp-json\/wp\/v2\/posts\/457924\/revisions"}],"wp:featuredmedia":[{"embeddable":true,"href":"https:\/\/www.europesays.com\/fr\/wp-json\/wp\/v2\/media\/457925"}],"wp:attachment":[{"href":"https:\/\/www.europesays.com\/fr\/wp-json\/wp\/v2\/media?parent=457924"}],"wp:term":[{"taxonomy":"category","embeddable":true,"href":"https:\/\/www.europesays.com\/fr\/wp-json\/wp\/v2\/categories?post=457924"},{"taxonomy":"post_tag","embeddable":true,"href":"https:\/\/www.europesays.com\/fr\/wp-json\/wp\/v2\/tags?post=457924"}],"curies":[{"name":"wp","href":"https:\/\/api.w.org\/{rel}","templated":true}]}}