{"id":457926,"date":"2025-10-12T17:29:15","date_gmt":"2025-10-12T17:29:15","guid":{"rendered":"https:\/\/www.europesays.com\/fr\/457926\/"},"modified":"2025-10-12T17:29:15","modified_gmt":"2025-10-12T17:29:15","slug":"10-mots-15-lignes-et-beaucoup-de-creativite","status":"publish","type":"post","link":"https:\/\/www.europesays.com\/fr\/457926\/","title":{"rendered":"10 mots, 15 lignes, et beaucoup de cr\u00e9ativit\u00e9"},"content":{"rendered":"<p>En ouverture de la F\u00eate du livre, l\u2019association Lire \u00e0 Saint-\u00c9tienne a remis les prix de son traditionnel concours d\u2019\u00e9criture, 10\u00a0mots 15 lignes. Comme son nom l\u2019indique, il s\u2019agit de placer 10 mots impos\u00e9s dans un petit texte de 15 lignes, qui avait cette ann\u00e9e pour th\u00e8me V\u00e9locio.<\/p>\n<p>Christian Jouve a largement remport\u00e9 les suffrages du jury, pour son texte invitant \u00e0 \u00ab\u00a0bloquer les roues\u00a0\u00bb. Marie-Pierre Carteron et G\u00e9rard Manet compl\u00e8tent le podium de ce concours qui a r\u00e9uni 80 participants. Les 27 s\u00e9lectionn\u00e9s ont re\u00e7u un livre en r\u00e9compense de leur cr\u00e9ativit\u00e9.<\/p>\n","protected":false},"excerpt":{"rendered":"En ouverture de la F\u00eate du livre, l\u2019association Lire \u00e0 Saint-\u00c9tienne a remis les prix de son traditionnel&hellip;\n","protected":false},"author":2,"featured_media":457927,"comment_status":"","ping_status":"","sticky":false,"template":"","format":"standard","meta":{"footnotes":""},"categories":[9653],"tags":[1111,11,2430,1687,7539,1777,674,1011,27,2410,12,25,4001,7538],"class_list":{"0":"post-457926","1":"post","2":"type-post","3":"status-publish","4":"format-standard","5":"has-post-thumbnail","7":"category-saint-etienne","8":"tag-actu","9":"tag-actualites","10":"tag-auvergne-rhone-alpes","11":"tag-culture-loisirs","12":"tag-edition-loire-sud","13":"tag-eu","14":"tag-europe","15":"tag-fr","16":"tag-france","17":"tag-livres-bd","18":"tag-news","19":"tag-republique-francaise","20":"tag-saint-etienne","21":"tag-saint-etienne-ville"},"share_on_mastodon":{"url":"https:\/\/pubeurope.com\/@fr\/115362382850426656","error":""},"_links":{"self":[{"href":"https:\/\/www.europesays.com\/fr\/wp-json\/wp\/v2\/posts\/457926","targetHints":{"allow":["GET"]}}],"collection":[{"href":"https:\/\/www.europesays.com\/fr\/wp-json\/wp\/v2\/posts"}],"about":[{"href":"https:\/\/www.europesays.com\/fr\/wp-json\/wp\/v2\/types\/post"}],"author":[{"embeddable":true,"href":"https:\/\/www.europesays.com\/fr\/wp-json\/wp\/v2\/users\/2"}],"replies":[{"embeddable":true,"href":"https:\/\/www.europesays.com\/fr\/wp-json\/wp\/v2\/comments?post=457926"}],"version-history":[{"count":0,"href":"https:\/\/www.europesays.com\/fr\/wp-json\/wp\/v2\/posts\/457926\/revisions"}],"wp:featuredmedia":[{"embeddable":true,"href":"https:\/\/www.europesays.com\/fr\/wp-json\/wp\/v2\/media\/457927"}],"wp:attachment":[{"href":"https:\/\/www.europesays.com\/fr\/wp-json\/wp\/v2\/media?parent=457926"}],"wp:term":[{"taxonomy":"category","embeddable":true,"href":"https:\/\/www.europesays.com\/fr\/wp-json\/wp\/v2\/categories?post=457926"},{"taxonomy":"post_tag","embeddable":true,"href":"https:\/\/www.europesays.com\/fr\/wp-json\/wp\/v2\/tags?post=457926"}],"curies":[{"name":"wp","href":"https:\/\/api.w.org\/{rel}","templated":true}]}}