{"id":457941,"date":"2025-10-12T17:38:10","date_gmt":"2025-10-12T17:38:10","guid":{"rendered":"https:\/\/www.europesays.com\/fr\/457941\/"},"modified":"2025-10-12T17:38:10","modified_gmt":"2025-10-12T17:38:10","slug":"fete-de-la-science-2025-conferences-des-pourquoi-sur-lintelligence-echosciences","status":"publish","type":"post","link":"https:\/\/www.europesays.com\/fr\/457941\/","title":{"rendered":"F\u00eate de la science 2025 &#8211; Conf\u00e9rences des Pourquoi [?] sur l&rsquo;intelligence | ECHOSCIENCES"},"content":{"rendered":"<p>&#13;<br \/>\n    A l&rsquo;occasion du village des sciences \u00ab\u00a0Saint-Laurent en \u00e9bullition\u00a0\u00bb \u00e0 La Casemate le samedi 4 octobre, six chercheuses et chercheurs du\u00a0Laboratoire de Psychologie et NeuroCognition (LPNC &#8211; CNRS \/ UGA \/ USMB) ont propos\u00e9 des conf\u00e9rences courtes et dynamiques, accessibles \u00e0 toutes et tous, pour explorer les myst\u00e8res de l\u2019intelligence, du cerveau, de la perception et de l\u2019IA. Retrouvez les captations de ces conf\u00e9rences en vid\u00e9o ci-dessous :&#13;\n<\/p>\n<p>&#13;<br \/>\n    Pourquoi parle-t-on autant du Haut Potentiel Intellectuel ?&#13;<\/p>\n<p>&#13;<br \/>\n    D\u00e9codage scientifique d\u2019un ph\u00e9nom\u00e8ne m\u00e9diatique, par\u00a0Karine Mazens, Enseignante-chercheuse au LPNC&#13;\n<\/p>\n<\/p>\n<p>&#13;<br \/>\n    Pourquoi l\u2019IA fascine autant qu\u2019elle inqui\u00e8te ?&#13;<\/p>\n<p>&#13;<br \/>\n    Entre big data, neurones artificiels et imaginaires collectifs, par\u00a0Martial Mermillod, Professeur des universit\u00e9s, Directeur du Laboratoire de Psychologie &amp; NeuroCognition (LPNC, Universit\u00e9 Grenoble Alpes &amp; CNRS)&#13;\n<\/p>\n<\/p>\n<p>&#13;<br \/>\n    Pourquoi certains cerveaux vieillissent-ils mieux que d\u2019autres ?&#13;<\/p>\n<p>&#13;<br \/>\n    \u00c0 la recherche des secrets du vieillissement cognitif<br \/>Dr Mathilde Sauv\u00e9e, Neurologue au CHU Grenoble Alpes et Chercheuse au LPNC&#13;\n<\/p>\n<\/p>\n<p>&#13;<br \/>\n    Pourquoi l\u2019intelligence humaine est-elle si limit\u00e9e ?&#13;<\/p>\n<p>&#13;<br \/>\n    Explorations crois\u00e9es entre sciences cognitives et science-fiction<br \/>Dr Laurent Vercueil, Neurologue au CHU Grenoble Alpes et Chercheur au LPNC&#13;\n<\/p>\n<\/p>\n<p>&#13;<br \/>\n    Pourquoi ce que nous voyons n\u2019est pas toujours le reflet de la r\u00e9alit\u00e9 ?&#13;<\/p>\n<p>&#13;<br \/>\n    Perception, illusions et construction c\u00e9r\u00e9brale du monde<br \/>Louise Kauffmann, Enseignante-chercheuse au \u00e0 l\u2019Universit\u00e9 Grenoble Alpes et au LPNC&#13;\n<\/p>\n<\/p>\n<p>&#13;<br \/>\n    Pourquoi le cerveau ne renonce jamais ?&#13;<\/p>\n<p>&#13;<br \/>\n    R\u00e9silience, plasticit\u00e9 et dynamiques mentales face \u00e0 l\u2019\u00e9chec<br \/>Dr Monica Baciu, Neurologue au CHU Grenoble Alpes et Enseignante-chercheuse au LPNC&#13;\n<\/p>\n<p>[A VENIR]<\/p>\n<p><b>Cr\u00e9dits <\/b>: merci \u00e0\u00a0Guylaine OMNES-SABARDAK du LPNC pour la captation des conf\u00e9rences<\/p>\n","protected":false},"excerpt":{"rendered":"&#13; A l&rsquo;occasion du village des sciences \u00ab\u00a0Saint-Laurent en \u00e9bullition\u00a0\u00bb \u00e0 La Casemate le samedi 4 octobre, six&hellip;\n","protected":false},"author":2,"featured_media":457942,"comment_status":"","ping_status":"","sticky":false,"template":"","format":"standard","meta":{"footnotes":""},"categories":[9566],"tags":[1111,11,2430,1777,674,1011,27,2731,12,25],"class_list":{"0":"post-457941","1":"post","2":"type-post","3":"status-publish","4":"format-standard","5":"has-post-thumbnail","7":"category-grenoble","8":"tag-actu","9":"tag-actualites","10":"tag-auvergne-rhone-alpes","11":"tag-eu","12":"tag-europe","13":"tag-fr","14":"tag-france","15":"tag-grenoble","16":"tag-news","17":"tag-republique-francaise"},"share_on_mastodon":{"url":"https:\/\/pubeurope.com\/@fr\/115362418141368969","error":""},"_links":{"self":[{"href":"https:\/\/www.europesays.com\/fr\/wp-json\/wp\/v2\/posts\/457941","targetHints":{"allow":["GET"]}}],"collection":[{"href":"https:\/\/www.europesays.com\/fr\/wp-json\/wp\/v2\/posts"}],"about":[{"href":"https:\/\/www.europesays.com\/fr\/wp-json\/wp\/v2\/types\/post"}],"author":[{"embeddable":true,"href":"https:\/\/www.europesays.com\/fr\/wp-json\/wp\/v2\/users\/2"}],"replies":[{"embeddable":true,"href":"https:\/\/www.europesays.com\/fr\/wp-json\/wp\/v2\/comments?post=457941"}],"version-history":[{"count":0,"href":"https:\/\/www.europesays.com\/fr\/wp-json\/wp\/v2\/posts\/457941\/revisions"}],"wp:featuredmedia":[{"embeddable":true,"href":"https:\/\/www.europesays.com\/fr\/wp-json\/wp\/v2\/media\/457942"}],"wp:attachment":[{"href":"https:\/\/www.europesays.com\/fr\/wp-json\/wp\/v2\/media?parent=457941"}],"wp:term":[{"taxonomy":"category","embeddable":true,"href":"https:\/\/www.europesays.com\/fr\/wp-json\/wp\/v2\/categories?post=457941"},{"taxonomy":"post_tag","embeddable":true,"href":"https:\/\/www.europesays.com\/fr\/wp-json\/wp\/v2\/tags?post=457941"}],"curies":[{"name":"wp","href":"https:\/\/api.w.org\/{rel}","templated":true}]}}