{"id":457943,"date":"2025-10-12T17:39:35","date_gmt":"2025-10-12T17:39:35","guid":{"rendered":"https:\/\/www.europesays.com\/fr\/457943\/"},"modified":"2025-10-12T17:39:35","modified_gmt":"2025-10-12T17:39:35","slug":"le-gf38-a-la-relance-en-coupe-de-la-ligue","status":"publish","type":"post","link":"https:\/\/www.europesays.com\/fr\/457943\/","title":{"rendered":"Le GF38 \u00e0 la relance en coupe de la Ligue"},"content":{"rendered":"<p>Le GF38 se d\u00e9place \u00e0 Nice\u00a0ce samrdi pour le compte de la deuxi\u00e8me journ\u00e9e de coupe de la\u00a0Ligue. Battues lors de la premi\u00e8re journ\u00e9e, les Grenobloises sont \u00e0 la relance m\u00eame si cette comp\u00e9tition n\u2019est pas une priorit\u00e9 mais avant tout l\u2019occasion de donner du temps de jeu aux joueuses qui en manquent.<\/p>\n<p>Le groupe\u00a0:\u00a0 Tissino, Renault, De Sousa, Wasner, Pilot, Gras, Ben Hadj M, Mazza, Baga, Lohourignon, Chabrier, Fabre, Grandjean Beylot, Akpa, Sadiki, Fourr\u00e9.<\/p>\n<p>Samedi 11 Octobre \u00e0 19h au stade de la plaine du Var n\u00b01<\/p>\n","protected":false},"excerpt":{"rendered":"Le GF38 se d\u00e9place \u00e0 Nice\u00a0ce samrdi pour le compte de la deuxi\u00e8me journ\u00e9e de coupe de la\u00a0Ligue.&hellip;\n","protected":false},"author":2,"featured_media":457944,"comment_status":"","ping_status":"","sticky":false,"template":"","format":"standard","meta":{"footnotes":""},"categories":[9566],"tags":[1111,11,2430,1777,674,1011,27,2731,12,25],"class_list":{"0":"post-457943","1":"post","2":"type-post","3":"status-publish","4":"format-standard","5":"has-post-thumbnail","7":"category-grenoble","8":"tag-actu","9":"tag-actualites","10":"tag-auvergne-rhone-alpes","11":"tag-eu","12":"tag-europe","13":"tag-fr","14":"tag-france","15":"tag-grenoble","16":"tag-news","17":"tag-republique-francaise"},"share_on_mastodon":{"url":"https:\/\/pubeurope.com\/@fr\/115362422048362330","error":""},"_links":{"self":[{"href":"https:\/\/www.europesays.com\/fr\/wp-json\/wp\/v2\/posts\/457943","targetHints":{"allow":["GET"]}}],"collection":[{"href":"https:\/\/www.europesays.com\/fr\/wp-json\/wp\/v2\/posts"}],"about":[{"href":"https:\/\/www.europesays.com\/fr\/wp-json\/wp\/v2\/types\/post"}],"author":[{"embeddable":true,"href":"https:\/\/www.europesays.com\/fr\/wp-json\/wp\/v2\/users\/2"}],"replies":[{"embeddable":true,"href":"https:\/\/www.europesays.com\/fr\/wp-json\/wp\/v2\/comments?post=457943"}],"version-history":[{"count":0,"href":"https:\/\/www.europesays.com\/fr\/wp-json\/wp\/v2\/posts\/457943\/revisions"}],"wp:featuredmedia":[{"embeddable":true,"href":"https:\/\/www.europesays.com\/fr\/wp-json\/wp\/v2\/media\/457944"}],"wp:attachment":[{"href":"https:\/\/www.europesays.com\/fr\/wp-json\/wp\/v2\/media?parent=457943"}],"wp:term":[{"taxonomy":"category","embeddable":true,"href":"https:\/\/www.europesays.com\/fr\/wp-json\/wp\/v2\/categories?post=457943"},{"taxonomy":"post_tag","embeddable":true,"href":"https:\/\/www.europesays.com\/fr\/wp-json\/wp\/v2\/tags?post=457943"}],"curies":[{"name":"wp","href":"https:\/\/api.w.org\/{rel}","templated":true}]}}