{"id":457954,"date":"2025-10-12T17:45:21","date_gmt":"2025-10-12T17:45:21","guid":{"rendered":"https:\/\/www.europesays.com\/fr\/457954\/"},"modified":"2025-10-12T17:45:21","modified_gmt":"2025-10-12T17:45:21","slug":"nice-la-police-deloge-des-squatteurs-qui-avaient-cause-de-nombreuses-degradations-dans-un-immeuble","status":"publish","type":"post","link":"https:\/\/www.europesays.com\/fr\/457954\/","title":{"rendered":"Nice : la police d\u00e9loge des squatteurs qui avaient caus\u00e9 de nombreuses d\u00e9gradations dans un immeuble"},"content":{"rendered":"<p>\tNice : la police d\u00e9loge des squatteurs qui avaient caus\u00e9 de nombreuses d\u00e9gradations dans un immeuble &#8211; Valeurs actuelles<\/p>\n<p><a href=\"https:\/\/www.valeursactuelles.com\/\" target=\"_blank\" rel=\"noopener\">Accueil<\/a> \u00bb <a href=\"https:\/\/www.valeursactuelles.com\/societe\" target=\"_blank\" rel=\"noopener\">Soci\u00e9t\u00e9<\/a> \u00bb Nice : la police d\u00e9loge des squatteurs qui avaient caus\u00e9 de nombreuses d\u00e9gradations dans un immeuble<\/p>\n","protected":false},"excerpt":{"rendered":"Nice : la police d\u00e9loge des squatteurs qui avaient caus\u00e9 de nombreuses d\u00e9gradations dans un immeuble &#8211; Valeurs&hellip;\n","protected":false},"author":2,"featured_media":457955,"comment_status":"","ping_status":"","sticky":false,"template":"","format":"standard","meta":{"footnotes":""},"categories":[2819],"tags":[1111,11,1777,674,1011,27,12,2401,1072,882,25,58295],"class_list":{"0":"post-457954","1":"post","2":"type-post","3":"status-publish","4":"format-standard","5":"has-post-thumbnail","7":"category-nice","8":"tag-actu","9":"tag-actualites","10":"tag-eu","11":"tag-europe","12":"tag-fr","13":"tag-france","14":"tag-news","15":"tag-nice","16":"tag-police","17":"tag-provence-alpes-cote-dazur","18":"tag-republique-francaise","19":"tag-squatteurs"},"share_on_mastodon":{"url":"https:\/\/pubeurope.com\/@fr\/115362445832067254","error":""},"_links":{"self":[{"href":"https:\/\/www.europesays.com\/fr\/wp-json\/wp\/v2\/posts\/457954","targetHints":{"allow":["GET"]}}],"collection":[{"href":"https:\/\/www.europesays.com\/fr\/wp-json\/wp\/v2\/posts"}],"about":[{"href":"https:\/\/www.europesays.com\/fr\/wp-json\/wp\/v2\/types\/post"}],"author":[{"embeddable":true,"href":"https:\/\/www.europesays.com\/fr\/wp-json\/wp\/v2\/users\/2"}],"replies":[{"embeddable":true,"href":"https:\/\/www.europesays.com\/fr\/wp-json\/wp\/v2\/comments?post=457954"}],"version-history":[{"count":0,"href":"https:\/\/www.europesays.com\/fr\/wp-json\/wp\/v2\/posts\/457954\/revisions"}],"wp:featuredmedia":[{"embeddable":true,"href":"https:\/\/www.europesays.com\/fr\/wp-json\/wp\/v2\/media\/457955"}],"wp:attachment":[{"href":"https:\/\/www.europesays.com\/fr\/wp-json\/wp\/v2\/media?parent=457954"}],"wp:term":[{"taxonomy":"category","embeddable":true,"href":"https:\/\/www.europesays.com\/fr\/wp-json\/wp\/v2\/categories?post=457954"},{"taxonomy":"post_tag","embeddable":true,"href":"https:\/\/www.europesays.com\/fr\/wp-json\/wp\/v2\/tags?post=457954"}],"curies":[{"name":"wp","href":"https:\/\/api.w.org\/{rel}","templated":true}]}}