{"id":457956,"date":"2025-10-12T17:46:50","date_gmt":"2025-10-12T17:46:50","guid":{"rendered":"https:\/\/www.europesays.com\/fr\/457956\/"},"modified":"2025-10-12T17:46:50","modified_gmt":"2025-10-12T17:46:50","slug":"stationner-plus-de-24-heures-risquez-vous-une-amende-ou-la-fourriere","status":"publish","type":"post","link":"https:\/\/www.europesays.com\/fr\/457956\/","title":{"rendered":"Stationner plus de 24\u00a0heures\u00a0: risquez-vous une amende ou la fourri\u00e8re\u00a0?"},"content":{"rendered":"<p>Avant toute chose, la r\u00e9gulation du stationnement sur la voie publique rel\u00e8ve des communes ou des EPCI\u00a0: Nantes M\u00e9tropole, la Car\u00e8ne (Saint-Nazaire agglo)\u2026 Ils instituent les zones payantes, <strong>les dur\u00e9es maximales<\/strong>, la verbalisation et l\u2019enl\u00e8vement des v\u00e9hicules en infraction. Alors y a-t-il une dur\u00e9e maximum de stationnement sur la voie publique\u00a0? Que l\u2019emplacement soit mat\u00e9rialis\u00e9 au sol oui non\u00a0? Que ledit emplacement s\u2019il existe, soit payant ou pas\u00a0?<\/p>\n<p>Le Code de la route, r\u00e9glementation nationale, fixe une limite\u00a0: <strong>pas plus de 7\u00a0jours<\/strong> sur le m\u00eame emplacement mais\u2026 \u00ab<a href=\"https:\/\/www.legifrance.gouv.fr\/codes\/id\/LEGISCTA000006177135\/\" target=\"_blank\" rel=\"nofollow noopener\">\u00a0Les communes peuvent, par arr\u00eat\u00e9, instituer une dur\u00e9e maximale inf\u00e9rieure<\/a>\u00a0\u00bb.<\/p>\n<p>Nantes, sans concession<\/p>\n<p>C\u2019est le cas de la <strong>Ville de Nantes<\/strong> qui, par arr\u00eat\u00e9 municipal, a ramen\u00e9 sur son territoire, la limite \u00e0 <strong> <a href=\"https:\/\/formulaires.eservices-metropole.nantes.fr\/signalements\/signalement-de-stationnement\/\" target=\"_blank\" rel=\"nofollow noopener\">24\u00a0heures cons\u00e9cutives<\/a> <\/strong>. Au-del\u00e0, le stationnement est consid\u00e9r\u00e9 comme abusif, <strong>y compris \u00ab\u00a0et particuli\u00e8rement\u00a0\u00bb en secteur payant<\/strong>.<\/p>\n<p>Ainsi, ce que la Ville de Nantes et Nantes M\u00e9tropole nomment \u00a0stationnement de longue dur\u00e9e\u00a0 correspond \u00e0 des plages horaires allant de \u00a0plusieurs heures \u00e0 la journ\u00e9e\u00a0. En face, elles offrent des parkings couverts et des parcs en enclos. <a href=\"https:\/\/naolib.fr\/fr\/voitures-et-deux-roues\/stationnement\" target=\"_blank\" rel=\"nofollow noopener\">Et les abonnements qui vont avec\u00a0: plusieurs heures \u00e0 la journ\u00e9e\u00a0; abonnements mensuels, trimestriels, annuels pour r\u00e9sidents, professionnels et nocturnes<\/a>.<\/p>\n<p>\t<img decoding=\"async\" src=\"https:\/\/www.europesays.com\/fr\/wp-content\/uploads\/2025\/10\/P35515660D7015698G_px_640_.jpg\" alt=\"photo stationnement unilat\u00e9ral \u00e0 alternance semi mensuelle.  \u00a9  photo archives presse oc\u00e9an\" width=\"640\" title=\" Stationnement unilat\u00e9ral \u00e0 alternance semi mensuelle.   Photo archives Presse Oc\u00e9an \"\/><\/p>\n<p class=\"elmt-legende\"> Stationnement unilat\u00e9ral \u00e0 alternance semi mensuelle.   Photo archives Presse Oc\u00e9an <\/p>\n<p>Saint-Nazaire en souplesse<\/p>\n<p>\u00c0 Saint-Nazaire, plus de souplesse. Si des zones de stationnement r\u00e9glement\u00e9 existent, \u00a0en centre-ville et \u00e0 Saint-Marc en p\u00e9riode estivale\u00a0, en dehors de celles-ci le principe du stationnement altern\u00e9 doit \u00eatre respect\u00e9. Tout comme sur les voies o\u00f9 il n\u2019existe pas d\u2019emplacement mat\u00e9rialis\u00e9 au sol. Les fameuses \u00a0zones de stationnement unilat\u00e9rales en alternance semi-mensuelles\u00a0\u00a0: du 1er au 15\u00a0de chaque mois\u00a0: c\u00f4t\u00e9 impair\u00a0; du 16 au 31\u00a0de chaque mois\u00a0: c\u00f4t\u00e9 pair.<\/p>\n<p>C\u00f4t\u00e9 longue dur\u00e9e, la deuxi\u00e8me ville la plus peupl\u00e9e de Loire-Atlantique respecte le Code de la route. \u00a0Un v\u00e9hicule qui reste stationn\u00e9 au m\u00eame emplacement sept jours cons\u00e9cutifs, sans \u00eatre d\u00e9plac\u00e9, est consid\u00e9r\u00e9 en stationnement abusif\u00a0.<\/p>\n<p>Voiture \u00ab\u00a0ventouse\u00a0\u00bb ou stationnement de longue dur\u00e9e\u00a0?<\/p>\n<p>Selon stationnement.gouv.fr, une voiture \u00a0ventouse\u00a0 est un v\u00e9hicule immobilis\u00e9, abandonn\u00e9 ou laiss\u00e9 tr\u00e8s longtemps. Si on se r\u00e9f\u00e8re au Code la route, \u00a0tr\u00e8s longtemps\u00a0 signifierait plus de 7\u00a0jours. \u00c0 Nantes, plus de 24\u00a0heures\u00a0!<\/p>\n<p>\t<img decoding=\"async\" src=\"https:\/\/www.europesays.com\/fr\/wp-content\/uploads\/2025\/10\/P35515661D7015698G_px_640_.jpg\" alt=\"photo les forces de l\u2019ordre bombent une roue et le sol pour v\u00e9rifier que le v\u00e9hicule ne bouge pas.  \u00a9  photo archives le maine libre\" width=\"640\" title=\" Les forces de l\u2019ordre bombent une roue et le sol pour v\u00e9rifier que le v\u00e9hicule ne bouge pas.   Photo archives Le Maine Libre \"\/><\/p>\n<p class=\"elmt-legende\"> Les forces de l\u2019ordre bombent une roue et le sol pour v\u00e9rifier que le v\u00e9hicule ne bouge pas.   Photo archives Le Maine Libre <\/p>\n<p>Par extension en Loire-Atlantique et ailleurs sans doute, l\u2019expression d\u00e9signe les automobilistes qui garent leur voiture sur un emplacement, gratuit, en p\u00e9riph\u00e9rie du centre-ville de Nantes par exemple, le plus pr\u00e8s possible d\u2019une station de tramway, de busway ou de bus. Ils stationnent l\u00e0 le matin, rejoignent leur travail, reviennent le soir le travail termin\u00e9, reprennent leur auto et rentre \u00e0 la maison en grande banlieue, voire au-del\u00e0.<\/p>\n<p>Des emplacements sont condamn\u00e9s pour la journ\u00e9e au d\u00e9triment des riverains et au grand dam des commer\u00e7ants. Et <a href=\"https:\/\/nantes.maville.com\/actu\/actudet_-relier-atlantis-a-la-future-piscine-olympique-en-30-minutes-les-promesses-du-tram-du-futur-_8-6637513_actu.Htm\" target=\"_blank\" rel=\"nofollow noopener\">plus les lignes de transports en commun s\u2019\u00e9tendent<\/a>, plus ce stationnement parasite s\u2019\u00e9tend et avec lui, les zones de stationnement payant. CQFD.<\/p>\n<p>Combien peut-il vous en co\u00fbter\u00a0?<\/p>\n<p>Le constat d\u2019abandon ou d\u2019immobilisation prolong\u00e9e est effectu\u00e9 par les services municipaux ou les agents asserment\u00e9s. La collectivit\u00e9 peut engager la proc\u00e9dure d\u2019enl\u00e8vement puis, le cas \u00e9ch\u00e9ant, la proc\u00e9dure d\u2019enl\u00e8vement d\u00e9finitif ou de traitement comme v\u00e9hicule hors d\u2019usage. Et tout cela co\u00fbte des sous, et pas qu\u2019un peu.<\/p>\n<p>?? Stationnement abusif ou g\u00eanant \u00e0 Nantes avec enl\u00e8vement\u00a0:<\/p>\n<p>&#8211; Amende.\u00a0C\u2019est un montant forfaitaire qui n\u2019a rien \u00e0 voir avec le FPS\u00a0: 35\u00a0\u20ac.\u00a0Le tarif est fix\u00e9 par le Code de la route pour les infractions de stationnement g\u00eanant.<\/p>\n<p>&#8211; Mise en fourri\u00e8re.\u00a0Frais d\u2019enl\u00e8vement\u00a0: 126,06\u00a0\u20ac\u00a0; frais de garde par jour\u00a0: 6,36\u00a0\u20ac\u00a0; frais d\u2019expertise si n\u00e9cessaire\u00a0: 61,14\u00a0\u20ac. Des tarifs conformes \u00e0 l\u2019arr\u00eat\u00e9 pr\u00e9fectoral en vigueur pour la Loire-Atlantique en 2025.<\/p>\n<p>Ce sont les forces de l\u2019ordre qui d\u00e9cident de la mise en fourri\u00e8re si le v\u00e9hicule g\u00eane gravement la circulation ou la s\u00e9curit\u00e9. Si le v\u00e9hicule n\u2019est pas r\u00e9cup\u00e9r\u00e9 dans les d\u00e9lais, il peut \u00eatre vendu ou d\u00e9truit.<\/p>\n<p>?? Le forfait de post stationnement s\u2019applique aux infractions au stationnement payant en cas d\u2019absence ou d\u2019insuffisance de paiement.<\/p>\n<p>&#8211;\u00a0Forfait post stationnement (FPS) \u00e0 Nantes M\u00e9tropole. \u00c0 Nantes le <strong>FPS est de 50\u00a0\u20ac<\/strong>. Vous avez trois mois pour le r\u00e9gler en totalit\u00e9. Date limite de r\u00e8glement inscrite sur l\u2019avis de paiement. En cas de non-paiement ou de paiement insuffisant \u00e0 la date mentionn\u00e9e dans l\u2019avis de paiement, vous recevrez une majoration de 50\u00a0\u20ac. Si vous payez volontairement la somme qui vous est demand\u00e9e dans le mois suivant l\u2019envoi de cette <strong>majoration<\/strong>, le montant de la somme due sera <strong>diminu\u00e9 de 20\u00a0%<\/strong>.<\/p>\n<p>&#8211; Forfait post stationnement \u00e0 Saint-Nazaire.\u00a0Le forfait post stationnement (FPS) s\u2019\u00e9l\u00e8ve \u00e0 17\u00a0\u20ac si le paiement est fait dans les 48\u00a0heures. Pass\u00e9 ce d\u00e9lai, le FPS sera major\u00e9 et passera \u00e0 28\u00a0\u20ac. Le FPS ne s\u2019applique pas dans les parkings ferm\u00e9s.<\/p>\n<p>??? \u00c0 noter. Les tarifs de stationnement et abonnements (moyenne et longue dur\u00e9e) sont d\u00e9taill\u00e9s via <a href=\"https:\/\/naolib.fr\/fr\/voitures-et-deux-roues\/stationnement\" target=\"_blank\" rel=\"nofollow noopener\">Naolib<\/a>.<\/p>\n<p>\t<img decoding=\"async\" src=\"https:\/\/www.europesays.com\/fr\/wp-content\/uploads\/2025\/10\/P35515662D7015698G_px_640_.jpg\" alt=\"photo \u00e0 nantes, le secteur du march\u00e9 talensac ob\u00e9it \u00e0 un r\u00e9gime particulier.  \u00a9  photo archives presse oc\u00e9an \u2013 nb\" width=\"640\" title=\" \u00c0 Nantes, le secteur du march\u00e9 Talensac ob\u00e9it \u00e0 un r\u00e9gime particulier.   Photo archives Presse Oc\u00e9an \u2013 NB \"\/><\/p>\n<p class=\"elmt-legende\"> \u00c0 Nantes, le secteur du march\u00e9 Talensac ob\u00e9it \u00e0 un r\u00e9gime particulier.   Photo archives Presse Oc\u00e9an \u2013 NB <\/p>\n<p>Cas particulier<\/p>\n<p>  Stationnement \u2014 march\u00e9 de Talensac <\/p>\n<p><strong>Stationnement payant le dimanche matin<\/strong> de 9h \u00e0 13h dans les rues suivantes :<\/p>\n<ul>\n<li>rue de Bel Air (entre la place Saint Similien et la rue Yves Bodiguel)<\/li>\n<li>rue Jeanne d&rsquo;Arc<\/li>\n<li>rue Basse Porte<\/li>\n<li>rue de Talensac et terre-plein de Talensac<\/li>\n<\/ul>\n<p><strong>Interdiction sp\u00e9cifique<\/strong> : rue L\u00e9opold-Cassegrain et place Saint-Similien (uniquement devant et en face du n\u00b01), le stationnement des v\u00e9hicules autres que ceux des commer\u00e7ants et producteurs fr\u00e9quentant le march\u00e9 de Talensac est <strong>interdit de 7h \u00e0 13h<\/strong> les vendredis, samedis et dimanches.<\/p>\n<p>\u00a0<\/p>\n","protected":false},"excerpt":{"rendered":"Avant toute chose, la r\u00e9gulation du stationnement sur la voie publique rel\u00e8ve des communes ou des EPCI\u00a0: Nantes&hellip;\n","protected":false},"author":2,"featured_media":457957,"comment_status":"","ping_status":"","sticky":false,"template":"","format":"standard","meta":{"footnotes":""},"categories":[2818],"tags":[2466,1111,11,7087,1777,674,19233,1011,27,6203,766,12,2636,25,58297,58296],"class_list":{"0":"post-457956","1":"post","2":"type-post","3":"status-publish","4":"format-standard","5":"has-post-thumbnail","7":"category-nantes","8":"tag-2466","9":"tag-actu","10":"tag-actualites","11":"tag-amende","12":"tag-eu","13":"tag-europe","14":"tag-fourriere","15":"tag-fr","16":"tag-france","17":"tag-heures","18":"tag-nantes","19":"tag-news","20":"tag-pays-de-la-loire","21":"tag-republique-francaise","22":"tag-risquez-vous","23":"tag-stationner"},"share_on_mastodon":{"url":"https:\/\/pubeurope.com\/@fr\/115362454182201481","error":""},"_links":{"self":[{"href":"https:\/\/www.europesays.com\/fr\/wp-json\/wp\/v2\/posts\/457956","targetHints":{"allow":["GET"]}}],"collection":[{"href":"https:\/\/www.europesays.com\/fr\/wp-json\/wp\/v2\/posts"}],"about":[{"href":"https:\/\/www.europesays.com\/fr\/wp-json\/wp\/v2\/types\/post"}],"author":[{"embeddable":true,"href":"https:\/\/www.europesays.com\/fr\/wp-json\/wp\/v2\/users\/2"}],"replies":[{"embeddable":true,"href":"https:\/\/www.europesays.com\/fr\/wp-json\/wp\/v2\/comments?post=457956"}],"version-history":[{"count":0,"href":"https:\/\/www.europesays.com\/fr\/wp-json\/wp\/v2\/posts\/457956\/revisions"}],"wp:featuredmedia":[{"embeddable":true,"href":"https:\/\/www.europesays.com\/fr\/wp-json\/wp\/v2\/media\/457957"}],"wp:attachment":[{"href":"https:\/\/www.europesays.com\/fr\/wp-json\/wp\/v2\/media?parent=457956"}],"wp:term":[{"taxonomy":"category","embeddable":true,"href":"https:\/\/www.europesays.com\/fr\/wp-json\/wp\/v2\/categories?post=457956"},{"taxonomy":"post_tag","embeddable":true,"href":"https:\/\/www.europesays.com\/fr\/wp-json\/wp\/v2\/tags?post=457956"}],"curies":[{"name":"wp","href":"https:\/\/api.w.org\/{rel}","templated":true}]}}