{"id":457965,"date":"2025-10-12T17:52:14","date_gmt":"2025-10-12T17:52:14","guid":{"rendered":"https:\/\/www.europesays.com\/fr\/457965\/"},"modified":"2025-10-12T17:52:14","modified_gmt":"2025-10-12T17:52:14","slug":"toulouse-prend-sa-revanche-sur-le-stade-bordelais-en-ouverture-du-championnat","status":"publish","type":"post","link":"https:\/\/www.europesays.com\/fr\/457965\/","title":{"rendered":"Toulouse prend sa revanche sur le Stade Bordelais en ouverture du championnat"},"content":{"rendered":"<p>\n    En lever de rideau de Toulouse-UBB en Top 14, les Rouge et Noir se sont impos\u00e9es ce dimanche face aux Girondines (29-19), triples championnes de France en titre.<\/p>\n<p class=\"fig-paragraph\">Le championnat de premi\u00e8re division f\u00e9minine de rugby a repris ce week-end, deux semaines apr\u00e8s\u00a0<a href=\"http:\/\/www.lefigaro.fr\/sports\/rugby\/xv-de-france\/coupe-du-monde-feminine-de-rugby-pourquoi-les-bleues-n-ont-toujours-pas-brise-leur-plafond-de-verre-20250921\" data-fig-type=\"NewsFlash\" data-gtm-custom-categorie=\"navigation\" data-gtm-custom-action=\"crossclick\" data-gtm-custom-label=\"Contextuel\" data-gtm-event=\"customEventSPE\" data-fig-domain=\"LEFIGARO\" target=\"_blank\" rel=\"noopener\">la Coupe du monde en Angleterre<\/a>\u00a0qui a connu\u00a0<a href=\"http:\/\/www.lefigaro.fr\/sports\/rugby\/xv-de-france\/coupe-du-monde-feminine-de-rugby-pour-les-bleues-une-occasion-ratee-de-changer-de-dimension-20250921\" data-fig-type=\"NewsFlash\" data-gtm-custom-categorie=\"navigation\" data-gtm-custom-action=\"crossclick\" data-gtm-custom-label=\"Contextuel\" data-gtm-event=\"customEventSPE\" data-fig-domain=\"LEFIGARO\" target=\"_blank\" rel=\"noopener\">des records d\u2019audience<\/a>, avec un choc entre Toulouse et le Stade Bordelais. L\u2019\u00c9lite 1 &#8211; pour sa deuxi\u00e8me saison avec une poule unique &#8211; d\u00e9butait avec un remake de la finale de l\u2019ann\u00e9e derni\u00e8re, remport\u00e9e par Bordeaux, son troisi\u00e8me sacre cons\u00e9cutif.<\/p>\n<p class=\"fig-paragraph\">Mais les Toulousains ont pris leur revanche, \u00e0 Ernest-Wallon en lever de rideau du\u00a0<a href=\"http:\/\/www.lefigaro.fr\/sports\/rugby\/top-14\/top-14-toulouse-et-bordeaux-begles-deux-champions-qui-veulent-eviter-la-rechute-20251012\" data-fig-type=\"NewsFlash\" data-gtm-custom-categorie=\"navigation\" data-gtm-custom-action=\"crossclick\" data-gtm-custom-label=\"Contextuel\" data-gtm-event=\"customEventSPE\" data-fig-domain=\"LEFIGARO\" target=\"_blank\" rel=\"noopener\">choc Stade Toulousain-UBB<\/a>\u00a0de ce dimanche soir, face aux Lionnes bordelais en s\u2019imposant 29-19. Les Haut-Garonnaises ont inscrit quatre essais, contre trois pour les Girondines. La F\u00e9d\u00e9ration, la Ligue et le diffuseur Canal+ ont reconduit le dispositif de l\u2019ann\u00e9e derni\u00e8re qui avait permis de diffuser des matches de la saison r\u00e9guli\u00e8re d\u2019\u00c9lite 1 quand les affiches sont les m\u00eames que celles des hommes en Top 14.<\/p>\n","protected":false},"excerpt":{"rendered":"En lever de rideau de Toulouse-UBB en Top 14, les Rouge et Noir se sont impos\u00e9es ce dimanche&hellip;\n","protected":false},"author":2,"featured_media":457966,"comment_status":"","ping_status":"","sticky":false,"template":"","format":"standard","meta":{"footnotes":""},"categories":[2816],"tags":[1111,11,1997,1777,674,1011,27,12,2680,25,12042,476,2312],"class_list":{"0":"post-457965","1":"post","2":"type-post","3":"status-publish","4":"format-standard","5":"has-post-thumbnail","7":"category-toulouse","8":"tag-actu","9":"tag-actualites","10":"tag-bordeaux","11":"tag-eu","12":"tag-europe","13":"tag-fr","14":"tag-france","15":"tag-news","16":"tag-occitanie","17":"tag-republique-francaise","18":"tag-rugby-feminin","19":"tag-stade-toulousain","20":"tag-toulouse"},"share_on_mastodon":{"url":"https:\/\/pubeurope.com\/@fr\/115362473244597311","error":""},"_links":{"self":[{"href":"https:\/\/www.europesays.com\/fr\/wp-json\/wp\/v2\/posts\/457965","targetHints":{"allow":["GET"]}}],"collection":[{"href":"https:\/\/www.europesays.com\/fr\/wp-json\/wp\/v2\/posts"}],"about":[{"href":"https:\/\/www.europesays.com\/fr\/wp-json\/wp\/v2\/types\/post"}],"author":[{"embeddable":true,"href":"https:\/\/www.europesays.com\/fr\/wp-json\/wp\/v2\/users\/2"}],"replies":[{"embeddable":true,"href":"https:\/\/www.europesays.com\/fr\/wp-json\/wp\/v2\/comments?post=457965"}],"version-history":[{"count":0,"href":"https:\/\/www.europesays.com\/fr\/wp-json\/wp\/v2\/posts\/457965\/revisions"}],"wp:featuredmedia":[{"embeddable":true,"href":"https:\/\/www.europesays.com\/fr\/wp-json\/wp\/v2\/media\/457966"}],"wp:attachment":[{"href":"https:\/\/www.europesays.com\/fr\/wp-json\/wp\/v2\/media?parent=457965"}],"wp:term":[{"taxonomy":"category","embeddable":true,"href":"https:\/\/www.europesays.com\/fr\/wp-json\/wp\/v2\/categories?post=457965"},{"taxonomy":"post_tag","embeddable":true,"href":"https:\/\/www.europesays.com\/fr\/wp-json\/wp\/v2\/tags?post=457965"}],"curies":[{"name":"wp","href":"https:\/\/api.w.org\/{rel}","templated":true}]}}