{"id":457969,"date":"2025-10-12T17:54:27","date_gmt":"2025-10-12T17:54:27","guid":{"rendered":"https:\/\/www.europesays.com\/fr\/457969\/"},"modified":"2025-10-12T17:54:27","modified_gmt":"2025-10-12T17:54:27","slug":"le-gardien-de-lille-suspendu","status":"publish","type":"post","link":"https:\/\/www.europesays.com\/fr\/457969\/","title":{"rendered":"le gardien de Lille suspendu ?"},"content":{"rendered":"<p><strong>L\u2019incident pourrait avoir des cons\u00e9quences graves. Le gardien international turc de Lille, a quitt\u00e9 sa s\u00e9lection. Sur un gros d\u00e9saccord avec la f\u00e9d\u00e9ration..<\/strong><\/p>\n<p>C\u2019est la guerre entre la f\u00e9d\u00e9ration turque et le gardien international de Lille, Berke \u00d6zer. En s\u00e9lection, mais en tribunes pour assister \u00e0 la large victoire de la Turquie en Bulgarie, le Lillois a quitt\u00e9 le groupe d\u00e8s le retour de la s\u00e9lection \u00e0 Istanbul.\u00a0<\/p>\n<p>\u00ab\u00a0Berke \u00d6zer, l\u2019un des gardiens de notre \u00e9quipe nationale, a quitt\u00e9 le camp \u00e0 sa propre demande et sans l\u2019autorisation de notre staff technique et administratif, apr\u00e8s le retour de notre \u00e9quipe \u00e0 Istanbul, invoquant sa mise \u00e0 l\u2019\u00e9cart de l\u2019\u00e9quipe pour le match Bulgarie-Turquie, survenu hier\u00a0\u00bb, s\u2019insurge la f\u00e9d\u00e9ration, dans un communiqu\u00e9, d\u00e9non\u00e7ant le comportement du Lillois. \u00ab\u00a0La responsabilit\u00e9 et la valeur du port du maillot de l\u2019\u00e9quipe nationale priment sur tout. Notre \u00e9quipe nationale A est un tout qui repr\u00e9sente l\u2019honneur de la nation, ind\u00e9pendamment des individus\u00a0\u00bb. Avant d\u2019ajouter : \u00ab\u00a0Alors que nous nous effor\u00e7ons avec d\u00e9termination de nous qualifier pour la Coupe du monde, tant attendue, et que l\u2019unit\u00e9 et la solidarit\u00e9 au sein de l\u2019\u00e9quipe sont \u00e0 leur apog\u00e9e, un tel comportement est inacceptable.\u00a0\u00bb<\/p>\n<p>Berke \u00d6zer contre-attaque<\/p>\n<p>Le Lillois n\u2019a pas tard\u00e9 \u00e0 r\u00e9pondre, en donnant une version totalement diff\u00e9rente des faits. <strong>\u00ab\u00a0<\/strong>Avant de rejoindre le stage de l\u2019\u00e9quipe nationale, j\u2019ai partag\u00e9 ma douleur et ma situation avec notre \u00e9quipe technique, expliquant que si je ne devais pas \u00eatre dans l\u2019\u00e9quipe de match (4e gardien en tribunes), il valait mieux que je me repose et que je r\u00e9cup\u00e8re\u00a0\u00bb, explique ce dernier, dans un communiqu\u00e9 publi\u00e9 sur les r\u00e9seaux sociaux. Selon \u00d6zer, il n\u2019a pas \u00e9t\u00e9 respect\u00e9. \u00ab\u00a0En voyant l\u2019\u00e9quipe de match, j\u2019ai r\u00e9alis\u00e9 \u00e0 quel point nos discussions avaient \u00e9t\u00e9 vaines pendant des jours.\u00a0\u00bb<\/p>\n<p>Pour le remplacer, Vincenzo Montella, l\u2019entra\u00eeneur italien de la Turquie a fait appel \u00e0 Muhammed \u015eengezer, gardien de l\u2019\u0130stanbul Ba\u015fak\u015fehir. La Turquie, deuxi\u00e8me du groupe E, avec 6 points (derri\u00e8re l\u2019Espagne, 9 points), re\u00e7oit la G\u00e9orgie (3 points), mardi 14 octobre, pour un match \u00e0 l\u2019enjeu capital, au moins pour terminer deuxi\u00e8me et barragiste.\u00a0<\/p>\n<p>En attendant, la guerre ouverte entre la f\u00e9d\u00e9ration turque et le joueur pourrait avoir des cons\u00e9quences d\u00e9sastreuses pour le club de Ligue 1. En effet, selon les r\u00e8glements de l\u2019UEFA, ce type de comportement (s\u2019il est av\u00e9r\u00e9 que le joueur a quitt\u00e9 le rassemblement sans l\u2019accord du staff), peut lui valoir une suspension, pour toutes les comp\u00e9titions. Europ\u00e9ennes et nationales. <\/p>\n","protected":false},"excerpt":{"rendered":"L\u2019incident pourrait avoir des cons\u00e9quences graves. Le gardien international turc de Lille, a quitt\u00e9 sa s\u00e9lection. Sur un&hellip;\n","protected":false},"author":2,"featured_media":457970,"comment_status":"","ping_status":"","sticky":false,"template":"","format":"standard","meta":{"footnotes":""},"categories":[2815],"tags":[1111,11,1777,674,1011,27,811,1307,12,25],"class_list":{"0":"post-457969","1":"post","2":"type-post","3":"status-publish","4":"format-standard","5":"has-post-thumbnail","7":"category-lille","8":"tag-actu","9":"tag-actualites","10":"tag-eu","11":"tag-europe","12":"tag-fr","13":"tag-france","14":"tag-hauts-de-france","15":"tag-lille","16":"tag-news","17":"tag-republique-francaise"},"share_on_mastodon":{"url":"https:\/\/pubeurope.com\/@fr\/115362481093434362","error":""},"_links":{"self":[{"href":"https:\/\/www.europesays.com\/fr\/wp-json\/wp\/v2\/posts\/457969","targetHints":{"allow":["GET"]}}],"collection":[{"href":"https:\/\/www.europesays.com\/fr\/wp-json\/wp\/v2\/posts"}],"about":[{"href":"https:\/\/www.europesays.com\/fr\/wp-json\/wp\/v2\/types\/post"}],"author":[{"embeddable":true,"href":"https:\/\/www.europesays.com\/fr\/wp-json\/wp\/v2\/users\/2"}],"replies":[{"embeddable":true,"href":"https:\/\/www.europesays.com\/fr\/wp-json\/wp\/v2\/comments?post=457969"}],"version-history":[{"count":0,"href":"https:\/\/www.europesays.com\/fr\/wp-json\/wp\/v2\/posts\/457969\/revisions"}],"wp:featuredmedia":[{"embeddable":true,"href":"https:\/\/www.europesays.com\/fr\/wp-json\/wp\/v2\/media\/457970"}],"wp:attachment":[{"href":"https:\/\/www.europesays.com\/fr\/wp-json\/wp\/v2\/media?parent=457969"}],"wp:term":[{"taxonomy":"category","embeddable":true,"href":"https:\/\/www.europesays.com\/fr\/wp-json\/wp\/v2\/categories?post=457969"},{"taxonomy":"post_tag","embeddable":true,"href":"https:\/\/www.europesays.com\/fr\/wp-json\/wp\/v2\/tags?post=457969"}],"curies":[{"name":"wp","href":"https:\/\/api.w.org\/{rel}","templated":true}]}}