{"id":457979,"date":"2025-10-12T18:00:13","date_gmt":"2025-10-12T18:00:13","guid":{"rendered":"https:\/\/www.europesays.com\/fr\/457979\/"},"modified":"2025-10-12T18:00:13","modified_gmt":"2025-10-12T18:00:13","slug":"une-etrange-lettre-lecornu-a-lhay-les-roses-un-sportif-resilient-les-infos-du-week-end-en-ile-de-france","status":"publish","type":"post","link":"https:\/\/www.europesays.com\/fr\/457979\/","title":{"rendered":"Une \u00e9trange lettre, Lecornu \u00e0 L&rsquo;Ha\u00ff-les-Roses, un sportif r\u00e9silient&#8230; Les infos du week-end en \u00cele-de-France"},"content":{"rendered":"<p>            Par<br \/>\n        <strong><br \/>\n            <a href=\"https:\/\/actu.fr\/auteur\/antoine-grotteria02\" title=\"Consulter tous les articles de Antoine Grotteria\" target=\"_blank\" rel=\"noopener\">Antoine Grotteria<\/a><br \/>\n        <\/strong><\/p>\n<p>        Publi\u00e9 le<\/p>\n<p>            12 oct. 2025 \u00e0 18h02        <\/p>\n<p>Une \u00e9trange lettre. Vendredi 10 octobre 2025, en fin de journ\u00e9e, une <strong>lettre anonyme<\/strong> \u00e9voquant \u00ab\u00a0un <strong>carnage<\/strong>\u00a0\u00bb commis \u00e0 l\u2019aide \u00ab\u00a0de couteaux\u00a0\u00bb ce week-end dans la <a href=\"https:\/\/actu.fr\/tag\/cathedrale-notre-dame-de-paris\" target=\"_blank\" rel=\"noopener\">cath\u00e9drale Notre-Dame de Paris<\/a>, a \u00e9t\u00e9 d\u00e9couverte par le sacristain, selon une information du Figaro. La <a href=\"https:\/\/actu.fr\/tag\/prefecture-de-police-de-paris\" target=\"_blank\" rel=\"noopener\">pr\u00e9fecture de Police<\/a> de Paris a indiqu\u00e9 \u00e0 <a href=\"https:\/\/actu.fr\/paris\/\" target=\"_blank\" rel=\"noopener\">actu Paris <\/a>que l\u2019\u00e9difice a r\u00e9ouvert samedi 11 octobre apr\u00e8s des prospection ayant permis de \u00ab\u00a0<strong>lever les doutes<\/strong>\u00ab\u00a0.\u00a0<\/p>\n<p class=\" wall-content\">Il s\u2019agit de la <strong>principale information<\/strong> de ce week-end du samedi 11 et du dimanche 12 octobre 2025.\u00a0<\/p>\n<p>Les infos marquantes du week-end \u00e0 Paris et en \u00cele-de-France<\/p>\n<p class=\" wall-content\"><strong>Paris. <\/strong><a title=\"Lire l&#039;article\" href=\"https:\/\/actu.fr\/ile-de-france\/paris_75056\/une-lettre-anonyme-menacante-retrouvee-a-notre-dame-de-paris-ce-qui-etait-ecrit_63287429.html\" target=\"_blank\" rel=\"noopener\"><strong>Une lettre anonyme mena\u00e7ante retrouv\u00e9e \u00e0 Notre-Dame de Paris : ce qui \u00e9tait \u00e9crit<\/strong><\/a><br \/>Un message anonyme mena\u00e7ant a \u00e9t\u00e9 d\u00e9couvert dans l\u2019\u00e9difice religieux, ce vendredi 10 octobre 2025. Le risque a \u00e9t\u00e9 \u00e9cart\u00e9 par les forces de l\u2019ordre, apr\u00e8s des v\u00e9rifications.<\/p>\n<p class=\" wall-content\"><strong>Val-de-Marne. <\/strong><a title=\"Lire l&#039;article\" href=\"https:\/\/actu.fr\/ile-de-france\/l-hay-les-roses_94038\/sebastien-lecornu-a-peine-renomme-pourquoi-le-premier-ministre-se-rend-dans-ce-commissariat-du-val-de-marne_63286920.html\" target=\"_blank\" rel=\"noopener\"><strong>S\u00e9bastien Lecornu : \u00e0 peine renomm\u00e9, pourquoi le Premier ministre se rend dans ce commissariat du Val-de-Marne<\/strong><\/a><br \/>S\u00e9bastien Lecornu, renomm\u00e9 Premier ministre vendredi soir quatre jours apr\u00e8s sa d\u00e9mission, fait sa premi\u00e8re visite officielle dans un commissariat du Val-de-Marne ce samedi matin.<\/p>\n<p class=\" wall-content\"><strong>Hauts-de-Seine. <\/strong><a title=\"Lire l&#039;article\" href=\"https:\/\/actu.fr\/ile-de-france\/rueil-malmaison_92063\/une-relaxation-totale-du-cancer-aux-fonds-marins-l-apnee-liberatrice-de-quentin-isy-schwartz_63287016.html\" target=\"_blank\" rel=\"noopener\"><strong>\u00ab\u00a0Une relaxation totale\u00a0\u00bb : du cancer aux fonds marins, l\u2019apn\u00e9e lib\u00e9ratrice de Quentin Isy-Schwartz<\/strong><\/a><br \/>Le vice-champion de France d\u2019apn\u00e9e, qui s\u2019entra\u00eene partiellement \u00e0 Rueil-Malmaison, explore les profondeurs en \u00e9cho \u00e0 une vie troubl\u00e9e par un cancer de la tyro\u00efde.<\/p>\n<p class=\" wall-content\"><strong>Seine-Saint-Denis. <\/strong><a title=\"Lire l&#039;article\" href=\"https:\/\/actu.fr\/ile-de-france\/saint-denis_93066\/saint-denis-interdit-les-trottinettes-electriques-dans-son-centre-ville-et-aux-abords-de-la-gare_63283939.html\" target=\"_blank\" rel=\"noopener\"><strong>Saint-Denis interdit les trottinettes \u00e9lectriques dans son centre-ville et aux abords de la gare<\/strong><\/a><br \/>Depuis ce vendredi 10 octobre 2025, les trottinettes et autres monoroues ou hoverboards \u00e9lectriques sont interdites dans plusieurs zones du centre-ville de Saint-Denis.<\/p>\n<p class=\" wall-content\"><strong>Essonne. <\/strong><a title=\"Lire l&#039;article\" href=\"https:\/\/actu.fr\/ile-de-france\/ris-orangis_91521\/essonne-une-peniche-de-46-metres-en-grande-difficulte-sur-la-seine-apres-un-accident_63286112.html\" target=\"_blank\" rel=\"noopener\"><strong>Essonne : une p\u00e9niche de 46 m\u00e8tres en grande difficult\u00e9 sur la Seine apr\u00e8s un accident<\/strong><\/a><br \/>Une p\u00e9niche de 46 m\u00e8tres transportant 700 tonnes de terre s\u2019est retrouv\u00e9e en grande difficult\u00e9 sur la Seine ce vendredi, apr\u00e8s avoir heurt\u00e9 le pont reliant Ris-Orangis et Draveil.<\/p>\n<p>Votre r\u00e9gion, votre actu !<\/p>\n<p>Recevez chaque jour les infos qui comptent pour vous.<\/p>\n<p>\t<a href=\"https:\/\/actu.fr\/newsletter\" class=\"ac-btn ac-btn--corner ac-btn--medium ac-btn--blue800\" target=\"_blank\" rel=\"noopener\">S&rsquo;incrire<\/a><\/p>\n<p class=\" wall-content\"><strong>Val-d\u2019Oise. <\/strong><a title=\"Lire l&#039;article\" href=\"https:\/\/actu.fr\/ile-de-france\/saint-leu-la-foret_95563\/la-squasheuse-ines-guyot-revelation-des-mondiaux-juniors-u19_63277927.html\" target=\"_blank\" rel=\"noopener\"><strong>La squasheuse In\u00e8s Guyot r\u00e9v\u00e9lation des Mondiaux juniors U19<\/strong><\/a><br \/>En d\u00e9pression durant plusieurs semaines, In\u00e8s Guyot, joueuse du Squash 95, a retrouv\u00e9 sa qualit\u00e9 de jeu au bon moment pour \u00eatre la r\u00e9v\u00e9lation des Mondiaux juniors U19.<\/p>\n<p class=\" wall-content\"><strong>Yvelines. <\/strong><a title=\"Lire l&#039;article\" href=\"https:\/\/actu.fr\/ile-de-france\/mantes-la-jolie_78361\/une-fusillade-fait-trois-blesses-par-balle-a-mantes-la-jolie_63288788.html\" target=\"_blank\" rel=\"noopener\"><strong>Une fusillade fait trois bless\u00e9s par balle \u00e0 Mantes-la-Jolie<\/strong><\/a><br \/>Une fusillade a eu lieu dans la nuit du samedi 11 octobre au dimanche 12 octobre 2025 dans le quartier du Val Fourr\u00e9 \u00e0 Mantes-la-Jolie (Yvelines). Un homme est en urgence absolue.<\/p>\n<p class=\" wall-content\"><strong>Seine-et-Marne. <\/strong><a title=\"Lire l&#039;article\" href=\"https:\/\/actu.fr\/ile-de-france\/maincy_77269\/seine-et-marne-le-chateau-de-vaux-le-vicomte-devoile-deux-timbres-dont-lun-a-son-effigie_63288351.html\" target=\"_blank\" rel=\"noopener\"><strong>Seine-et-marne : le ch\u00e2teau de Vaux-le-Vicomte d\u00e9voile deux timbres, dont l\u2019un \u00e0 son effigie<\/strong><\/a><br \/>Le ch\u00e2teau de Vaux-le-Vicomte a accueilli la pr\u00e9sentation de deux nouveaux timbres : l\u2019un \u00e0 l\u2019effigie de ses jardins, l\u2019autre repr\u00e9sentant le temple Ginkaku-ji, au Japon.\u00a0<\/p>\n<p class=\" wall-content\"><strong>Suivez-nous pour en savoir plus !<\/strong><\/p>\n<p class=\" wall-content\">Paris : retrouvez actu Paris sur <a href=\"https:\/\/www.facebook.com\/actufr.paris\/\" target=\"_blank\" rel=\"noopener\">Facebook<\/a> et <a href=\"https:\/\/x.com\/actufrparis\">Twitter<\/a> ;<br \/>Seine-et-Marne : retrouvez\u00a0La R\u00e9publique de Seine-et-Marne\u00a0(sud) sur\u00a0<a href=\"https:\/\/www.facebook.com\/RepubliqueSeineMarne\/\" target=\"_blank\" rel=\"noopener\">Facebook<\/a>\u00a0et\u00a0<a href=\"https:\/\/x.com\/JournalLaMarne\">Twitter<\/a>\u00a0;\u00a0La Marne\u00a0(nord) sur\u00a0<a href=\"https:\/\/www.facebook.com\/RepubliqueSeineMarne\/\" target=\"_blank\" rel=\"noopener\">Facebook<\/a>\u00a0et\u00a0<a href=\"https:\/\/x.com\/JournalLaMarne\">Twitter<\/a>\u00a0; et\u00a0Le Pays Briard\u00a0sur\u00a0<a href=\"https:\/\/www.facebook.com\/LePaysBriard\/?ref=bookmarks\" target=\"_blank\" rel=\"noopener\">Facebook<\/a>\u00a0et\u00a0<a href=\"https:\/\/x.com\/LePaysBriard\">Twitter<\/a>\u00a0;<br \/>Yvelines : retrouvez\u00a078actu\u00a0sur\u00a0<a href=\"https:\/\/www.facebook.com\/78actu?locale=fr_FR\" target=\"_blank\" rel=\"noopener\">Facebook<\/a>\u00a0et\u00a0<a href=\"https:\/\/x.com\/78actu\">Twitter<\/a>\u00a0;<br \/>Essonne : retrouvez\u00a0actu Essonne\u00a0sur\u00a0<a href=\"https:\/\/www.facebook.com\/actuessonne\/?ref=br_rs\" target=\"_blank\" rel=\"noopener\">Facebook<\/a>\u00a0et\u00a0<a href=\"https:\/\/x.com\/ActuEssonne\">Twitter<\/a>\u00a0;<br \/>Hauts-de-Seine : retrouvez\u00a0actu Hauts-de-Seine\u00a0sur\u00a0<a href=\"https:\/\/www.facebook.com\/actufr.hautsdeseine\/\" target=\"_blank\" rel=\"noopener\">Facebook<\/a>\u00a0et\u00a0<a href=\"https:\/\/x.com\/actufr92\">Twitter<\/a>\u00a0;<br \/>Seine-Saint-Denis : retrouvez\u00a0actu Seine-Saint-Denis\u00a0sur\u00a0<a href=\"https:\/\/www.facebook.com\/actu94.valdemarne\/\" target=\"_blank\" rel=\"noopener\">Facebook<\/a>\u00a0et\u00a0<a href=\"https:\/\/x.com\/actufr93\">Twitter<\/a>\u00a0;<br \/>Val-de-Marne : retrouvez\u00a0actu Val-de-Marne\u00a0sur\u00a0<a href=\"https:\/\/www.facebook.com\/actu94.valdemarne\/\" target=\"_blank\" rel=\"noopener\">Facebook<\/a>\u00a0et\u00a0<a href=\"https:\/\/x.com\/actufr94\">Twitter<\/a>\u00a0;<br \/>Val-d\u2019Oise : retrouvez\u00a0La Gazette du Val-d\u2019Oise\u00a0sur\u00a0Facebook.<\/p>\n<p class=\" wall-content\">Personnalisez votre actualit\u00e9 en ajoutant vos villes et m\u00e9dias en favori avec <a href=\"https:\/\/moncompte.actu.fr\" title=\"D\u00e9couvez Mon Actu\" rel=\"nofollow noopener\" data-trk=\"{&quot;cta&quot;:{&quot;action&quot;:&quot;https:\\\/\\\/moncompte.actu.fr&quot;,&quot;category&quot;:&quot;mon compte&quot;,&quot;from&quot;:&quot;article footer&quot;,&quot;name&quot;:&quot;Mon actu&quot;,&quot;type&quot;:&quot;cta&quot;}}\" target=\"_blank\">Mon Actu<\/a>.<\/p>\n","protected":false},"excerpt":{"rendered":"Par Antoine Grotteria Publi\u00e9 le 12 oct. 2025 \u00e0 18h02 Une \u00e9trange lettre. Vendredi 10 octobre 2025, en&hellip;\n","protected":false},"author":2,"featured_media":457980,"comment_status":"","ping_status":"","sticky":false,"template":"","format":"standard","meta":{"footnotes":""},"categories":[1592],"tags":[1111,11,101,8777,1777,674,1011,27,662,12,626,25,11067,104],"class_list":{"0":"post-457979","1":"post","2":"type-post","3":"status-publish","4":"format-standard","5":"has-post-thumbnail","7":"category-ile-de-france","8":"tag-actu","9":"tag-actualites","10":"tag-cancer","11":"tag-cathedrale-notre-dame-de-paris","12":"tag-eu","13":"tag-europe","14":"tag-fr","15":"tag-france","16":"tag-ile-de-france","17":"tag-news","18":"tag-paris","19":"tag-republique-francaise","20":"tag-sebastien-lecornu","21":"tag-societe"},"share_on_mastodon":{"url":"https:\/\/pubeurope.com\/@fr\/115362504736616197","error":""},"_links":{"self":[{"href":"https:\/\/www.europesays.com\/fr\/wp-json\/wp\/v2\/posts\/457979","targetHints":{"allow":["GET"]}}],"collection":[{"href":"https:\/\/www.europesays.com\/fr\/wp-json\/wp\/v2\/posts"}],"about":[{"href":"https:\/\/www.europesays.com\/fr\/wp-json\/wp\/v2\/types\/post"}],"author":[{"embeddable":true,"href":"https:\/\/www.europesays.com\/fr\/wp-json\/wp\/v2\/users\/2"}],"replies":[{"embeddable":true,"href":"https:\/\/www.europesays.com\/fr\/wp-json\/wp\/v2\/comments?post=457979"}],"version-history":[{"count":0,"href":"https:\/\/www.europesays.com\/fr\/wp-json\/wp\/v2\/posts\/457979\/revisions"}],"wp:featuredmedia":[{"embeddable":true,"href":"https:\/\/www.europesays.com\/fr\/wp-json\/wp\/v2\/media\/457980"}],"wp:attachment":[{"href":"https:\/\/www.europesays.com\/fr\/wp-json\/wp\/v2\/media?parent=457979"}],"wp:term":[{"taxonomy":"category","embeddable":true,"href":"https:\/\/www.europesays.com\/fr\/wp-json\/wp\/v2\/categories?post=457979"},{"taxonomy":"post_tag","embeddable":true,"href":"https:\/\/www.europesays.com\/fr\/wp-json\/wp\/v2\/tags?post=457979"}],"curies":[{"name":"wp","href":"https:\/\/api.w.org\/{rel}","templated":true}]}}