{"id":457981,"date":"2025-10-12T18:01:17","date_gmt":"2025-10-12T18:01:17","guid":{"rendered":"https:\/\/www.europesays.com\/fr\/457981\/"},"modified":"2025-10-12T18:01:17","modified_gmt":"2025-10-12T18:01:17","slug":"a-paris-une-manifestation-pas-politique-reunit-des-milliers-de-personnes-tres-a-droite","status":"publish","type":"post","link":"https:\/\/www.europesays.com\/fr\/457981\/","title":{"rendered":"\u00e0 Paris, une manifestation \u00ab\u00a0pas politique\u00a0\u00bb r\u00e9unit des milliers de personnes tr\u00e8s \u00e0 droite"},"content":{"rendered":"<p>            Par<br \/>\n        <strong><br \/>\n            <a href=\"https:\/\/actu.fr\/auteur\/glenn-gillet\" title=\"Consulter tous les articles de Glenn Gillet\" target=\"_blank\" rel=\"noopener\">Glenn Gillet<\/a><br \/>\n        <\/strong><\/p>\n<p>        Publi\u00e9 le<\/p>\n<p>            12 oct. 2025 \u00e0 19h35        <\/p>\n<p>Il encha\u00eene les selfies et les poign\u00e9es de main avec des dizaines et des dizaines de personnes venues lui dire \u00ab\u2009merci\u2009\u00bb. Benamar, 38\u00a0ans est plus connu sous le nom de <a href=\"https:\/\/www.tiktok.com\/@ben_le_patriote?lang=fr\" target=\"_blank\" rel=\"noopener\">\u00ab\u2009Ben le patriote\u2009\u00bb<\/a> sur les r\u00e9seaux sociaux, lui qui cumule plus de <strong>360\u2009000 abonn\u00e9s<\/strong> sur TikTok, autant sur Instagram, et pr\u00e8s 50\u2009000 sur Facebook. Aux c\u00f4t\u00e9s d\u2019autres influenceurs qui se revendiquent comme lui \u00ab\u2009patriotes\u2009\u00bb et de groupes en ligne comme <a href=\"https:\/\/www.facebook.com\/profile.php?id=61574768945693\" target=\"_blank\" rel=\"noopener\">\u00ab\u2009Les patriotes de la diversit\u00e9\u2009\u00bb<\/a>, celui qui assure n\u2019en avoir <strong>\u00ab\u2009rien \u00e0 foutre de la politique\u2009\u00bb<\/strong> a appel\u00e9 \u00e0 <a href=\"https:\/\/actu.fr\/tag\/manifestations\" target=\"_blank\" rel=\"noopener\">manifester<\/a> ce dimanche 12\u00a0octobre \u00ab\u2009pour lever le <strong>drapeau\u2009<\/strong>\u00bb \u00e0 Paris.<\/p>\n<p>\u00ab\u2009Fiert\u00e9 d\u2019\u00eatre Fran\u00e7ais\u2009\u00bb et proximit\u00e9 avec la droite et l\u2019extr\u00eame droite<\/p>\n<p class=\" wall-content\">Sans chiffres officiels \u00e0 ce stade, on estime que plusieurs milliers de manifestants ont ainsi battu le pav\u00e9 entre R\u00e9publique et Nation en agitant des drapeaux bleu blanc rouge. Les participants ont repris des slogans comme<strong> \u00ab\u2009On est chez nous\u2009<\/strong>\u00bb et \u00ab\u2009Aimez-la ou quittez-la\u2009\u00bb, sous-entendu \u00ab\u2009la France\u2009\u00bb, multipli\u00e9 les reprises de La Marseillaise, tout en huant copieusement les drapeaux palestiniens suspendus aux fen\u00eatres de certains immeubles. Quelques personnalit\u00e9s \u00e9galement marqu\u00e9es \u00e0 droite voire \u00e0 l\u2019extr\u00eame droite \u00e9taient pr\u00e9sentes comme la d\u00e9put\u00e9e macroniste <strong>Shannon Seban<\/strong> ou <strong>Florian Philippot<\/strong>, ex-bras droit de Marine Le Pen. Des militantes du groupe de f\u00e9ministes d\u2019extr\u00eame droite N\u00e9m\u00e9sis tractaient \u00e9galement sur place, tandis qu\u2019un journaliste du m\u00e9dia Fronti\u00e8res, proche de Reconqu\u00eate et financ\u00e9 par partisans d\u2019une \u00ab\u2009union des droites\u2009\u00bb des R\u00e9publicains \u00e0 Reconqu\u00eate, a \u00e9t\u00e9 acclam\u00e9 par la foule.<\/p>\n<p class=\" wall-content\">Interrog\u00e9s, les manifestants \u00e9voquent le plus souvent leur regret de ne pas pouvoir revendiquer leur \u00ab\u2009fiert\u00e9 d\u2019\u00eatre Fran\u00e7ais\u2009\u00bb et le drapeau tricolore. Ils demandent notamment un contr\u00f4le accru de l\u2019immigration et revendiquent pour la plupart une affiliation politique \u00ab\u2009de droite\u2009\u00bb, certains faisant part de leur sympathie pour le Rassemblement national et Reconqu\u00eate quand d\u2019autres se disent abstentionnistes ou demandent la formation d\u2019un \u00ab\u2009gouvernement technique\u2009\u00bb. La plupart revendiquent par ailleurs un rejet de la gauche, notamment de la France insoumise.<\/p>\n<p>    <img   decoding=\"async\" loading=\"lazy\" src=\"https:\/\/www.europesays.com\/fr\/wp-content\/uploads\/2025\/10\/img-7406-960x640.jpg\" alt=\"\" width=\"960\" height=\"640\"\/><br \/>\n    \u00ab\u00a0Ben le patriote\u00a0\u00bb (droite) a \u00e9t\u00e9 l\u2019un des initiateurs de cette mobilisation du 12 octobre. (\u00a9GG \/ actu Paris)<\/p>\n<p class=\" wall-content\">Face \u00e0 un appel \u00e0 manifester qui a re\u00e7u un certain \u00ab\u2009Ben le patriote\u2009\u00bb, bas\u00e9 \u00e0 Perpignan, travaille comme pompier militaire dans l\u2019Arm\u00e9e de terre. C\u2019est d\u2019ailleurs sa situation professionnelle et la neutralit\u00e9 politique qui lui est associ\u00e9e qu\u2019il invoque lorsqu\u2019actu Paris lui demande s\u2019il a une quelconque ambition \u00e9lectorale. \u00ab\u2009Je respecte la d\u00e9mocratie, chacun a sa sensibilit\u00e9 mais <strong>le but n\u2019est pas politique<\/strong>\u2009\u00bb, explique-t-il. Sans revendiquer aucune affiliation id\u00e9ologique, il demande tout de m\u00eame aux personnes rassembl\u00e9es place de la R\u00e9publique au d\u00e9but de la manifestation de \u00ab\u2009ramasser tous les d\u00e9chets, parce qu\u2019on n\u2019est <strong>pas des gauchistes\u2009<\/strong>\u00bb.<\/p>\n<p class=\" wall-content\">Il estime par ailleurs que \u00ab\u2009la gauche a du mal \u00e0 brandir le drapeau fran\u00e7ais\u2009\u00bb, qui ne devrait selon lui pas \u00eatre connot\u00e9 politiquement puisqu\u2019il est \u00ab\u2009un symbole d\u2019unit\u00e9\u2009\u00bb, et cela \u00ab\u2009peu importe les opinions politiques, la couleur de peau ou les religions\u2009\u00bb. Lui-m\u00eame se dit <strong>\u00ab\u2009fier de ses origines alg\u00e9riennes\u2009\u00bb<\/strong> et ne fait pas myst\u00e8re du fait qu\u2019il est musulman, tout en revendiquant un attachement visc\u00e9ral \u00e0 la France. \u00ab\u2009L\u2019ultra-droite m\u2019attaque parce qu\u2019elle dit que je suis un islamiste et l\u2019extr\u00eame gauche me traite de harki ou d\u2019arabe de service\u2009\u00bb, souligne-t-il. Malgr\u00e9 les attaques, il affirme vouloir structurer ce mouvement de \u00ab\u00a0patriotes\u00a0\u00bb pour pouvoir organiser <strong>d\u2019autres \u00e9v\u00e9nements<\/strong>, dont des manifestations, \u00e0 l\u2019avenir.<\/p>\n<p>Des manifestations de ce type qui restent rares \u00e0 Paris<\/p>\n<p class=\" wall-content\">Mobilis\u00e9e apr\u00e8s l\u2019appel lanc\u00e9 par le collectif d\u2019influenceurs, Sylvie, 63\u00a0ans et proth\u00e9siste dentaire retrait\u00e9e vivant \u00e0 Paris, explique \u00eatre venue pour \u00ab\u2009d\u00e9fendre les valeurs de la France\u2009\u00bb, un \u00ab\u2009pays d\u2019accueil, o\u00f9 peut s\u2019exprimer, s\u2019habiller comme on veut\u2009\u00bb, mais o\u00f9 elle souhaite continuer \u00e0 \u00ab\u2009pouvoir f\u00eater P\u00e2ques et No\u00ebl\u2009\u00bb et faire vivre les \u00ab\u2009<strong>traditions<\/strong> fran\u00e7ais\u2009\u00bb.\u00a0Regrettant le fait que la France soit parfois d\u00e9peinte \u00ab\u2009comme un pays de fachos, de colonialistes\u2009\u00bb, elle se dit \u00ab\u2009triste qu\u2019il n\u2019y ait pas plus de monde\u2009\u00bb pour la d\u00e9fendre ce dimanche. C\u00f4t\u00e9 politique, aucune personnalit\u00e9 ne trouve vraiment gr\u00e2ce \u00e0 ses yeux, elle estime que \u00ab\u2009l\u2019extr\u00eame droite s\u2019est am\u00e9lior\u00e9e, m\u00eame si le message reste assez raciste par moments\u2009\u00bb.<\/p>\n<p>Votre r\u00e9gion, votre actu !<\/p>\n<p>Recevez chaque jour les infos qui comptent pour vous.<\/p>\n<p>\t<a href=\"https:\/\/actu.fr\/newsletter\" class=\"ac-btn ac-btn--corner ac-btn--medium ac-btn--blue800\" target=\"_blank\" rel=\"noopener\">S&rsquo;incrire<\/a><\/p>\n<p class=\" wall-content\">Camille, 26\u00a0ans, juriste \u00e9galement originaire du sud de la banlieue parisienne, se dit quant \u00e0 lui sympathisant de Reconqu\u00eate mais avant tout partisan de l\u2019union des droites. Il d\u00e9nonce le fait qu\u2019\u00ab\u2009aujourd\u2019hui, dire qu\u2019on est patriote ou parler d\u2019identit\u00e9 ce sont des gros mots\u2009\u00bb, un \u00e9tat de fait dont il trouve la source dans le \u00ab\u2009battage politique et m\u00e9diatique\u2009\u00bb qu\u2019il dit constater \u00e0 l\u2019encontre des id\u00e9es \u00ab\u2009de droite\u2009\u00bb, r\u00e9futant par ailleurs le qualificatif d\u2019<strong>extr\u00eame droite<\/strong>. Il estime que cette manifestation pourra participer \u00e0 ce que les gens \u00ab\u2009n\u2019aient plus honte d\u2019\u00eatre de droite\u2009\u00bb et esp\u00e8re qu\u2019un autre \u00e9v\u00e9nement de ce type aura bient\u00f4t lieu dans la capitale. M\u00eame espoir pour Damien, 39 ans, venu de Seine-et-Marne et qui affirme son intention de voter RN en 2027, apr\u00e8s avoir vot\u00e9 LFI en 2017 mais d\u00e9\u00e7u depuis par le mouvement de Jean-Luc M\u00e9lenchon qu\u2019il d\u00e9crit comme \u00ab\u00a0pro-islamique\u00a0\u00bb.<\/p>\n<p class=\" wall-content\">Les rassemblements d\u00e9fendant des id\u00e9es de droite et d\u2019extr\u00eame droite sont habituellement <strong>rares \u00e0 Paris<\/strong>, hormis lors de meetings politiques en p\u00e9riode \u00e9lectorale. En avril, c\u2019est le Rassemblement national qui avait <a href=\"https:\/\/actu.fr\/ile-de-france\/paris_75056\/avant-on-etait-les-betes-noires-a-paris-la-jeunesse-assume-son-soutien-au-rn-et-a-marine-le-pen_62473292.html\" target=\"_blank\" rel=\"noopener\">r\u00e9uni plusieurs milliers de personnes du c\u00f4t\u00e9 des Invalides<\/a>, pour d\u00e9noncer la condamnation de Marine Le Pen \u00e0 deux ans de prison dont deux fermes et cinq ans d\u2019in\u00e9ligibilit\u00e9 pour d\u00e9tournement de fonds dans l\u2019affaire des assistants au Parlement europ\u00e9en.<\/p>\n<p class=\" wall-content\">Personnalisez votre actualit\u00e9 en ajoutant vos villes et m\u00e9dias en favori avec <a href=\"https:\/\/moncompte.actu.fr\" title=\"D\u00e9couvez Mon Actu\" rel=\"nofollow noopener\" data-trk=\"{&quot;cta&quot;:{&quot;action&quot;:&quot;https:\\\/\\\/moncompte.actu.fr&quot;,&quot;category&quot;:&quot;mon compte&quot;,&quot;from&quot;:&quot;article footer&quot;,&quot;name&quot;:&quot;Mon actu&quot;,&quot;type&quot;:&quot;cta&quot;}}\" target=\"_blank\">Mon Actu<\/a>.<\/p>\n<p>                    <script async src=\"\/\/www.tiktok.com\/embed.js\"><\/script><\/p>\n","protected":false},"excerpt":{"rendered":"Par Glenn Gillet Publi\u00e9 le 12 oct. 2025 \u00e0 19h35 Il encha\u00eene les selfies et les poign\u00e9es de&hellip;\n","protected":false},"author":2,"featured_media":457982,"comment_status":"","ping_status":"","sticky":false,"template":"","format":"standard","meta":{"footnotes":""},"categories":[1888],"tags":[1111,1928,11,1927,1777,674,1011,27,1272,12,1926,626,1925,25,938,104],"class_list":{"0":"post-457981","1":"post","2":"type-post","3":"status-publish","4":"format-standard","5":"has-post-thumbnail","7":"category-paris","8":"tag-actu","9":"tag-actu-paris","10":"tag-actualites","11":"tag-actualites-paris","12":"tag-eu","13":"tag-europe","14":"tag-fr","15":"tag-france","16":"tag-manifestations","17":"tag-news","18":"tag-news-paris","19":"tag-paris","20":"tag-paris-news","21":"tag-republique-francaise","22":"tag-reseaux-sociaux","23":"tag-societe"},"share_on_mastodon":{"url":"https:\/\/pubeurope.com\/@fr\/115362509107175053","error":""},"_links":{"self":[{"href":"https:\/\/www.europesays.com\/fr\/wp-json\/wp\/v2\/posts\/457981","targetHints":{"allow":["GET"]}}],"collection":[{"href":"https:\/\/www.europesays.com\/fr\/wp-json\/wp\/v2\/posts"}],"about":[{"href":"https:\/\/www.europesays.com\/fr\/wp-json\/wp\/v2\/types\/post"}],"author":[{"embeddable":true,"href":"https:\/\/www.europesays.com\/fr\/wp-json\/wp\/v2\/users\/2"}],"replies":[{"embeddable":true,"href":"https:\/\/www.europesays.com\/fr\/wp-json\/wp\/v2\/comments?post=457981"}],"version-history":[{"count":0,"href":"https:\/\/www.europesays.com\/fr\/wp-json\/wp\/v2\/posts\/457981\/revisions"}],"wp:featuredmedia":[{"embeddable":true,"href":"https:\/\/www.europesays.com\/fr\/wp-json\/wp\/v2\/media\/457982"}],"wp:attachment":[{"href":"https:\/\/www.europesays.com\/fr\/wp-json\/wp\/v2\/media?parent=457981"}],"wp:term":[{"taxonomy":"category","embeddable":true,"href":"https:\/\/www.europesays.com\/fr\/wp-json\/wp\/v2\/categories?post=457981"},{"taxonomy":"post_tag","embeddable":true,"href":"https:\/\/www.europesays.com\/fr\/wp-json\/wp\/v2\/tags?post=457981"}],"curies":[{"name":"wp","href":"https:\/\/api.w.org\/{rel}","templated":true}]}}