{"id":457987,"date":"2025-10-12T18:04:13","date_gmt":"2025-10-12T18:04:13","guid":{"rendered":"https:\/\/www.europesays.com\/fr\/457987\/"},"modified":"2025-10-12T18:04:13","modified_gmt":"2025-10-12T18:04:13","slug":"video-lincroyable-boulette-de-paul-lapeira-a-paris-tours","status":"publish","type":"post","link":"https:\/\/www.europesays.com\/fr\/457987\/","title":{"rendered":"VID\u00c9O. L\u2019incroyable boulette de Paul Lapeira \u00e0 Paris-Tours"},"content":{"rendered":"<p>            Par<br \/>\n        <strong><br \/>\n            <a href=\"https:\/\/actu.fr\/auteur\/b-hue\" title=\"Consulter tous les articles de Baptiste Hue\" rel=\"nofollow noopener\" target=\"_blank\">Baptiste Hue<\/a><br \/>\n        <\/strong><\/p>\n<p>        Publi\u00e9 le<\/p>\n<p>            12 oct. 2025 \u00e0 18h51        <\/p>\n<p>On parie que vous allez plus facilement trouver le sommeil que <a href=\"https:\/\/actu.fr\/tag\/paul-lapeira\" rel=\"nofollow noopener\" target=\"_blank\">Paul Lapeira<\/a> ce <b>dimanche 12 octobre 2025<\/b>\u2026 Le<b> coureur Manchois <\/b>risque en effet de<b> ruminer longtemps <\/b>ce <b>final <\/b>de <a href=\"https:\/\/actu.fr\/centre-val-de-loire\/chartres_28085\/paris-tours-a-chartres-ce-dimanche-ce-qu-il-faut-savoir-pour-profiter-de-cette-course-historique_63286987.html\" rel=\"nofollow noopener\" target=\"_blank\">Paris-Tours<\/a>, la classique des feuilles mortes.<\/p>\n<p class=\" wall-content\"><b>Parti \u00e0 l\u2019attaque \u00e0 35 kilom\u00e8tres de l\u2019arriv\u00e9e en compagnie <\/b>de son compatriote <b>Thibaud Gruel<\/b> (Groupama-FDJ), avec qui il a parfaitement collabor\u00e9, le <b>puncheur <\/b>de Decathlon-AG2R La Mondiale \u00e9tait sur le point de<b> se disputer la victoire<\/b>, r\u00e9sistant au retour du groupe de contre avec un <b>petit matelas d\u2019une dizaine de secondes<\/b> \u00e0 l\u2019approche de la <b>flamme rouge<\/b>.<\/p>\n<blockquote class=\"ac-article-quote wall-content\">\n<p>\u2009S\u2019ils ne se regardent pas, ils ont course gagn\u00e9e.<\/p>\n<p>Jacky Durand, ancien vainqueur de l\u2019\u00e9preuve, au micro d\u2019Eurosport<\/p><\/blockquote>\n<p>Final rocambolesque<\/p>\n<p class=\" wall-content\">Malheureusement, le duo s\u2019est subitement<b> arr\u00eat\u00e9 de rouler<\/b>, chacun refusant d\u2019emmener \u00e9ventuellement l\u2019autre \u00e0 la victoire.<\/p>\n<p class=\" wall-content\">\u00ab\u2009On est <b>un peu stupides <\/b>de se regarder dans le final, mais je voulais gagner et pas faire 2e. Je voulais qu\u2019il emm\u00e8ne le sprint et \u00eatre derri\u00e8re. Et lui me disait\u2009: tu es \u00e0 la maison, c\u2019est \u00e0 toi d\u2019assumer\u2009\u00bb, a expliqu\u00e9 \u00e0 l\u2019arriv\u00e9e Thibaud Gruel, qui est n\u00e9 \u00e0 <a href=\"https:\/\/actu.fr\/centre-val-de-loire\/tours_37261\" rel=\"nofollow noopener\" target=\"_blank\">Tours<\/a> (Indre-et-Loire).<\/p>\n<p class=\" wall-content\">\u00ab\u2009\u00c0 la radio, on me disait\u2009: ne craque pas, ne craque pas, alors que je mourrais d\u2019envie de craquer. Et lui non plus n\u2019a pas craqu\u00e9\u2009\u00bb, a-t-il ajout\u00e9. \u00ab\u2009J\u2019esp\u00e9rais qu\u2019il craque, c\u2019est la course, c\u2019est comme \u00e7a\u2009\u00bb, a d\u00e9clar\u00e9 pour sa part Paul Lapeira, finalement 4e, juste devant\u2026 Thibaud Gruel.<\/p>\n<p class=\" wall-content\">\n<p class=\" wall-content\">Ce <b>final rocambolesque<\/b> a provoqu\u00e9 un<b> d\u00e9cha\u00eenement de commentaires n\u00e9gatifs <\/b>sur les r\u00e9seaux sociaux, beaucoup reprochant le<b> choix tactique <\/b>de Paul Lapeira, qui avait certainement, sur le papier, une <b>bien meilleure pointe de vitesse<\/b> que Thibaud Gruel.<\/p>\n<p>    <a href=\"https:\/\/www.facebook.com\/plugins\/post.php?href=https%3A%2F%2Fwww.facebook.com%2FFFLose%2Fposts%2Fpfbid0NQvrhciVopMoHvJf7bYmRobUtanHzxJ6mpPieAfAL3QP57yqB7rEPH2TCitghxy9l&amp;show_text=true&amp;width=350\" title=\"Ouvrie le lien\" rel=\"nofollow noopener\" target=\"_blank\">Cliquez ici pour visualiser le contenu<\/a><\/p>\n<p class=\" wall-content\">Personnalisez votre actualit\u00e9 en ajoutant vos villes et m\u00e9dias en favori avec <a href=\"https:\/\/moncompte.actu.fr\" title=\"D\u00e9couvez Mon Actu\" rel=\"nofollow noopener\" data-trk=\"{&quot;cta&quot;:{&quot;action&quot;:&quot;https:\\\/\\\/moncompte.actu.fr&quot;,&quot;category&quot;:&quot;mon compte&quot;,&quot;from&quot;:&quot;article footer&quot;,&quot;name&quot;:&quot;Mon actu&quot;,&quot;type&quot;:&quot;cta&quot;}}\" target=\"_blank\">Mon Actu<\/a>.<\/p>\n","protected":false},"excerpt":{"rendered":"Par Baptiste Hue Publi\u00e9 le 12 oct. 2025 \u00e0 18h51 On parie que vous allez plus facilement trouver&hellip;\n","protected":false},"author":2,"featured_media":457988,"comment_status":"","ping_status":"","sticky":false,"template":"","format":"standard","meta":{"footnotes":""},"categories":[1888],"tags":[11,207,1777,674,1011,27,12,626,58302,25,60],"class_list":{"0":"post-457987","1":"post","2":"type-post","3":"status-publish","4":"format-standard","5":"has-post-thumbnail","7":"category-paris","8":"tag-actualites","9":"tag-cyclisme","10":"tag-eu","11":"tag-europe","12":"tag-fr","13":"tag-france","14":"tag-news","15":"tag-paris","16":"tag-paul-lapeira","17":"tag-republique-francaise","18":"tag-sports"},"share_on_mastodon":{"url":"https:\/\/pubeurope.com\/@fr\/115362520344521311","error":""},"_links":{"self":[{"href":"https:\/\/www.europesays.com\/fr\/wp-json\/wp\/v2\/posts\/457987","targetHints":{"allow":["GET"]}}],"collection":[{"href":"https:\/\/www.europesays.com\/fr\/wp-json\/wp\/v2\/posts"}],"about":[{"href":"https:\/\/www.europesays.com\/fr\/wp-json\/wp\/v2\/types\/post"}],"author":[{"embeddable":true,"href":"https:\/\/www.europesays.com\/fr\/wp-json\/wp\/v2\/users\/2"}],"replies":[{"embeddable":true,"href":"https:\/\/www.europesays.com\/fr\/wp-json\/wp\/v2\/comments?post=457987"}],"version-history":[{"count":0,"href":"https:\/\/www.europesays.com\/fr\/wp-json\/wp\/v2\/posts\/457987\/revisions"}],"wp:featuredmedia":[{"embeddable":true,"href":"https:\/\/www.europesays.com\/fr\/wp-json\/wp\/v2\/media\/457988"}],"wp:attachment":[{"href":"https:\/\/www.europesays.com\/fr\/wp-json\/wp\/v2\/media?parent=457987"}],"wp:term":[{"taxonomy":"category","embeddable":true,"href":"https:\/\/www.europesays.com\/fr\/wp-json\/wp\/v2\/categories?post=457987"},{"taxonomy":"post_tag","embeddable":true,"href":"https:\/\/www.europesays.com\/fr\/wp-json\/wp\/v2\/tags?post=457987"}],"curies":[{"name":"wp","href":"https:\/\/api.w.org\/{rel}","templated":true}]}}