{"id":457991,"date":"2025-10-12T18:06:14","date_gmt":"2025-10-12T18:06:14","guid":{"rendered":"https:\/\/www.europesays.com\/fr\/457991\/"},"modified":"2025-10-12T18:06:14","modified_gmt":"2025-10-12T18:06:14","slug":"zhanna-refugiee-ukrainienne-voit-sa-situation-sameliorer-deux-ans-apres-avoir-fui-son-pays-en-guerre","status":"publish","type":"post","link":"https:\/\/www.europesays.com\/fr\/457991\/","title":{"rendered":"Zhanna, r\u00e9fugi\u00e9e ukrainienne voit sa situation s\u2019am\u00e9liorer deux ans apr\u00e8s avoir fui son pays en guerre"},"content":{"rendered":"<p>Zhanna, ressortissante ukrainienne, est arriv\u00e9e en France en fin d\u2019ann\u00e9e 2023. Ne parlant pas la langue, sans ressources et avec de simples effets personnels, elle a \u00e9t\u00e9 accueillie, \u00e0 Vouill\u00e9, par Eric Dermigny, engag\u00e9 dans le soutien \u00e0 l\u2019Ukraine d\u00e8s le d\u00e9but de l\u2019agression de celle-ci par la Russie&#8230;. <\/p>\n<p>    Cet article a \u00e9t\u00e9 tronqu\u00e9. Abonnez-vous pour lire l&rsquo;article complet sur notre site.<\/p>\n<p style=\"margin: 0 !important; padding: 0 !important; font-size: 12px !important;\">Cet article a \u00e9t\u00e9 tronqu\u00e9. Abonnez-vous pour lire l&rsquo;article complet.<\/p>\n<p>    <a href=\"https:\/\/www.lanouvellerepublique.fr\/abonnements\" style=\"display: inline-block; margin-top: 5px !important; padding: 6px 12px !important; background: #cb1c27; color: white; text-decoration: none; border-radius: 4px; font-size: 12px !important;\" target=\"_blank\" rel=\"noopener\"><br \/>\n      S&rsquo;abonner<br \/>\n    <\/a><\/p>\n","protected":false},"excerpt":{"rendered":"Zhanna, ressortissante ukrainienne, est arriv\u00e9e en France en fin d\u2019ann\u00e9e 2023. Ne parlant pas la langue, sans ressources&hellip;\n","protected":false},"author":2,"featured_media":457992,"comment_status":"","ping_status":"","sticky":false,"template":"","format":"standard","meta":{"footnotes":""},"categories":[1590],"tags":[1392,11,1674,1777,674,12,801,220,1584,58303],"class_list":{"0":"post-457991","1":"post","2":"type-post","3":"status-publish","4":"format-standard","5":"has-post-thumbnail","7":"category-ukraine","8":"tag-a-la-une-local","9":"tag-actualites","10":"tag-communes","11":"tag-eu","12":"tag-europe","13":"tag-news","14":"tag-social","15":"tag-ukraine","16":"tag-vienne","17":"tag-vouille-86"},"share_on_mastodon":{"url":"https:\/\/pubeurope.com\/@fr\/115362528246642231","error":""},"_links":{"self":[{"href":"https:\/\/www.europesays.com\/fr\/wp-json\/wp\/v2\/posts\/457991","targetHints":{"allow":["GET"]}}],"collection":[{"href":"https:\/\/www.europesays.com\/fr\/wp-json\/wp\/v2\/posts"}],"about":[{"href":"https:\/\/www.europesays.com\/fr\/wp-json\/wp\/v2\/types\/post"}],"author":[{"embeddable":true,"href":"https:\/\/www.europesays.com\/fr\/wp-json\/wp\/v2\/users\/2"}],"replies":[{"embeddable":true,"href":"https:\/\/www.europesays.com\/fr\/wp-json\/wp\/v2\/comments?post=457991"}],"version-history":[{"count":0,"href":"https:\/\/www.europesays.com\/fr\/wp-json\/wp\/v2\/posts\/457991\/revisions"}],"wp:featuredmedia":[{"embeddable":true,"href":"https:\/\/www.europesays.com\/fr\/wp-json\/wp\/v2\/media\/457992"}],"wp:attachment":[{"href":"https:\/\/www.europesays.com\/fr\/wp-json\/wp\/v2\/media?parent=457991"}],"wp:term":[{"taxonomy":"category","embeddable":true,"href":"https:\/\/www.europesays.com\/fr\/wp-json\/wp\/v2\/categories?post=457991"},{"taxonomy":"post_tag","embeddable":true,"href":"https:\/\/www.europesays.com\/fr\/wp-json\/wp\/v2\/tags?post=457991"}],"curies":[{"name":"wp","href":"https:\/\/api.w.org\/{rel}","templated":true}]}}