{"id":457995,"date":"2025-10-12T18:08:20","date_gmt":"2025-10-12T18:08:20","guid":{"rendered":"https:\/\/www.europesays.com\/fr\/457995\/"},"modified":"2025-10-12T18:08:20","modified_gmt":"2025-10-12T18:08:20","slug":"lukraine-et-le-royaume-uni-creeront-un-groupe-pour-coordonner-des-projets-technologiques-communs","status":"publish","type":"post","link":"https:\/\/www.europesays.com\/fr\/457995\/","title":{"rendered":"L&rsquo;Ukraine et le Royaume-Uni cr\u00e9eront un groupe pour coordonner des projets technologiques communs"},"content":{"rendered":"<p>Lors du Forum international des industries de d\u00e9fense (DFNC3) l&rsquo;Ukraine et le Royaume-Uni ont convenu de cr\u00e9er un groupe de travail charg\u00e9 de coordonner des projets communs dans le cadre du programme LYRA, un partenariat dans le domaine des technologies pour le champ de bataille.<\/p>\n<p style=\"text-align: justify;\">Comme le rapporte Ukrinform, le ministre ukrainien de la D\u00e9fense Denys Chmygal l&rsquo;a annonc\u00e9 sur Facebook.<\/p>\n<\/p>\n<p style=\"text-align: justify;\">\u00ab\u00a0En marge du Forum international de l&rsquo;industrie de d\u00e9fense DFNC3, une d\u00e9claration d&rsquo;intention a \u00e9t\u00e9 sign\u00e9e entre le secr\u00e9taire d&rsquo;\u00c9tat \u00e0 la D\u00e9fense du Royaume-Uni et le minist\u00e8re ukrainien de la D\u00e9fense concernant le programme LYRA, un partenariat dans le domaine des technologies de champ de bataille\u00a0\u00bb, a indiqu\u00e9 M. Chmygal.<\/p>\n<p style=\"text-align: justify;\">Comme l&rsquo;a expliqu\u00e9 le ministre, ce document d\u00e9finit l&rsquo;intention des parties de d\u00e9velopper ensemble des technologies de d\u00e9fense.<\/p>\n<p style=\"text-align: justify;\">M. Chmygal souligne que l&rsquo;objectif du programme LYRA est de renforcer les capacit\u00e9s de d\u00e9fense des deux pays en combinant les potentiels industriels et scientifiques de d\u00e9fense ukrainiens et britanniques, ce qui permettra le d\u00e9veloppement, la modernisation et l&rsquo;intensification communes de la production des syst\u00e8mes d&rsquo;armes n\u00e9cessaires.<\/p>\n<p style=\"text-align: justify;\">Un accord de projet a \u00e9t\u00e9 sign\u00e9 avec le Royaume-Uni pour la production commune d&rsquo;artillerie.<\/p>\n<p style=\"text-align: justify;\">M. Chmygal a remerci\u00e9 le Royaume-Uni pour ses contributions significatives aux capacit\u00e9s de d\u00e9fense et a soulign\u00e9\u00a0: \u00ab\u00a0Nous renfor\u00e7ons ensemble la s\u00e9curit\u00e9 de toute l&rsquo;Europe \u00bb.<\/p>\n<p style=\"text-align: justify;\">Pour rappel, la soci\u00e9t\u00e9 anonyme l`Industrie de d\u00e9fense ukrainienne\u00a0a conclu plusieurs accords avec des partenaires internationaux lors du forum DFNC3, notamment avec le fabricant espagnol de modules de combat Escribano.<\/p>\n","protected":false},"excerpt":{"rendered":"Lors du Forum international des industries de d\u00e9fense (DFNC3) l&rsquo;Ukraine et le Royaume-Uni ont convenu de cr\u00e9er un&hellip;\n","protected":false},"author":2,"featured_media":457996,"comment_status":"","ping_status":"","sticky":false,"template":"","format":"standard","meta":{"footnotes":""},"categories":[1588],"tags":[11,1777,674,12,473,1853,1851,1850,1852],"class_list":{"0":"post-457995","1":"post","2":"type-post","3":"status-publish","4":"format-standard","5":"has-post-thumbnail","7":"category-royaume-uni","8":"tag-actualites","9":"tag-eu","10":"tag-europe","11":"tag-news","12":"tag-royaume-uni","13":"tag-royaume-uni-de-grande-bretagne-et-dirlande-du-nord","14":"tag-uk","15":"tag-united-kingdom","16":"tag-united-kingdom-of-great-britain-and-northern-ireland"},"share_on_mastodon":{"url":"https:\/\/pubeurope.com\/@fr\/115362536154926638","error":""},"_links":{"self":[{"href":"https:\/\/www.europesays.com\/fr\/wp-json\/wp\/v2\/posts\/457995","targetHints":{"allow":["GET"]}}],"collection":[{"href":"https:\/\/www.europesays.com\/fr\/wp-json\/wp\/v2\/posts"}],"about":[{"href":"https:\/\/www.europesays.com\/fr\/wp-json\/wp\/v2\/types\/post"}],"author":[{"embeddable":true,"href":"https:\/\/www.europesays.com\/fr\/wp-json\/wp\/v2\/users\/2"}],"replies":[{"embeddable":true,"href":"https:\/\/www.europesays.com\/fr\/wp-json\/wp\/v2\/comments?post=457995"}],"version-history":[{"count":0,"href":"https:\/\/www.europesays.com\/fr\/wp-json\/wp\/v2\/posts\/457995\/revisions"}],"wp:featuredmedia":[{"embeddable":true,"href":"https:\/\/www.europesays.com\/fr\/wp-json\/wp\/v2\/media\/457996"}],"wp:attachment":[{"href":"https:\/\/www.europesays.com\/fr\/wp-json\/wp\/v2\/media?parent=457995"}],"wp:term":[{"taxonomy":"category","embeddable":true,"href":"https:\/\/www.europesays.com\/fr\/wp-json\/wp\/v2\/categories?post=457995"},{"taxonomy":"post_tag","embeddable":true,"href":"https:\/\/www.europesays.com\/fr\/wp-json\/wp\/v2\/tags?post=457995"}],"curies":[{"name":"wp","href":"https:\/\/api.w.org\/{rel}","templated":true}]}}