{"id":458001,"date":"2025-10-12T18:11:27","date_gmt":"2025-10-12T18:11:27","guid":{"rendered":"https:\/\/www.europesays.com\/fr\/458001\/"},"modified":"2025-10-12T18:11:27","modified_gmt":"2025-10-12T18:11:27","slug":"la-commission-europeenne-propose-un-nouveau-report-dun-an","status":"publish","type":"post","link":"https:\/\/www.europesays.com\/fr\/458001\/","title":{"rendered":"la Commission europ\u00e9enne propose un nouveau report d\u2019un an"},"content":{"rendered":"<p>                          <img loading=\"lazy\" decoding=\"async\" src=\"https:\/\/www.europesays.com\/fr\/wp-content\/uploads\/2025\/10\/3a30150_20529-1k3ocoi.jpg\" alt=\"La for\u00eat de Bogor, dans la province de Java-Ouest, en Indon\u00e9sie. Le pays est souvent critiqu\u00e9 en raison de la d\u00e9forestation galopante due aux industries de l\u2019huile de palme, de l\u2019exploitation mini\u00e8re et du papier. \"   width=\"664\" height=\"443\"\/>    La for\u00eat de Bogor, dans la province de Java-Ouest, en Indon\u00e9sie. Le pays est souvent critiqu\u00e9 en raison de la d\u00e9forestation galopante due aux industries de l\u2019huile de palme, de l\u2019exploitation mini\u00e8re et du papier.  ROMEO GACAD \/ AFP                        <\/p>\n<p class=\"article__paragraph  \">La Commission europ\u00e9enne a propos\u00e9 mardi 23\u00a0septembre un nouveau report d\u2019un an, de fin 2025 \u00e0 fin 2026, de la loi antid\u00e9forestation, critiqu\u00e9e par une s\u00e9rie de pays, dont les Etats-Unis, le Br\u00e9sil et l\u2019Indon\u00e9sie.<\/p>\n<p>                                          Lire aussi |  <a href=\"https:\/\/www.lemonde.fr\/planete\/article\/2025\/05\/26\/loi-contre-la-deforestation-onze-pays-de-l-union-europeenne-jugent-ses-exigences-disproportionnees_6608615_3244.html\" class=\"js-article-read-also catcher--favoris__link\" data-premium=\"\" id=\"article-title-3424189\" rel=\"nofollow noopener\" target=\"_blank\">Loi contre la d\u00e9forestation\u00a0: onze pays de\u00a0l\u2019Union europ\u00e9enne jugent ses exigences \u00ab\u00a0disproportionn\u00e9es\u00a0\u00bb<\/a>    <\/p>\n<p>   Lire plus tard  <\/p>\n<p class=\"article__paragraph  \">La commissaire europ\u00e9enne charg\u00e9e de l\u2019environnement, Jessika Roswall, a expliqu\u00e9 devant la presse que l\u2019Union europ\u00e9enne (UE) avait besoin de temps pour que la loi soit op\u00e9rationnelle, en particulier le \u00ab\u00a0syst\u00e8me informatique\u00a0\u00bb de surveillance des for\u00eats.<\/p>\n<p class=\"article__paragraph  \">En\u00a02024, l\u2019UE avait d\u00e9j\u00e0 report\u00e9 d\u2019un an l\u2019entr\u00e9e en vigueur de cette loi qui vise \u00e0 interdire la commercialisation en Europe de produits comme l\u2019huile de palme, le cacao, le caf\u00e9, le soja et le bois notamment, provenant de terres d\u00e9bois\u00e9es apr\u00e8s d\u00e9cembre\u00a02020.<\/p>\n<p class=\"article__paragraph  \">Les organisations environnementales avaient alors fustig\u00e9 un \u00ab\u00a0grave retard\u00a0\u00bb dans l\u2019application de la loi, un \u00ab\u00a0coup de tron\u00e7onneuse\u00a0\u00bb dans les for\u00eats. L\u2019annonce de la Commission suit de quelques heures la conclusion d\u2019un accord de libre-\u00e9change avec l\u2019Indon\u00e9sie, tr\u00e8s critique envers cette l\u00e9gislation europ\u00e9enne.<\/p>\n<p>                                     Lire aussi |  <a href=\"https:\/\/www.lemonde.fr\/economie\/article\/2025\/09\/23\/apres-de-longues-negociations-l-indonesie-et-l-ue-concluent-un-accord-de-libre-echange_6642583_3234.html\" class=\"js-article-read-also catcher--favoris__link\" data-premium=\"\" id=\"article-title-3439176\" rel=\"nofollow noopener\" target=\"_blank\">L\u2019Indon\u00e9sie et l\u2019UE concluent un accord de libre-\u00e9change apr\u00e8s de longues n\u00e9gociations<\/a>    <\/p>\n<p>   Lire plus tard  <\/p>\n<p class=\"article__paragraph  \">Cette loi \u00e9tait \u00e9galement d\u00e9nonc\u00e9e par les Etats-Unis, qui ont scell\u00e9 un accord commercial avec l\u2019UE fin juillet. Plusieurs pays europ\u00e9ens poussaient en outre pour r\u00e9viser ce texte ou reporter son entr\u00e9e en vigueur, dont l\u2019Italie et l\u2019Autriche, critiquant les \u00ab\u00a0exigences impos\u00e9es aux agriculteurs et sylviculteurs \u00e9lev\u00e9es voire impossibles \u00e0 mettre en \u0153uvre\u00a0\u00bb.<\/p>\n<p class=\"article__paragraph  \">Avec cette loi, les entreprises importatrices devront prouver que les produits ne proviennent pas de terres d\u00e9bois\u00e9es r\u00e9cemment, gr\u00e2ce \u00e0 des donn\u00e9es de g\u00e9olocalisation fournies par les agriculteurs, associ\u00e9es \u00e0 des photos satellitaires.<\/p>\n<p class=\"article__paragraph  \">Mais cette nouvelle r\u00e9glementation a provoqu\u00e9 une lev\u00e9e de boucliers des milieux d\u2019affaires de l\u2019agrobusiness et de nombreux Etats africains, asiatiques et am\u00e9ricains, inquiets des co\u00fbts suppl\u00e9mentaires engendr\u00e9s pour les agriculteurs, \u00e9leveurs et exploitants forestiers.<\/p>\n<p>                                     Lire aussi le r\u00e9cit |  Article r\u00e9serv\u00e9 \u00e0 nos abonn\u00e9s  <a href=\"https:\/\/www.lemonde.fr\/planete\/article\/2025\/03\/14\/ecologie-l-heure-du-grand-renoncement_6580637_3244.html\" class=\"js-article-read-also catcher--favoris__link\" data-premium=\"1\" id=\"article-title-3413705\" rel=\"nofollow noopener\" target=\"_blank\">Sur l\u2019\u00e9cologie, un grand renoncement \u00e0 l\u2019\u0153uvre en France et dans le monde<\/a>    <\/p>\n<p>   Lire plus tard  <\/p>\n<p class=\"author__detail\">  Le Monde avec AFP  <\/p>\n<p>                  <a href=\"https:\/\/www.lemonde.fr\/syndication\/\" class=\"reuse__content\" title=\"R\u00e9utiliser ce contenu\" target=\"_blank\" rel=\"nofollow noopener\">R\u00e9utiliser ce contenu<\/a>      <\/p>\n","protected":false},"excerpt":{"rendered":"La for\u00eat de Bogor, dans la province de Java-Ouest, en Indon\u00e9sie. Le pays est souvent critiqu\u00e9 en raison&hellip;\n","protected":false},"author":2,"featured_media":458002,"comment_status":"","ping_status":"","sticky":false,"template":"","format":"standard","meta":{"footnotes":""},"categories":[1586],"tags":[11,1777,674,1779,1011,27,12,25,1778,364],"class_list":{"0":"post-458001","1":"post","2":"type-post","3":"status-publish","4":"format-standard","5":"has-post-thumbnail","7":"category-europe","8":"tag-actualites","9":"tag-eu","10":"tag-europe","11":"tag-european-union","12":"tag-fr","13":"tag-france","14":"tag-news","15":"tag-republique-francaise","16":"tag-ue","17":"tag-union-europeenne"},"share_on_mastodon":{"url":"https:\/\/pubeurope.com\/@fr\/115362548465749347","error":""},"_links":{"self":[{"href":"https:\/\/www.europesays.com\/fr\/wp-json\/wp\/v2\/posts\/458001","targetHints":{"allow":["GET"]}}],"collection":[{"href":"https:\/\/www.europesays.com\/fr\/wp-json\/wp\/v2\/posts"}],"about":[{"href":"https:\/\/www.europesays.com\/fr\/wp-json\/wp\/v2\/types\/post"}],"author":[{"embeddable":true,"href":"https:\/\/www.europesays.com\/fr\/wp-json\/wp\/v2\/users\/2"}],"replies":[{"embeddable":true,"href":"https:\/\/www.europesays.com\/fr\/wp-json\/wp\/v2\/comments?post=458001"}],"version-history":[{"count":0,"href":"https:\/\/www.europesays.com\/fr\/wp-json\/wp\/v2\/posts\/458001\/revisions"}],"wp:featuredmedia":[{"embeddable":true,"href":"https:\/\/www.europesays.com\/fr\/wp-json\/wp\/v2\/media\/458002"}],"wp:attachment":[{"href":"https:\/\/www.europesays.com\/fr\/wp-json\/wp\/v2\/media?parent=458001"}],"wp:term":[{"taxonomy":"category","embeddable":true,"href":"https:\/\/www.europesays.com\/fr\/wp-json\/wp\/v2\/categories?post=458001"},{"taxonomy":"post_tag","embeddable":true,"href":"https:\/\/www.europesays.com\/fr\/wp-json\/wp\/v2\/tags?post=458001"}],"curies":[{"name":"wp","href":"https:\/\/api.w.org\/{rel}","templated":true}]}}