{"id":458007,"date":"2025-10-12T18:14:23","date_gmt":"2025-10-12T18:14:23","guid":{"rendered":"https:\/\/www.europesays.com\/fr\/458007\/"},"modified":"2025-10-12T18:14:23","modified_gmt":"2025-10-12T18:14:23","slug":"si-vous-habitez-en-ile-de-france-vous-recevrez-peut-etre-une-alerte-de-securite-cette-semaine","status":"publish","type":"post","link":"https:\/\/www.europesays.com\/fr\/458007\/","title":{"rendered":"Si vous habitez en \u00cele-de-France, vous recevrez peut-\u00eatre une alerte de s\u00e9curit\u00e9 cette semaine"},"content":{"rendered":"<p>Franciliens, votre t\u00e9l\u00e9phone sonnera peut-\u00eatre cette semaine. Mais pas de panique\u00a0: il ne s\u2019agit que d\u2019un exercice pour tester le dispositif FR-Alert, qui envoie une <a href=\"https:\/\/www.20minutes.fr\/dossier\/notifications\" target=\"_blank\" class=\"c-link c-link--is-underlined\" rel=\"noopener\">notification<\/a> au bruit tr\u00e8s d\u00e9sagr\u00e9able accompagn\u00e9e d\u2019un message afin \u00ab\u00a0d\u2019alerter l\u2019ensemble des personnes se situant dans un secteur d\u00e9termin\u00e9 et diffuser les consignes comportementales adapt\u00e9es\u00a0\u00bb, indique la pr\u00e9fecture de Police <a href=\"https:\/\/www.prefecturedepolice.interieur.gouv.fr\/sites\/default\/files\/Documents\/a_r_cp_pp_10102025_test_dispositif_fr_alert_hydros_2025.pdf\" target=\"_blank\" class=\"c-link c-link--is-underlined\" rel=\"noopener\">dans un communiqu\u00e9<\/a>.<\/p>\n<\/p>\n<p>Ce test est r\u00e9alis\u00e9 dans le cadre de l\u2019exercice <a href=\"https:\/\/www.20minutes.fr\/dossier\/crue\" target=\"_blank\" class=\"c-link c-link--is-underlined\" rel=\"noopener\">crue inondation<\/a> Hydros 25. Il \u00ab\u00a0simulera une crue importante de la <a href=\"https:\/\/www.20minutes.fr\/dossier\/seine\" target=\"_blank\" class=\"c-link c-link--is-underlined\" rel=\"noopener\">Seine<\/a> en <a href=\"https:\/\/www.20minutes.fr\/dossier\/ile-de-france\" target=\"_blank\" class=\"c-link c-link--is-underlined\" rel=\"noopener\">\u00cele-de-France<\/a>\u00a0\u00bb du 13 au 17\u00a0octobre, indique la pr\u00e9fecture. La mention \u00ab\u00a0exercice\u00a0\u00bb sera pr\u00e9cis\u00e9e d\u00e8s le d\u00e9but du message, qui pr\u00e9cisera que \u00ab\u00a0cette notification ne n\u00e9cessite pas d\u2019action de votre part\u00a0\u00bb.<\/p>\n<p>Cinq d\u00e9partements cibl\u00e9s<\/p>\n<p>Cinq d\u00e9partements sont concern\u00e9s par le test\u00a0: la <a href=\"https:\/\/www.20minutes.fr\/societe\/seine-et-marne\/\" target=\"_blank\" class=\"c-link c-link--is-underlined\" rel=\"noopener\">Seine-et-Marne<\/a>, l\u2019<a href=\"https:\/\/www.20minutes.fr\/societe\/essonne\/\" target=\"_blank\" class=\"c-link c-link--is-underlined\" rel=\"noopener\">Essonne<\/a>, la <a href=\"https:\/\/www.20minutes.fr\/societe\/seine-saint-denis\/\" target=\"_blank\" class=\"c-link c-link--is-underlined\" rel=\"noopener\">Seine-Saint-Denis<\/a>, le <a href=\"https:\/\/www.20minutes.fr\/societe\/val-de-marne\/\" target=\"_blank\" class=\"c-link c-link--is-underlined\" rel=\"noopener\">Val-de-Marne<\/a> et <a href=\"https:\/\/www.20minutes.fr\/paris\/\" target=\"_blank\" class=\"c-link c-link--is-underlined\" rel=\"noopener\">Paris<\/a>. Seules certaines zones ou communes, dont la liste est disponible dans le communiqu\u00e9 de la pr\u00e9fecture de Police, seront couvertes par le dispositif, qui ne sera pas d\u00e9clench\u00e9 partout le m\u00eame jour ni \u00e0 la m\u00eame heure.<\/p>\n<p>Aucune installation pr\u00e9alable n\u2019est n\u00e9cessaire pour recevoir le signal sonore, pr\u00e9cise la pr\u00e9fecture, qui indique que les personnes recevant l\u2019alerte pourront \u00ab\u00a0r\u00e9pondre au questionnaire dont le lien figurera dans le message, destin\u00e9 \u00e0 recueillir votre retour d\u2019exp\u00e9rience pour l\u2019am\u00e9lioration du dispositif\u00a0\u00bb.<\/p>\n","protected":false},"excerpt":{"rendered":"Franciliens, votre t\u00e9l\u00e9phone sonnera peut-\u00eatre cette semaine. Mais pas de panique\u00a0: il ne s\u2019agit que d\u2019un exercice pour&hellip;\n","protected":false},"author":2,"featured_media":458008,"comment_status":"","ping_status":"","sticky":false,"template":"","format":"standard","meta":{"footnotes":""},"categories":[4],"tags":[11,898,1936,1011,27,662,12,58304,626,1306,25,13527,1937,1945,319,1125],"class_list":{"0":"post-458007","1":"post","2":"type-post","3":"status-publish","4":"format-standard","5":"has-post-thumbnail","7":"category-france","8":"tag-actualites","9":"tag-alerte","10":"tag-essonne","11":"tag-fr","12":"tag-france","13":"tag-ile-de-france","14":"tag-news","15":"tag-notifications","16":"tag-paris","17":"tag-regions","18":"tag-republique-francaise","19":"tag-seine","20":"tag-seine-et-marne","21":"tag-seine-saint-denis","22":"tag-telephone","23":"tag-val-de-marne"},"share_on_mastodon":{"url":"https:\/\/pubeurope.com\/@fr\/115362559740670808","error":""},"_links":{"self":[{"href":"https:\/\/www.europesays.com\/fr\/wp-json\/wp\/v2\/posts\/458007","targetHints":{"allow":["GET"]}}],"collection":[{"href":"https:\/\/www.europesays.com\/fr\/wp-json\/wp\/v2\/posts"}],"about":[{"href":"https:\/\/www.europesays.com\/fr\/wp-json\/wp\/v2\/types\/post"}],"author":[{"embeddable":true,"href":"https:\/\/www.europesays.com\/fr\/wp-json\/wp\/v2\/users\/2"}],"replies":[{"embeddable":true,"href":"https:\/\/www.europesays.com\/fr\/wp-json\/wp\/v2\/comments?post=458007"}],"version-history":[{"count":0,"href":"https:\/\/www.europesays.com\/fr\/wp-json\/wp\/v2\/posts\/458007\/revisions"}],"wp:featuredmedia":[{"embeddable":true,"href":"https:\/\/www.europesays.com\/fr\/wp-json\/wp\/v2\/media\/458008"}],"wp:attachment":[{"href":"https:\/\/www.europesays.com\/fr\/wp-json\/wp\/v2\/media?parent=458007"}],"wp:term":[{"taxonomy":"category","embeddable":true,"href":"https:\/\/www.europesays.com\/fr\/wp-json\/wp\/v2\/categories?post=458007"},{"taxonomy":"post_tag","embeddable":true,"href":"https:\/\/www.europesays.com\/fr\/wp-json\/wp\/v2\/tags?post=458007"}],"curies":[{"name":"wp","href":"https:\/\/api.w.org\/{rel}","templated":true}]}}